{"id":21925,"date":"2026-01-26T15:12:57","date_gmt":"2026-01-26T14:12:57","guid":{"rendered":"https:\/\/www.salon-medecinedouce.com\/paris\/?p=21925"},"modified":"2026-01-26T15:12:57","modified_gmt":"2026-01-26T14:12:57","slug":"pure-sante-editions","status":"publish","type":"post","link":"https:\/\/www.salon-medecinedouce.com\/paris\/blog\/2026\/01\/26\/pure-sante-editions\/","title":{"rendered":"Pure Sant\u00e9 \u00c9ditions"},"content":{"rendered":"<h2>Pr\u00e9sentez-vous en quelques mots<\/h2>\n<p><img fetchpriority=\"high\" decoding=\"async\" class=\"alignnone wp-image-21926 size-full\" src=\"https:\/\/www.salon-medecinedouce.com\/paris\/wp-content\/uploads\/sites\/14\/2026\/01\/pure-sante.png\" alt=\"\" width=\"1059\" height=\"274\" srcset=\"https:\/\/www.salon-medecinedouce.com\/paris\/wp-content\/uploads\/sites\/14\/2026\/01\/pure-sante.png 1059w, https:\/\/www.salon-medecinedouce.com\/paris\/wp-content\/uploads\/sites\/14\/2026\/01\/pure-sante-300x78.png 300w, https:\/\/www.salon-medecinedouce.com\/paris\/wp-content\/uploads\/sites\/14\/2026\/01\/pure-sante-1024x265.png 1024w, https:\/\/www.salon-medecinedouce.com\/paris\/wp-content\/uploads\/sites\/14\/2026\/01\/pure-sante-768x199.png 768w, https:\/\/www.salon-medecinedouce.com\/paris\/wp-content\/uploads\/sites\/14\/2026\/01\/pure-sante-150x39.png 150w, https:\/\/www.salon-medecinedouce.com\/paris\/wp-content\/uploads\/sites\/14\/2026\/01\/pure-sante-500x129.png 500w\" sizes=\"(max-width: 1059px) 100vw, 1059px\" \/><\/p>\n<p>PureSant\u00e9 \u00c9ditions est une maison d\u2019\u00e9dition ind\u00e9pendante d\u00e9di\u00e9e \u00e0 la sant\u00e9 naturelle. Nous publions plusieurs revues mensuelles sp\u00e9cialis\u00e9es, des livres et des programmes vid\u00e9o.<br \/>\nNotre \u00e9quipe \u00e9ditoriale et nos experts avons pour mission d\u2019aider chacun \u00e0 mieux comprendre son corps et \u00e0 renforcer sa vitalit\u00e9 pour devenir acteur de sa sant\u00e9. Notre ligne \u00e9ditoriale relie rigueur scientifique, approches holistiques et traditionnelles.<br \/>\nParmi nos experts phares : Patrick Drouot, Jean-Jacques Charbonnier, Dr Philippe David, Jade All\u00e8gre, Pr Philippe Humbert, Dr Nys, Dr Denys Coester, Dr Franck Gigon et bien d\u2019autres !<\/p>\n<h2>Que proposez-vous ?<\/h2>\n<p>Nous pr\u00e9sentons nos 4 revues (R\u00e9volution sant\u00e9 &amp; bien-\u00eatre, Solutions Naturopathie, La revue de l\u2019Herboriste et Initium), mais \u00e9galement notre collection de livres ainsi que nos programmes de formation ax\u00e9s sur la compr\u00e9hension du corps et la sant\u00e9 naturelle.<br \/>\nLe public pourra d\u00e9couvrir nos contenus exclusifs, b\u00e9n\u00e9ficier de conseils d\u2019orientation personnalis\u00e9s (sans consultation) et profiter d\u2019offres sp\u00e9ciales sur place.<br \/>\nNous souhaitons offrir un espace o\u00f9 l\u2019on peut \u00e9changer, poser des questions et repartir avec des outils concrets pour mieux prendre soin de soi.<br \/>\nDes s\u00e9ances d\u00e9dicaces sont pr\u00e9vues avec nos plus grands experts !<\/p>\n<h2>Parlez-nous de votre relation avec le salon<\/h2>\n<p>Ce salon correspond parfaitement \u00e0 nos valeurs : promouvoir une sant\u00e9 plus consciente, fond\u00e9e sur la pr\u00e9vention, la compr\u00e9hension et l\u2019autonomie.<br \/>\nC\u2019est un lieu de rencontre privil\u00e9gi\u00e9 avec un public curieux, engag\u00e9, et en recherche de solutions naturelles fiables.<br \/>\nParticiper au salon nous permet de partager notre passion, pr\u00e9senter notre travail \u00e9ditorial, d\u2019\u00e9changer directement avec nos lecteurs et de cr\u00e9er un lien plus fort avec une communaut\u00e9 d\u00e9j\u00e0 tr\u00e8s sensible \u00e0 ces approches.<\/p>\n<h2>Une citation qui vous inspire, une pens\u00e9e positive \u00e0 partager ?<\/h2>\n<p>Le bien-\u00eatre va bien au-del\u00e0 d\u2019un \u00e9tat de relaxation ou de s\u00e9r\u00e9nit\u00e9. Dans bien-\u00eatre, il y a \u00ab \u00catre \u00bb, on parle donc d\u2019alignement. \u00catre align\u00e9 c\u2019est exprimer cette capacit\u00e9 du corps et de l\u2019esprit \u00e0 rester en \u00e9quilibre sur tous les plans : physique, \u00e9nerg\u00e9tique, psycho-\u00e9motionnel, spirituel et environnemental.<br \/>\nRester align\u00e9 ou retrouver l\u2019\u00e9quilibre passe par une meilleure connaissance de son fonctionnement, ce qui nous permet de faire les bons choix pour retrouver naturellement plus de fluidit\u00e9, d\u2019\u00e9nergie et de vitalit\u00e9 \u00e0 tous les niveaux.<\/p>\n<p>&nbsp;<\/p>\n<p><a href=\"https:\/\/www.salon-medecinedouce.com\/paris\/visiteurs\/liste-des-exposants\/\" target=\"_blank\" rel=\"noopener\"><em>Consultez la liste des exposants<\/em><\/a><\/p>\n<div class=\"salon-pubs-hp-bas-de-page salon-entity-placement\" id=\"salon-3913152103\"><div id=\"salon-1248262201\"><a data-no-instant=\"1\" href=\"https:\/\/www.adntv.fr\/home?request_origin=tv_app\" rel=\"noopener\" class=\"a2t-link\" target=\"_blank\"><p><a href=\"https:\/\/www.salondesseniors.com\/\"><img decoding=\"async\" class=\"wp-image-22417 aligncenter\" src=\"https:\/\/www.salon-medecinedouce.com\/paris\/wp-content\/uploads\/sites\/14\/2026\/02\/Banniere-728x90-1-300x37.png\" alt=\"\" width=\"754\" height=\"93\" srcset=\"https:\/\/www.salon-medecinedouce.com\/paris\/wp-content\/uploads\/sites\/14\/2026\/02\/Banniere-728x90-1-300x37.png 300w, https:\/\/www.salon-medecinedouce.com\/paris\/wp-content\/uploads\/sites\/14\/2026\/02\/Banniere-728x90-1-1024x127.png 1024w, https:\/\/www.salon-medecinedouce.com\/paris\/wp-content\/uploads\/sites\/14\/2026\/02\/Banniere-728x90-1-768x95.png 768w, https:\/\/www.salon-medecinedouce.com\/paris\/wp-content\/uploads\/sites\/14\/2026\/02\/Banniere-728x90-1-1536x190.png 1536w, https:\/\/www.salon-medecinedouce.com\/paris\/wp-content\/uploads\/sites\/14\/2026\/02\/Banniere-728x90-1-2048x253.png 2048w, https:\/\/www.salon-medecinedouce.com\/paris\/wp-content\/uploads\/sites\/14\/2026\/02\/Banniere-728x90-1-150x19.png 150w, https:\/\/www.salon-medecinedouce.com\/paris\/wp-content\/uploads\/sites\/14\/2026\/02\/Banniere-728x90-1-500x62.png 500w\" sizes=\"(max-width: 754px) 100vw, 754px\" \/><\/a><\/p>\n<\/a><\/div><\/div>","protected":false},"excerpt":{"rendered":"<p>Pr\u00e9sentez-vous en quelques mots PureSant\u00e9 \u00c9ditions est une maison d\u2019\u00e9dition ind\u00e9pendante d\u00e9di\u00e9e \u00e0 la sant\u00e9 naturelle. Nous publions plusieurs revues mensuelles sp\u00e9cialis\u00e9es, des livres et des programmes vid\u00e9o. Notre \u00e9quipe \u00e9ditoriale et nos experts avons pour mission d\u2019aider chacun \u00e0 mieux comprendre son corps et \u00e0 renforcer sa vitalit\u00e9 pour devenir acteur de sa sant\u00e9.&hellip; <\/p>\n","protected":false},"author":9,"featured_media":21926,"comment_status":"closed","ping_status":"closed","sticky":false,"template":"","format":"standard","meta":{"_monsterinsights_skip_tracking":false,"_monsterinsights_sitenote_active":false,"_monsterinsights_sitenote_note":"","_monsterinsights_sitenote_category":0,"footnotes":""},"categories":[992],"tags":[],"class_list":["post-21925","post","type-post","status-publish","format-standard","has-post-thumbnail","hentry","category-portraits-exposants"],"yoast_head":"<!-- This site is optimized with the Yoast SEO plugin v27.3 - https:\/\/yoast.com\/product\/yoast-seo-wordpress\/ -->\n<title>Pure Sant\u00e9 \u00c9ditions - Bien-\u00eatre Paris<\/title>\n<meta name=\"description\" content=\"Venez d\u00e9couvrir ou red\u00e9couvrir PureSant\u00e9 \u00c9ditions lors du salon Bien-\u00catre M\u00e9decine Douce Paris du 29 janvier au 2 f\u00e9vrier 2026 !\" \/>\n<meta name=\"robots\" content=\"index, follow, max-snippet:-1, max-image-preview:large, max-video-preview:-1\" \/>\n<link rel=\"canonical\" href=\"https:\/\/www.salon-medecinedouce.com\/paris\/blog\/2026\/01\/26\/pure-sante-editions\/\" \/>\n<meta property=\"og:locale\" content=\"fr_FR\" \/>\n<meta property=\"og:type\" content=\"article\" \/>\n<meta property=\"og:title\" content=\"Pure Sant\u00e9 \u00c9ditions - Bien-\u00eatre Paris\" \/>\n<meta property=\"og:description\" content=\"Venez d\u00e9couvrir ou red\u00e9couvrir PureSant\u00e9 \u00c9ditions lors du salon Bien-\u00catre M\u00e9decine Douce Paris du 29 janvier au 2 f\u00e9vrier 2026 !\" \/>\n<meta property=\"og:url\" content=\"https:\/\/www.salon-medecinedouce.com\/paris\/blog\/2026\/01\/26\/pure-sante-editions\/\" \/>\n<meta property=\"og:site_name\" content=\"Bien-\u00eatre Paris\" \/>\n<meta property=\"article:published_time\" content=\"2026-01-26T14:12:57+00:00\" \/>\n<meta property=\"og:image\" content=\"https:\/\/www.salon-medecinedouce.com\/paris\/wp-content\/uploads\/sites\/14\/2026\/01\/pure-sante.png\" \/>\n\t<meta property=\"og:image:width\" content=\"1059\" \/>\n\t<meta property=\"og:image:height\" content=\"274\" \/>\n\t<meta property=\"og:image:type\" content=\"image\/png\" \/>\n<meta name=\"author\" content=\"sophie\" \/>\n<meta name=\"twitter:card\" content=\"summary_large_image\" \/>\n<meta name=\"twitter:label1\" content=\"\u00c9crit par\" \/>\n\t<meta name=\"twitter:data1\" content=\"sophie\" \/>\n\t<meta name=\"twitter:label2\" content=\"Dur\u00e9e de lecture estim\u00e9e\" \/>\n\t<meta name=\"twitter:data2\" content=\"3 minutes\" \/>\n<script type=\"application\/ld+json\" class=\"yoast-schema-graph\">{\"@context\":\"https:\\\/\\\/schema.org\",\"@graph\":[{\"@type\":\"Article\",\"@id\":\"https:\\\/\\\/www.salon-medecinedouce.com\\\/paris\\\/blog\\\/2026\\\/01\\\/26\\\/pure-sante-editions\\\/#article\",\"isPartOf\":{\"@id\":\"https:\\\/\\\/www.salon-medecinedouce.com\\\/paris\\\/blog\\\/2026\\\/01\\\/26\\\/pure-sante-editions\\\/\"},\"author\":{\"name\":\"sophie\",\"@id\":\"https:\\\/\\\/www.salon-medecinedouce.com\\\/paris\\\/#\\\/schema\\\/person\\\/28d922c00d956c64b467cac4e4d1827e\"},\"headline\":\"Pure Sant\u00e9 \u00c9ditions\",\"datePublished\":\"2026-01-26T14:12:57+00:00\",\"mainEntityOfPage\":{\"@id\":\"https:\\\/\\\/www.salon-medecinedouce.com\\\/paris\\\/blog\\\/2026\\\/01\\\/26\\\/pure-sante-editions\\\/\"},\"wordCount\":411,\"publisher\":{\"@id\":\"https:\\\/\\\/www.salon-medecinedouce.com\\\/paris\\\/#organization\"},\"image\":{\"@id\":\"https:\\\/\\\/www.salon-medecinedouce.com\\\/paris\\\/blog\\\/2026\\\/01\\\/26\\\/pure-sante-editions\\\/#primaryimage\"},\"thumbnailUrl\":\"https:\\\/\\\/www.salon-medecinedouce.com\\\/paris\\\/wp-content\\\/uploads\\\/sites\\\/14\\\/2026\\\/01\\\/pure-sante.png\",\"articleSection\":[\"Portraits exposants\"],\"inLanguage\":\"fr-FR\"},{\"@type\":\"WebPage\",\"@id\":\"https:\\\/\\\/www.salon-medecinedouce.com\\\/paris\\\/blog\\\/2026\\\/01\\\/26\\\/pure-sante-editions\\\/\",\"url\":\"https:\\\/\\\/www.salon-medecinedouce.com\\\/paris\\\/blog\\\/2026\\\/01\\\/26\\\/pure-sante-editions\\\/\",\"name\":\"Pure Sant\u00e9 \u00c9ditions - Bien-\u00eatre Paris\",\"isPartOf\":{\"@id\":\"https:\\\/\\\/www.salon-medecinedouce.com\\\/paris\\\/#website\"},\"primaryImageOfPage\":{\"@id\":\"https:\\\/\\\/www.salon-medecinedouce.com\\\/paris\\\/blog\\\/2026\\\/01\\\/26\\\/pure-sante-editions\\\/#primaryimage\"},\"image\":{\"@id\":\"https:\\\/\\\/www.salon-medecinedouce.com\\\/paris\\\/blog\\\/2026\\\/01\\\/26\\\/pure-sante-editions\\\/#primaryimage\"},\"thumbnailUrl\":\"https:\\\/\\\/www.salon-medecinedouce.com\\\/paris\\\/wp-content\\\/uploads\\\/sites\\\/14\\\/2026\\\/01\\\/pure-sante.png\",\"datePublished\":\"2026-01-26T14:12:57+00:00\",\"description\":\"Venez d\u00e9couvrir ou red\u00e9couvrir PureSant\u00e9 \u00c9ditions lors du salon Bien-\u00catre M\u00e9decine Douce Paris du 29 janvier au 2 f\u00e9vrier 2026 !\",\"breadcrumb\":{\"@id\":\"https:\\\/\\\/www.salon-medecinedouce.com\\\/paris\\\/blog\\\/2026\\\/01\\\/26\\\/pure-sante-editions\\\/#breadcrumb\"},\"inLanguage\":\"fr-FR\",\"potentialAction\":[{\"@type\":\"ReadAction\",\"target\":[\"https:\\\/\\\/www.salon-medecinedouce.com\\\/paris\\\/blog\\\/2026\\\/01\\\/26\\\/pure-sante-editions\\\/\"]}]},{\"@type\":\"ImageObject\",\"inLanguage\":\"fr-FR\",\"@id\":\"https:\\\/\\\/www.salon-medecinedouce.com\\\/paris\\\/blog\\\/2026\\\/01\\\/26\\\/pure-sante-editions\\\/#primaryimage\",\"url\":\"https:\\\/\\\/www.salon-medecinedouce.com\\\/paris\\\/wp-content\\\/uploads\\\/sites\\\/14\\\/2026\\\/01\\\/pure-sante.png\",\"contentUrl\":\"https:\\\/\\\/www.salon-medecinedouce.com\\\/paris\\\/wp-content\\\/uploads\\\/sites\\\/14\\\/2026\\\/01\\\/pure-sante.png\",\"width\":1059,\"height\":274},{\"@type\":\"BreadcrumbList\",\"@id\":\"https:\\\/\\\/www.salon-medecinedouce.com\\\/paris\\\/blog\\\/2026\\\/01\\\/26\\\/pure-sante-editions\\\/#breadcrumb\",\"itemListElement\":[{\"@type\":\"ListItem\",\"position\":1,\"name\":\"Accueil\",\"item\":\"https:\\\/\\\/www.salon-medecinedouce.com\\\/paris\\\/\"},{\"@type\":\"ListItem\",\"position\":2,\"name\":\"Pure Sant\u00e9 \u00c9ditions\"}]},{\"@type\":\"WebSite\",\"@id\":\"https:\\\/\\\/www.salon-medecinedouce.com\\\/paris\\\/#website\",\"url\":\"https:\\\/\\\/www.salon-medecinedouce.com\\\/paris\\\/\",\"name\":\"Bien-\u00eatre Paris\",\"description\":\"La sant\u00e9 au naturel : M\u00e9decines douces - Compl\u00e9ments alimentaires - Alimentation saine - Cosm\u00e9tiques naturelles - Art de vivre - Tourisme de sant\u00e9\",\"publisher\":{\"@id\":\"https:\\\/\\\/www.salon-medecinedouce.com\\\/paris\\\/#organization\"},\"potentialAction\":[{\"@type\":\"SearchAction\",\"target\":{\"@type\":\"EntryPoint\",\"urlTemplate\":\"https:\\\/\\\/www.salon-medecinedouce.com\\\/paris\\\/?s={search_term_string}\"},\"query-input\":{\"@type\":\"PropertyValueSpecification\",\"valueRequired\":true,\"valueName\":\"search_term_string\"}}],\"inLanguage\":\"fr-FR\"},{\"@type\":\"Organization\",\"@id\":\"https:\\\/\\\/www.salon-medecinedouce.com\\\/paris\\\/#organization\",\"name\":\"Bien-\u00eatre Paris\",\"url\":\"https:\\\/\\\/www.salon-medecinedouce.com\\\/paris\\\/\",\"logo\":{\"@type\":\"ImageObject\",\"inLanguage\":\"fr-FR\",\"@id\":\"https:\\\/\\\/www.salon-medecinedouce.com\\\/paris\\\/#\\\/schema\\\/logo\\\/image\\\/\",\"url\":\"https:\\\/\\\/www.salon-medecinedouce.com\\\/paris\\\/wp-content\\\/uploads\\\/sites\\\/14\\\/2024\\\/05\\\/cropped-logo-orange-bemd.png\",\"contentUrl\":\"https:\\\/\\\/www.salon-medecinedouce.com\\\/paris\\\/wp-content\\\/uploads\\\/sites\\\/14\\\/2024\\\/05\\\/cropped-logo-orange-bemd.png\",\"width\":591,\"height\":591,\"caption\":\"Bien-\u00eatre Paris\"},\"image\":{\"@id\":\"https:\\\/\\\/www.salon-medecinedouce.com\\\/paris\\\/#\\\/schema\\\/logo\\\/image\\\/\"}},{\"@type\":\"Person\",\"@id\":\"https:\\\/\\\/www.salon-medecinedouce.com\\\/paris\\\/#\\\/schema\\\/person\\\/28d922c00d956c64b467cac4e4d1827e\",\"name\":\"sophie\",\"image\":{\"@type\":\"ImageObject\",\"inLanguage\":\"fr-FR\",\"@id\":\"https:\\\/\\\/secure.gravatar.com\\\/avatar\\\/4677ff4549538e97f425c7bc936aba999c75cedabecf0eca514c7a2ca65dbecb?s=96&d=mm&r=g\",\"url\":\"https:\\\/\\\/secure.gravatar.com\\\/avatar\\\/4677ff4549538e97f425c7bc936aba999c75cedabecf0eca514c7a2ca65dbecb?s=96&d=mm&r=g\",\"contentUrl\":\"https:\\\/\\\/secure.gravatar.com\\\/avatar\\\/4677ff4549538e97f425c7bc936aba999c75cedabecf0eca514c7a2ca65dbecb?s=96&d=mm&r=g\",\"caption\":\"sophie\"},\"url\":\"https:\\\/\\\/www.salon-medecinedouce.com\\\/paris\\\/blog\\\/author\\\/sophie\\\/\"}]}<\/script>\n<!-- \/ Yoast SEO plugin. -->","yoast_head_json":{"title":"Pure Sant\u00e9 \u00c9ditions - Bien-\u00eatre Paris","description":"Venez d\u00e9couvrir ou red\u00e9couvrir PureSant\u00e9 \u00c9ditions lors du salon Bien-\u00catre M\u00e9decine Douce Paris du 29 janvier au 2 f\u00e9vrier 2026 !","robots":{"index":"index","follow":"follow","max-snippet":"max-snippet:-1","max-image-preview":"max-image-preview:large","max-video-preview":"max-video-preview:-1"},"canonical":"https:\/\/www.salon-medecinedouce.com\/paris\/blog\/2026\/01\/26\/pure-sante-editions\/","og_locale":"fr_FR","og_type":"article","og_title":"Pure Sant\u00e9 \u00c9ditions - Bien-\u00eatre Paris","og_description":"Venez d\u00e9couvrir ou red\u00e9couvrir PureSant\u00e9 \u00c9ditions lors du salon Bien-\u00catre M\u00e9decine Douce Paris du 29 janvier au 2 f\u00e9vrier 2026 !","og_url":"https:\/\/www.salon-medecinedouce.com\/paris\/blog\/2026\/01\/26\/pure-sante-editions\/","og_site_name":"Bien-\u00eatre Paris","article_published_time":"2026-01-26T14:12:57+00:00","og_image":[{"width":1059,"height":274,"url":"https:\/\/www.salon-medecinedouce.com\/paris\/wp-content\/uploads\/sites\/14\/2026\/01\/pure-sante.png","type":"image\/png"}],"author":"sophie","twitter_card":"summary_large_image","twitter_misc":{"\u00c9crit par":"sophie","Dur\u00e9e de lecture estim\u00e9e":"3 minutes"},"schema":{"@context":"https:\/\/schema.org","@graph":[{"@type":"Article","@id":"https:\/\/www.salon-medecinedouce.com\/paris\/blog\/2026\/01\/26\/pure-sante-editions\/#article","isPartOf":{"@id":"https:\/\/www.salon-medecinedouce.com\/paris\/blog\/2026\/01\/26\/pure-sante-editions\/"},"author":{"name":"sophie","@id":"https:\/\/www.salon-medecinedouce.com\/paris\/#\/schema\/person\/28d922c00d956c64b467cac4e4d1827e"},"headline":"Pure Sant\u00e9 \u00c9ditions","datePublished":"2026-01-26T14:12:57+00:00","mainEntityOfPage":{"@id":"https:\/\/www.salon-medecinedouce.com\/paris\/blog\/2026\/01\/26\/pure-sante-editions\/"},"wordCount":411,"publisher":{"@id":"https:\/\/www.salon-medecinedouce.com\/paris\/#organization"},"image":{"@id":"https:\/\/www.salon-medecinedouce.com\/paris\/blog\/2026\/01\/26\/pure-sante-editions\/#primaryimage"},"thumbnailUrl":"https:\/\/www.salon-medecinedouce.com\/paris\/wp-content\/uploads\/sites\/14\/2026\/01\/pure-sante.png","articleSection":["Portraits exposants"],"inLanguage":"fr-FR"},{"@type":"WebPage","@id":"https:\/\/www.salon-medecinedouce.com\/paris\/blog\/2026\/01\/26\/pure-sante-editions\/","url":"https:\/\/www.salon-medecinedouce.com\/paris\/blog\/2026\/01\/26\/pure-sante-editions\/","name":"Pure Sant\u00e9 \u00c9ditions - Bien-\u00eatre Paris","isPartOf":{"@id":"https:\/\/www.salon-medecinedouce.com\/paris\/#website"},"primaryImageOfPage":{"@id":"https:\/\/www.salon-medecinedouce.com\/paris\/blog\/2026\/01\/26\/pure-sante-editions\/#primaryimage"},"image":{"@id":"https:\/\/www.salon-medecinedouce.com\/paris\/blog\/2026\/01\/26\/pure-sante-editions\/#primaryimage"},"thumbnailUrl":"https:\/\/www.salon-medecinedouce.com\/paris\/wp-content\/uploads\/sites\/14\/2026\/01\/pure-sante.png","datePublished":"2026-01-26T14:12:57+00:00","description":"Venez d\u00e9couvrir ou red\u00e9couvrir PureSant\u00e9 \u00c9ditions lors du salon Bien-\u00catre M\u00e9decine Douce Paris du 29 janvier au 2 f\u00e9vrier 2026 !","breadcrumb":{"@id":"https:\/\/www.salon-medecinedouce.com\/paris\/blog\/2026\/01\/26\/pure-sante-editions\/#breadcrumb"},"inLanguage":"fr-FR","potentialAction":[{"@type":"ReadAction","target":["https:\/\/www.salon-medecinedouce.com\/paris\/blog\/2026\/01\/26\/pure-sante-editions\/"]}]},{"@type":"ImageObject","inLanguage":"fr-FR","@id":"https:\/\/www.salon-medecinedouce.com\/paris\/blog\/2026\/01\/26\/pure-sante-editions\/#primaryimage","url":"https:\/\/www.salon-medecinedouce.com\/paris\/wp-content\/uploads\/sites\/14\/2026\/01\/pure-sante.png","contentUrl":"https:\/\/www.salon-medecinedouce.com\/paris\/wp-content\/uploads\/sites\/14\/2026\/01\/pure-sante.png","width":1059,"height":274},{"@type":"BreadcrumbList","@id":"https:\/\/www.salon-medecinedouce.com\/paris\/blog\/2026\/01\/26\/pure-sante-editions\/#breadcrumb","itemListElement":[{"@type":"ListItem","position":1,"name":"Accueil","item":"https:\/\/www.salon-medecinedouce.com\/paris\/"},{"@type":"ListItem","position":2,"name":"Pure Sant\u00e9 \u00c9ditions"}]},{"@type":"WebSite","@id":"https:\/\/www.salon-medecinedouce.com\/paris\/#website","url":"https:\/\/www.salon-medecinedouce.com\/paris\/","name":"Bien-\u00eatre Paris","description":"La sant\u00e9 au naturel : M\u00e9decines douces - Compl\u00e9ments alimentaires - Alimentation saine - Cosm\u00e9tiques naturelles - Art de vivre - Tourisme de sant\u00e9","publisher":{"@id":"https:\/\/www.salon-medecinedouce.com\/paris\/#organization"},"potentialAction":[{"@type":"SearchAction","target":{"@type":"EntryPoint","urlTemplate":"https:\/\/www.salon-medecinedouce.com\/paris\/?s={search_term_string}"},"query-input":{"@type":"PropertyValueSpecification","valueRequired":true,"valueName":"search_term_string"}}],"inLanguage":"fr-FR"},{"@type":"Organization","@id":"https:\/\/www.salon-medecinedouce.com\/paris\/#organization","name":"Bien-\u00eatre Paris","url":"https:\/\/www.salon-medecinedouce.com\/paris\/","logo":{"@type":"ImageObject","inLanguage":"fr-FR","@id":"https:\/\/www.salon-medecinedouce.com\/paris\/#\/schema\/logo\/image\/","url":"https:\/\/www.salon-medecinedouce.com\/paris\/wp-content\/uploads\/sites\/14\/2024\/05\/cropped-logo-orange-bemd.png","contentUrl":"https:\/\/www.salon-medecinedouce.com\/paris\/wp-content\/uploads\/sites\/14\/2024\/05\/cropped-logo-orange-bemd.png","width":591,"height":591,"caption":"Bien-\u00eatre Paris"},"image":{"@id":"https:\/\/www.salon-medecinedouce.com\/paris\/#\/schema\/logo\/image\/"}},{"@type":"Person","@id":"https:\/\/www.salon-medecinedouce.com\/paris\/#\/schema\/person\/28d922c00d956c64b467cac4e4d1827e","name":"sophie","image":{"@type":"ImageObject","inLanguage":"fr-FR","@id":"https:\/\/secure.gravatar.com\/avatar\/4677ff4549538e97f425c7bc936aba999c75cedabecf0eca514c7a2ca65dbecb?s=96&d=mm&r=g","url":"https:\/\/secure.gravatar.com\/avatar\/4677ff4549538e97f425c7bc936aba999c75cedabecf0eca514c7a2ca65dbecb?s=96&d=mm&r=g","contentUrl":"https:\/\/secure.gravatar.com\/avatar\/4677ff4549538e97f425c7bc936aba999c75cedabecf0eca514c7a2ca65dbecb?s=96&d=mm&r=g","caption":"sophie"},"url":"https:\/\/www.salon-medecinedouce.com\/paris\/blog\/author\/sophie\/"}]}},"rttpg_featured_image_url":{"full":["https:\/\/www.salon-medecinedouce.com\/paris\/wp-content\/uploads\/sites\/14\/2026\/01\/pure-sante.png",1059,274,false],"landscape":["https:\/\/www.salon-medecinedouce.com\/paris\/wp-content\/uploads\/sites\/14\/2026\/01\/pure-sante.png",1059,274,false],"portraits":["https:\/\/www.salon-medecinedouce.com\/paris\/wp-content\/uploads\/sites\/14\/2026\/01\/pure-sante.png",1059,274,false],"thumbnail":["https:\/\/www.salon-medecinedouce.com\/paris\/wp-content\/uploads\/sites\/14\/2026\/01\/pure-sante-150x150.png",150,150,true],"medium":["https:\/\/www.salon-medecinedouce.com\/paris\/wp-content\/uploads\/sites\/14\/2026\/01\/pure-sante-300x78.png",300,78,true],"large":["https:\/\/www.salon-medecinedouce.com\/paris\/wp-content\/uploads\/sites\/14\/2026\/01\/pure-sante-1024x265.png",790,204,true],"1536x1536":["https:\/\/www.salon-medecinedouce.com\/paris\/wp-content\/uploads\/sites\/14\/2026\/01\/pure-sante.png",1059,274,false],"2048x2048":["https:\/\/www.salon-medecinedouce.com\/paris\/wp-content\/uploads\/sites\/14\/2026\/01\/pure-sante.png",1059,274,false],"gg_gallery_thumbnail":["https:\/\/www.salon-medecinedouce.com\/paris\/wp-content\/uploads\/sites\/14\/2026\/01\/pure-sante-450x250.png",450,250,true],"rpwe-thumbnail":["https:\/\/www.salon-medecinedouce.com\/paris\/wp-content\/uploads\/sites\/14\/2026\/01\/pure-sante-45x45.png",45,45,true]},"rttpg_author":{"display_name":"sophie","author_link":"https:\/\/www.salon-medecinedouce.com\/paris\/blog\/author\/sophie\/"},"rttpg_comment":0,"rttpg_category":"<a href=\"https:\/\/www.salon-medecinedouce.com\/paris\/blog\/category\/portraits-exposants\/\" rel=\"category tag\">Portraits exposants<\/a>","rttpg_excerpt":"Pr\u00e9sentez-vous en quelques mots PureSant\u00e9 \u00c9ditions est une maison d\u2019\u00e9dition ind\u00e9pendante d\u00e9di\u00e9e \u00e0 la sant\u00e9 naturelle. Nous publions plusieurs revues mensuelles sp\u00e9cialis\u00e9es, des livres et des programmes vid\u00e9o. Notre \u00e9quipe \u00e9ditoriale et nos experts avons pour mission d\u2019aider chacun \u00e0 mieux comprendre son corps et \u00e0 renforcer sa vitalit\u00e9 pour devenir acteur de sa sant\u00e9.&hellip;","_links":{"self":[{"href":"https:\/\/www.salon-medecinedouce.com\/paris\/wp-json\/wp\/v2\/posts\/21925","targetHints":{"allow":["GET"]}}],"collection":[{"href":"https:\/\/www.salon-medecinedouce.com\/paris\/wp-json\/wp\/v2\/posts"}],"about":[{"href":"https:\/\/www.salon-medecinedouce.com\/paris\/wp-json\/wp\/v2\/types\/post"}],"author":[{"embeddable":true,"href":"https:\/\/www.salon-medecinedouce.com\/paris\/wp-json\/wp\/v2\/users\/9"}],"replies":[{"embeddable":true,"href":"https:\/\/www.salon-medecinedouce.com\/paris\/wp-json\/wp\/v2\/comments?post=21925"}],"version-history":[{"count":1,"href":"https:\/\/www.salon-medecinedouce.com\/paris\/wp-json\/wp\/v2\/posts\/21925\/revisions"}],"predecessor-version":[{"id":21927,"href":"https:\/\/www.salon-medecinedouce.com\/paris\/wp-json\/wp\/v2\/posts\/21925\/revisions\/21927"}],"wp:featuredmedia":[{"embeddable":true,"href":"https:\/\/www.salon-medecinedouce.com\/paris\/wp-json\/wp\/v2\/media\/21926"}],"wp:attachment":[{"href":"https:\/\/www.salon-medecinedouce.com\/paris\/wp-json\/wp\/v2\/media?parent=21925"}],"wp:term":[{"taxonomy":"category","embeddable":true,"href":"https:\/\/www.salon-medecinedouce.com\/paris\/wp-json\/wp\/v2\/categories?post=21925"},{"taxonomy":"post_tag","embeddable":true,"href":"https:\/\/www.salon-medecinedouce.com\/paris\/wp-json\/wp\/v2\/tags?post=21925"}],"curies":[{"name":"wp","href":"https:\/\/api.w.org\/{rel}","templated":true}]}}