{"id":21922,"date":"2026-01-26T15:08:02","date_gmt":"2026-01-26T14:08:02","guid":{"rendered":"https:\/\/www.salon-medecinedouce.com\/paris\/?p=21922"},"modified":"2026-01-26T15:08:02","modified_gmt":"2026-01-26T14:08:02","slug":"iokai-shiatsu","status":"publish","type":"post","link":"https:\/\/www.salon-medecinedouce.com\/paris\/blog\/2026\/01\/26\/iokai-shiatsu\/","title":{"rendered":"Ioka\u00ef Shiatsu"},"content":{"rendered":"<h2>Pr\u00e9sentez-vous en quelques mots<\/h2>\n<p><img fetchpriority=\"high\" decoding=\"async\" class=\"alignnone wp-image-21923 \" src=\"https:\/\/www.salon-medecinedouce.com\/paris\/wp-content\/uploads\/sites\/14\/2026\/01\/Capture-decran-2026-01-26-a-15.05.42.png\" alt=\"\" width=\"218\" height=\"289\" srcset=\"https:\/\/www.salon-medecinedouce.com\/paris\/wp-content\/uploads\/sites\/14\/2026\/01\/Capture-decran-2026-01-26-a-15.05.42.png 306w, https:\/\/www.salon-medecinedouce.com\/paris\/wp-content\/uploads\/sites\/14\/2026\/01\/Capture-decran-2026-01-26-a-15.05.42-227x300.png 227w, https:\/\/www.salon-medecinedouce.com\/paris\/wp-content\/uploads\/sites\/14\/2026\/01\/Capture-decran-2026-01-26-a-15.05.42-150x199.png 150w\" sizes=\"(max-width: 218px) 100vw, 218px\" \/><\/p>\n<p>Ioka\u00ef Shiatsu Paris est un centre de formation ainsi qu\u2019un cabinet de praticiens.<br \/>\nLe Shiatsu que nous pratiquons se distingue par le fait que nous utilisons les m\u00e9ridiens d\u00e9velopp\u00e9s par le Ioka\u00ef au Japon dans les ann\u00e9es 1960 par Masunaga Sense\u00ef. Depuis 1980, un de ses proches disciples, Kazunori Sasaki Sense\u00ef en a continu\u00e9 les recherches en Europe.<\/p>\n<h2>Que proposez-vous ?<\/h2>\n<p>Nous proposons des s\u00e9ances de Shiatsu de 30 minutes, au tarif de 20 euros, par les praticiens et \u00e9l\u00e8ves avanc\u00e9s de l\u2019\u00e9cole.<br \/>\nDes ateliers de Do In (auto-massage et \u00e9tirements \u00e9nerg\u00e9tiques) et une initiation aux Gestes simples du shiatsu seront propos\u00e9s en acc\u00e8s libre \u00e0 l\u2019espace \u00ab Pratique et Exp\u00e9riences \u00bb.<\/p>\n<h2>Parlez-nous de votre relation avec le salon<\/h2>\n<p>Le salon Bien-\u00catre M\u00e9decine douce nous a permis de faire connaitre notre pratique du Shiatsu et du Do In, \u00e9tant implant\u00e9 sur Paris depuis 1994, revenir vers un salon aussi reconnu est une chance pour renouer avec un public large et qui porte un int\u00e9r\u00eat particulier \u00e0 sa sant\u00e9, \u00e0 son bien vivre au quotidien.<br \/>\nCe salon nous permet aussi de revoir ou de rencontrer des interlocuteurs professionnels de nos m\u00e9tiers qui sont souvent rel\u00e9gu\u00e9s \u00e0 des sous-m\u00e9decines.<br \/>\nNous recevons beaucoup de personnes dans nos locaux pour des soins et nous pouvons nous repr\u00e9senter \u00e0 quel point nos m\u00e9decines dites alternatives sont des accompagnements profonds et efficaces.<br \/>\nNous donnons une formation longue de mani\u00e8re \u00e0 ce que nos apprenants deviennent de bons praticiens.<br \/>\nNous voulons gr\u00e2ce \u00e0 notre pr\u00e9sence dans votre salon, partager ces quelques remarques \u00e0 vos milliers de visiteurs.<\/p>\n<h2>Une citation qui vous inspire, une pens\u00e9e positive \u00e0 partager ?<\/h2>\n<p>Le bien (sans souffrance, en mouvement, clart\u00e9, espace) \u2013 \u00eatre (d\u00e9veloppement du Soi autant psychanalytique que dans l\u2019ouverture de l\u2019esprit, pr\u00e9sent dans la soci\u00e9t\u00e9, dans sa famille et heureux de l\u2019\u00eatre).<br \/>\nQuelques mots qui d\u00e9finissent ce postulat pouvant contenir tout ce qui concerne la vie, le quotidien et le partage.<\/p>\n<p>&nbsp;<\/p>\n<p><a href=\"https:\/\/www.salon-medecinedouce.com\/paris\/visiteurs\/liste-des-exposants\/\" target=\"_blank\" rel=\"noopener\"><em>Consultez la liste des exposants<\/em><\/a><\/p>\n<div class=\"salon-pubs-hp-bas-de-page salon-entity-placement\" id=\"salon-2875061178\"><div id=\"salon-802151207\"><a data-no-instant=\"1\" href=\"https:\/\/www.adntv.fr\/home?request_origin=tv_app\" rel=\"noopener\" class=\"a2t-link\" target=\"_blank\"><p><a href=\"https:\/\/www.salondesseniors.com\/\"><img decoding=\"async\" class=\"wp-image-22417 aligncenter\" src=\"https:\/\/www.salon-medecinedouce.com\/paris\/wp-content\/uploads\/sites\/14\/2026\/02\/Banniere-728x90-1-300x37.png\" alt=\"\" width=\"754\" height=\"93\" srcset=\"https:\/\/www.salon-medecinedouce.com\/paris\/wp-content\/uploads\/sites\/14\/2026\/02\/Banniere-728x90-1-300x37.png 300w, https:\/\/www.salon-medecinedouce.com\/paris\/wp-content\/uploads\/sites\/14\/2026\/02\/Banniere-728x90-1-1024x127.png 1024w, https:\/\/www.salon-medecinedouce.com\/paris\/wp-content\/uploads\/sites\/14\/2026\/02\/Banniere-728x90-1-768x95.png 768w, https:\/\/www.salon-medecinedouce.com\/paris\/wp-content\/uploads\/sites\/14\/2026\/02\/Banniere-728x90-1-1536x190.png 1536w, https:\/\/www.salon-medecinedouce.com\/paris\/wp-content\/uploads\/sites\/14\/2026\/02\/Banniere-728x90-1-2048x253.png 2048w, https:\/\/www.salon-medecinedouce.com\/paris\/wp-content\/uploads\/sites\/14\/2026\/02\/Banniere-728x90-1-150x19.png 150w, https:\/\/www.salon-medecinedouce.com\/paris\/wp-content\/uploads\/sites\/14\/2026\/02\/Banniere-728x90-1-500x62.png 500w\" sizes=\"(max-width: 754px) 100vw, 754px\" \/><\/a><\/p>\n<\/a><\/div><\/div>","protected":false},"excerpt":{"rendered":"<p>Pr\u00e9sentez-vous en quelques mots Ioka\u00ef Shiatsu Paris est un centre de formation ainsi qu\u2019un cabinet de praticiens. Le Shiatsu que nous pratiquons se distingue par le fait que nous utilisons les m\u00e9ridiens d\u00e9velopp\u00e9s par le Ioka\u00ef au Japon dans les ann\u00e9es 1960 par Masunaga Sense\u00ef. Depuis 1980, un de ses proches disciples, Kazunori Sasaki Sense\u00ef&hellip; <\/p>\n","protected":false},"author":9,"featured_media":21923,"comment_status":"closed","ping_status":"closed","sticky":false,"template":"","format":"standard","meta":{"_monsterinsights_skip_tracking":false,"_monsterinsights_sitenote_active":false,"_monsterinsights_sitenote_note":"","_monsterinsights_sitenote_category":0,"footnotes":""},"categories":[992],"tags":[],"class_list":["post-21922","post","type-post","status-publish","format-standard","has-post-thumbnail","hentry","category-portraits-exposants"],"yoast_head":"<!-- This site is optimized with the Yoast SEO plugin v27.3 - https:\/\/yoast.com\/product\/yoast-seo-wordpress\/ -->\n<title>Ioka\u00ef Shiatsu - Bien-\u00eatre Paris<\/title>\n<meta name=\"description\" content=\"Venez d\u00e9couvrir ou red\u00e9couvrir Ioka\u00ef Shiatsu lors du salon Bien-\u00catre M\u00e9decine Douce Paris du 29 janvier au 2 f\u00e9vrier 2026 !\" \/>\n<meta name=\"robots\" content=\"index, follow, max-snippet:-1, max-image-preview:large, max-video-preview:-1\" \/>\n<link rel=\"canonical\" href=\"https:\/\/www.salon-medecinedouce.com\/paris\/blog\/2026\/01\/26\/iokai-shiatsu\/\" \/>\n<meta property=\"og:locale\" content=\"fr_FR\" \/>\n<meta property=\"og:type\" content=\"article\" \/>\n<meta property=\"og:title\" content=\"Ioka\u00ef Shiatsu - Bien-\u00eatre Paris\" \/>\n<meta property=\"og:description\" content=\"Venez d\u00e9couvrir ou red\u00e9couvrir Ioka\u00ef Shiatsu lors du salon Bien-\u00catre M\u00e9decine Douce Paris du 29 janvier au 2 f\u00e9vrier 2026 !\" \/>\n<meta property=\"og:url\" content=\"https:\/\/www.salon-medecinedouce.com\/paris\/blog\/2026\/01\/26\/iokai-shiatsu\/\" \/>\n<meta property=\"og:site_name\" content=\"Bien-\u00eatre Paris\" \/>\n<meta property=\"article:published_time\" content=\"2026-01-26T14:08:02+00:00\" \/>\n<meta property=\"og:image\" content=\"https:\/\/www.salon-medecinedouce.com\/paris\/wp-content\/uploads\/sites\/14\/2026\/01\/Capture-decran-2026-01-26-a-15.05.42.png\" \/>\n\t<meta property=\"og:image:width\" content=\"306\" \/>\n\t<meta property=\"og:image:height\" content=\"405\" \/>\n\t<meta property=\"og:image:type\" content=\"image\/png\" \/>\n<meta name=\"author\" content=\"sophie\" \/>\n<meta name=\"twitter:card\" content=\"summary_large_image\" \/>\n<meta name=\"twitter:label1\" content=\"\u00c9crit par\" \/>\n\t<meta name=\"twitter:data1\" content=\"sophie\" \/>\n\t<meta name=\"twitter:label2\" content=\"Dur\u00e9e de lecture estim\u00e9e\" \/>\n\t<meta name=\"twitter:data2\" content=\"3 minutes\" \/>\n<script type=\"application\/ld+json\" class=\"yoast-schema-graph\">{\"@context\":\"https:\\\/\\\/schema.org\",\"@graph\":[{\"@type\":\"Article\",\"@id\":\"https:\\\/\\\/www.salon-medecinedouce.com\\\/paris\\\/blog\\\/2026\\\/01\\\/26\\\/iokai-shiatsu\\\/#article\",\"isPartOf\":{\"@id\":\"https:\\\/\\\/www.salon-medecinedouce.com\\\/paris\\\/blog\\\/2026\\\/01\\\/26\\\/iokai-shiatsu\\\/\"},\"author\":{\"name\":\"sophie\",\"@id\":\"https:\\\/\\\/www.salon-medecinedouce.com\\\/paris\\\/#\\\/schema\\\/person\\\/28d922c00d956c64b467cac4e4d1827e\"},\"headline\":\"Ioka\u00ef Shiatsu\",\"datePublished\":\"2026-01-26T14:08:02+00:00\",\"mainEntityOfPage\":{\"@id\":\"https:\\\/\\\/www.salon-medecinedouce.com\\\/paris\\\/blog\\\/2026\\\/01\\\/26\\\/iokai-shiatsu\\\/\"},\"wordCount\":350,\"publisher\":{\"@id\":\"https:\\\/\\\/www.salon-medecinedouce.com\\\/paris\\\/#organization\"},\"image\":{\"@id\":\"https:\\\/\\\/www.salon-medecinedouce.com\\\/paris\\\/blog\\\/2026\\\/01\\\/26\\\/iokai-shiatsu\\\/#primaryimage\"},\"thumbnailUrl\":\"https:\\\/\\\/www.salon-medecinedouce.com\\\/paris\\\/wp-content\\\/uploads\\\/sites\\\/14\\\/2026\\\/01\\\/Capture-decran-2026-01-26-a-15.05.42.png\",\"articleSection\":[\"Portraits exposants\"],\"inLanguage\":\"fr-FR\"},{\"@type\":\"WebPage\",\"@id\":\"https:\\\/\\\/www.salon-medecinedouce.com\\\/paris\\\/blog\\\/2026\\\/01\\\/26\\\/iokai-shiatsu\\\/\",\"url\":\"https:\\\/\\\/www.salon-medecinedouce.com\\\/paris\\\/blog\\\/2026\\\/01\\\/26\\\/iokai-shiatsu\\\/\",\"name\":\"Ioka\u00ef Shiatsu - Bien-\u00eatre Paris\",\"isPartOf\":{\"@id\":\"https:\\\/\\\/www.salon-medecinedouce.com\\\/paris\\\/#website\"},\"primaryImageOfPage\":{\"@id\":\"https:\\\/\\\/www.salon-medecinedouce.com\\\/paris\\\/blog\\\/2026\\\/01\\\/26\\\/iokai-shiatsu\\\/#primaryimage\"},\"image\":{\"@id\":\"https:\\\/\\\/www.salon-medecinedouce.com\\\/paris\\\/blog\\\/2026\\\/01\\\/26\\\/iokai-shiatsu\\\/#primaryimage\"},\"thumbnailUrl\":\"https:\\\/\\\/www.salon-medecinedouce.com\\\/paris\\\/wp-content\\\/uploads\\\/sites\\\/14\\\/2026\\\/01\\\/Capture-decran-2026-01-26-a-15.05.42.png\",\"datePublished\":\"2026-01-26T14:08:02+00:00\",\"description\":\"Venez d\u00e9couvrir ou red\u00e9couvrir Ioka\u00ef Shiatsu lors du salon Bien-\u00catre M\u00e9decine Douce Paris du 29 janvier au 2 f\u00e9vrier 2026 !\",\"breadcrumb\":{\"@id\":\"https:\\\/\\\/www.salon-medecinedouce.com\\\/paris\\\/blog\\\/2026\\\/01\\\/26\\\/iokai-shiatsu\\\/#breadcrumb\"},\"inLanguage\":\"fr-FR\",\"potentialAction\":[{\"@type\":\"ReadAction\",\"target\":[\"https:\\\/\\\/www.salon-medecinedouce.com\\\/paris\\\/blog\\\/2026\\\/01\\\/26\\\/iokai-shiatsu\\\/\"]}]},{\"@type\":\"ImageObject\",\"inLanguage\":\"fr-FR\",\"@id\":\"https:\\\/\\\/www.salon-medecinedouce.com\\\/paris\\\/blog\\\/2026\\\/01\\\/26\\\/iokai-shiatsu\\\/#primaryimage\",\"url\":\"https:\\\/\\\/www.salon-medecinedouce.com\\\/paris\\\/wp-content\\\/uploads\\\/sites\\\/14\\\/2026\\\/01\\\/Capture-decran-2026-01-26-a-15.05.42.png\",\"contentUrl\":\"https:\\\/\\\/www.salon-medecinedouce.com\\\/paris\\\/wp-content\\\/uploads\\\/sites\\\/14\\\/2026\\\/01\\\/Capture-decran-2026-01-26-a-15.05.42.png\",\"width\":306,\"height\":405},{\"@type\":\"BreadcrumbList\",\"@id\":\"https:\\\/\\\/www.salon-medecinedouce.com\\\/paris\\\/blog\\\/2026\\\/01\\\/26\\\/iokai-shiatsu\\\/#breadcrumb\",\"itemListElement\":[{\"@type\":\"ListItem\",\"position\":1,\"name\":\"Accueil\",\"item\":\"https:\\\/\\\/www.salon-medecinedouce.com\\\/paris\\\/\"},{\"@type\":\"ListItem\",\"position\":2,\"name\":\"Ioka\u00ef Shiatsu\"}]},{\"@type\":\"WebSite\",\"@id\":\"https:\\\/\\\/www.salon-medecinedouce.com\\\/paris\\\/#website\",\"url\":\"https:\\\/\\\/www.salon-medecinedouce.com\\\/paris\\\/\",\"name\":\"Bien-\u00eatre Paris\",\"description\":\"La sant\u00e9 au naturel : M\u00e9decines douces - Compl\u00e9ments alimentaires - Alimentation saine - Cosm\u00e9tiques naturelles - Art de vivre - Tourisme de sant\u00e9\",\"publisher\":{\"@id\":\"https:\\\/\\\/www.salon-medecinedouce.com\\\/paris\\\/#organization\"},\"potentialAction\":[{\"@type\":\"SearchAction\",\"target\":{\"@type\":\"EntryPoint\",\"urlTemplate\":\"https:\\\/\\\/www.salon-medecinedouce.com\\\/paris\\\/?s={search_term_string}\"},\"query-input\":{\"@type\":\"PropertyValueSpecification\",\"valueRequired\":true,\"valueName\":\"search_term_string\"}}],\"inLanguage\":\"fr-FR\"},{\"@type\":\"Organization\",\"@id\":\"https:\\\/\\\/www.salon-medecinedouce.com\\\/paris\\\/#organization\",\"name\":\"Bien-\u00eatre Paris\",\"url\":\"https:\\\/\\\/www.salon-medecinedouce.com\\\/paris\\\/\",\"logo\":{\"@type\":\"ImageObject\",\"inLanguage\":\"fr-FR\",\"@id\":\"https:\\\/\\\/www.salon-medecinedouce.com\\\/paris\\\/#\\\/schema\\\/logo\\\/image\\\/\",\"url\":\"https:\\\/\\\/www.salon-medecinedouce.com\\\/paris\\\/wp-content\\\/uploads\\\/sites\\\/14\\\/2024\\\/05\\\/cropped-logo-orange-bemd.png\",\"contentUrl\":\"https:\\\/\\\/www.salon-medecinedouce.com\\\/paris\\\/wp-content\\\/uploads\\\/sites\\\/14\\\/2024\\\/05\\\/cropped-logo-orange-bemd.png\",\"width\":591,\"height\":591,\"caption\":\"Bien-\u00eatre Paris\"},\"image\":{\"@id\":\"https:\\\/\\\/www.salon-medecinedouce.com\\\/paris\\\/#\\\/schema\\\/logo\\\/image\\\/\"}},{\"@type\":\"Person\",\"@id\":\"https:\\\/\\\/www.salon-medecinedouce.com\\\/paris\\\/#\\\/schema\\\/person\\\/28d922c00d956c64b467cac4e4d1827e\",\"name\":\"sophie\",\"image\":{\"@type\":\"ImageObject\",\"inLanguage\":\"fr-FR\",\"@id\":\"https:\\\/\\\/secure.gravatar.com\\\/avatar\\\/4677ff4549538e97f425c7bc936aba999c75cedabecf0eca514c7a2ca65dbecb?s=96&d=mm&r=g\",\"url\":\"https:\\\/\\\/secure.gravatar.com\\\/avatar\\\/4677ff4549538e97f425c7bc936aba999c75cedabecf0eca514c7a2ca65dbecb?s=96&d=mm&r=g\",\"contentUrl\":\"https:\\\/\\\/secure.gravatar.com\\\/avatar\\\/4677ff4549538e97f425c7bc936aba999c75cedabecf0eca514c7a2ca65dbecb?s=96&d=mm&r=g\",\"caption\":\"sophie\"},\"url\":\"https:\\\/\\\/www.salon-medecinedouce.com\\\/paris\\\/blog\\\/author\\\/sophie\\\/\"}]}<\/script>\n<!-- \/ Yoast SEO plugin. -->","yoast_head_json":{"title":"Ioka\u00ef Shiatsu - Bien-\u00eatre Paris","description":"Venez d\u00e9couvrir ou red\u00e9couvrir Ioka\u00ef Shiatsu lors du salon Bien-\u00catre M\u00e9decine Douce Paris du 29 janvier au 2 f\u00e9vrier 2026 !","robots":{"index":"index","follow":"follow","max-snippet":"max-snippet:-1","max-image-preview":"max-image-preview:large","max-video-preview":"max-video-preview:-1"},"canonical":"https:\/\/www.salon-medecinedouce.com\/paris\/blog\/2026\/01\/26\/iokai-shiatsu\/","og_locale":"fr_FR","og_type":"article","og_title":"Ioka\u00ef Shiatsu - Bien-\u00eatre Paris","og_description":"Venez d\u00e9couvrir ou red\u00e9couvrir Ioka\u00ef Shiatsu lors du salon Bien-\u00catre M\u00e9decine Douce Paris du 29 janvier au 2 f\u00e9vrier 2026 !","og_url":"https:\/\/www.salon-medecinedouce.com\/paris\/blog\/2026\/01\/26\/iokai-shiatsu\/","og_site_name":"Bien-\u00eatre Paris","article_published_time":"2026-01-26T14:08:02+00:00","og_image":[{"width":306,"height":405,"url":"https:\/\/www.salon-medecinedouce.com\/paris\/wp-content\/uploads\/sites\/14\/2026\/01\/Capture-decran-2026-01-26-a-15.05.42.png","type":"image\/png"}],"author":"sophie","twitter_card":"summary_large_image","twitter_misc":{"\u00c9crit par":"sophie","Dur\u00e9e de lecture estim\u00e9e":"3 minutes"},"schema":{"@context":"https:\/\/schema.org","@graph":[{"@type":"Article","@id":"https:\/\/www.salon-medecinedouce.com\/paris\/blog\/2026\/01\/26\/iokai-shiatsu\/#article","isPartOf":{"@id":"https:\/\/www.salon-medecinedouce.com\/paris\/blog\/2026\/01\/26\/iokai-shiatsu\/"},"author":{"name":"sophie","@id":"https:\/\/www.salon-medecinedouce.com\/paris\/#\/schema\/person\/28d922c00d956c64b467cac4e4d1827e"},"headline":"Ioka\u00ef Shiatsu","datePublished":"2026-01-26T14:08:02+00:00","mainEntityOfPage":{"@id":"https:\/\/www.salon-medecinedouce.com\/paris\/blog\/2026\/01\/26\/iokai-shiatsu\/"},"wordCount":350,"publisher":{"@id":"https:\/\/www.salon-medecinedouce.com\/paris\/#organization"},"image":{"@id":"https:\/\/www.salon-medecinedouce.com\/paris\/blog\/2026\/01\/26\/iokai-shiatsu\/#primaryimage"},"thumbnailUrl":"https:\/\/www.salon-medecinedouce.com\/paris\/wp-content\/uploads\/sites\/14\/2026\/01\/Capture-decran-2026-01-26-a-15.05.42.png","articleSection":["Portraits exposants"],"inLanguage":"fr-FR"},{"@type":"WebPage","@id":"https:\/\/www.salon-medecinedouce.com\/paris\/blog\/2026\/01\/26\/iokai-shiatsu\/","url":"https:\/\/www.salon-medecinedouce.com\/paris\/blog\/2026\/01\/26\/iokai-shiatsu\/","name":"Ioka\u00ef Shiatsu - Bien-\u00eatre Paris","isPartOf":{"@id":"https:\/\/www.salon-medecinedouce.com\/paris\/#website"},"primaryImageOfPage":{"@id":"https:\/\/www.salon-medecinedouce.com\/paris\/blog\/2026\/01\/26\/iokai-shiatsu\/#primaryimage"},"image":{"@id":"https:\/\/www.salon-medecinedouce.com\/paris\/blog\/2026\/01\/26\/iokai-shiatsu\/#primaryimage"},"thumbnailUrl":"https:\/\/www.salon-medecinedouce.com\/paris\/wp-content\/uploads\/sites\/14\/2026\/01\/Capture-decran-2026-01-26-a-15.05.42.png","datePublished":"2026-01-26T14:08:02+00:00","description":"Venez d\u00e9couvrir ou red\u00e9couvrir Ioka\u00ef Shiatsu lors du salon Bien-\u00catre M\u00e9decine Douce Paris du 29 janvier au 2 f\u00e9vrier 2026 !","breadcrumb":{"@id":"https:\/\/www.salon-medecinedouce.com\/paris\/blog\/2026\/01\/26\/iokai-shiatsu\/#breadcrumb"},"inLanguage":"fr-FR","potentialAction":[{"@type":"ReadAction","target":["https:\/\/www.salon-medecinedouce.com\/paris\/blog\/2026\/01\/26\/iokai-shiatsu\/"]}]},{"@type":"ImageObject","inLanguage":"fr-FR","@id":"https:\/\/www.salon-medecinedouce.com\/paris\/blog\/2026\/01\/26\/iokai-shiatsu\/#primaryimage","url":"https:\/\/www.salon-medecinedouce.com\/paris\/wp-content\/uploads\/sites\/14\/2026\/01\/Capture-decran-2026-01-26-a-15.05.42.png","contentUrl":"https:\/\/www.salon-medecinedouce.com\/paris\/wp-content\/uploads\/sites\/14\/2026\/01\/Capture-decran-2026-01-26-a-15.05.42.png","width":306,"height":405},{"@type":"BreadcrumbList","@id":"https:\/\/www.salon-medecinedouce.com\/paris\/blog\/2026\/01\/26\/iokai-shiatsu\/#breadcrumb","itemListElement":[{"@type":"ListItem","position":1,"name":"Accueil","item":"https:\/\/www.salon-medecinedouce.com\/paris\/"},{"@type":"ListItem","position":2,"name":"Ioka\u00ef Shiatsu"}]},{"@type":"WebSite","@id":"https:\/\/www.salon-medecinedouce.com\/paris\/#website","url":"https:\/\/www.salon-medecinedouce.com\/paris\/","name":"Bien-\u00eatre Paris","description":"La sant\u00e9 au naturel : M\u00e9decines douces - Compl\u00e9ments alimentaires - Alimentation saine - Cosm\u00e9tiques naturelles - Art de vivre - Tourisme de sant\u00e9","publisher":{"@id":"https:\/\/www.salon-medecinedouce.com\/paris\/#organization"},"potentialAction":[{"@type":"SearchAction","target":{"@type":"EntryPoint","urlTemplate":"https:\/\/www.salon-medecinedouce.com\/paris\/?s={search_term_string}"},"query-input":{"@type":"PropertyValueSpecification","valueRequired":true,"valueName":"search_term_string"}}],"inLanguage":"fr-FR"},{"@type":"Organization","@id":"https:\/\/www.salon-medecinedouce.com\/paris\/#organization","name":"Bien-\u00eatre Paris","url":"https:\/\/www.salon-medecinedouce.com\/paris\/","logo":{"@type":"ImageObject","inLanguage":"fr-FR","@id":"https:\/\/www.salon-medecinedouce.com\/paris\/#\/schema\/logo\/image\/","url":"https:\/\/www.salon-medecinedouce.com\/paris\/wp-content\/uploads\/sites\/14\/2024\/05\/cropped-logo-orange-bemd.png","contentUrl":"https:\/\/www.salon-medecinedouce.com\/paris\/wp-content\/uploads\/sites\/14\/2024\/05\/cropped-logo-orange-bemd.png","width":591,"height":591,"caption":"Bien-\u00eatre Paris"},"image":{"@id":"https:\/\/www.salon-medecinedouce.com\/paris\/#\/schema\/logo\/image\/"}},{"@type":"Person","@id":"https:\/\/www.salon-medecinedouce.com\/paris\/#\/schema\/person\/28d922c00d956c64b467cac4e4d1827e","name":"sophie","image":{"@type":"ImageObject","inLanguage":"fr-FR","@id":"https:\/\/secure.gravatar.com\/avatar\/4677ff4549538e97f425c7bc936aba999c75cedabecf0eca514c7a2ca65dbecb?s=96&d=mm&r=g","url":"https:\/\/secure.gravatar.com\/avatar\/4677ff4549538e97f425c7bc936aba999c75cedabecf0eca514c7a2ca65dbecb?s=96&d=mm&r=g","contentUrl":"https:\/\/secure.gravatar.com\/avatar\/4677ff4549538e97f425c7bc936aba999c75cedabecf0eca514c7a2ca65dbecb?s=96&d=mm&r=g","caption":"sophie"},"url":"https:\/\/www.salon-medecinedouce.com\/paris\/blog\/author\/sophie\/"}]}},"rttpg_featured_image_url":{"full":["https:\/\/www.salon-medecinedouce.com\/paris\/wp-content\/uploads\/sites\/14\/2026\/01\/Capture-decran-2026-01-26-a-15.05.42.png",306,405,false],"landscape":["https:\/\/www.salon-medecinedouce.com\/paris\/wp-content\/uploads\/sites\/14\/2026\/01\/Capture-decran-2026-01-26-a-15.05.42.png",306,405,false],"portraits":["https:\/\/www.salon-medecinedouce.com\/paris\/wp-content\/uploads\/sites\/14\/2026\/01\/Capture-decran-2026-01-26-a-15.05.42.png",306,405,false],"thumbnail":["https:\/\/www.salon-medecinedouce.com\/paris\/wp-content\/uploads\/sites\/14\/2026\/01\/Capture-decran-2026-01-26-a-15.05.42-150x150.png",150,150,true],"medium":["https:\/\/www.salon-medecinedouce.com\/paris\/wp-content\/uploads\/sites\/14\/2026\/01\/Capture-decran-2026-01-26-a-15.05.42-227x300.png",227,300,true],"large":["https:\/\/www.salon-medecinedouce.com\/paris\/wp-content\/uploads\/sites\/14\/2026\/01\/Capture-decran-2026-01-26-a-15.05.42.png",306,405,false],"1536x1536":["https:\/\/www.salon-medecinedouce.com\/paris\/wp-content\/uploads\/sites\/14\/2026\/01\/Capture-decran-2026-01-26-a-15.05.42.png",306,405,false],"2048x2048":["https:\/\/www.salon-medecinedouce.com\/paris\/wp-content\/uploads\/sites\/14\/2026\/01\/Capture-decran-2026-01-26-a-15.05.42.png",306,405,false],"gg_gallery_thumbnail":["https:\/\/www.salon-medecinedouce.com\/paris\/wp-content\/uploads\/sites\/14\/2026\/01\/Capture-decran-2026-01-26-a-15.05.42-306x250.png",306,250,true],"rpwe-thumbnail":["https:\/\/www.salon-medecinedouce.com\/paris\/wp-content\/uploads\/sites\/14\/2026\/01\/Capture-decran-2026-01-26-a-15.05.42-45x45.png",45,45,true]},"rttpg_author":{"display_name":"sophie","author_link":"https:\/\/www.salon-medecinedouce.com\/paris\/blog\/author\/sophie\/"},"rttpg_comment":0,"rttpg_category":"<a href=\"https:\/\/www.salon-medecinedouce.com\/paris\/blog\/category\/portraits-exposants\/\" rel=\"category tag\">Portraits exposants<\/a>","rttpg_excerpt":"Pr\u00e9sentez-vous en quelques mots Ioka\u00ef Shiatsu Paris est un centre de formation ainsi qu\u2019un cabinet de praticiens. Le Shiatsu que nous pratiquons se distingue par le fait que nous utilisons les m\u00e9ridiens d\u00e9velopp\u00e9s par le Ioka\u00ef au Japon dans les ann\u00e9es 1960 par Masunaga Sense\u00ef. Depuis 1980, un de ses proches disciples, Kazunori Sasaki Sense\u00ef&hellip;","_links":{"self":[{"href":"https:\/\/www.salon-medecinedouce.com\/paris\/wp-json\/wp\/v2\/posts\/21922","targetHints":{"allow":["GET"]}}],"collection":[{"href":"https:\/\/www.salon-medecinedouce.com\/paris\/wp-json\/wp\/v2\/posts"}],"about":[{"href":"https:\/\/www.salon-medecinedouce.com\/paris\/wp-json\/wp\/v2\/types\/post"}],"author":[{"embeddable":true,"href":"https:\/\/www.salon-medecinedouce.com\/paris\/wp-json\/wp\/v2\/users\/9"}],"replies":[{"embeddable":true,"href":"https:\/\/www.salon-medecinedouce.com\/paris\/wp-json\/wp\/v2\/comments?post=21922"}],"version-history":[{"count":1,"href":"https:\/\/www.salon-medecinedouce.com\/paris\/wp-json\/wp\/v2\/posts\/21922\/revisions"}],"predecessor-version":[{"id":21924,"href":"https:\/\/www.salon-medecinedouce.com\/paris\/wp-json\/wp\/v2\/posts\/21922\/revisions\/21924"}],"wp:featuredmedia":[{"embeddable":true,"href":"https:\/\/www.salon-medecinedouce.com\/paris\/wp-json\/wp\/v2\/media\/21923"}],"wp:attachment":[{"href":"https:\/\/www.salon-medecinedouce.com\/paris\/wp-json\/wp\/v2\/media?parent=21922"}],"wp:term":[{"taxonomy":"category","embeddable":true,"href":"https:\/\/www.salon-medecinedouce.com\/paris\/wp-json\/wp\/v2\/categories?post=21922"},{"taxonomy":"post_tag","embeddable":true,"href":"https:\/\/www.salon-medecinedouce.com\/paris\/wp-json\/wp\/v2\/tags?post=21922"}],"curies":[{"name":"wp","href":"https:\/\/api.w.org\/{rel}","templated":true}]}}