{"id":21919,"date":"2026-01-26T15:01:26","date_gmt":"2026-01-26T14:01:26","guid":{"rendered":"https:\/\/www.salon-medecinedouce.com\/paris\/?p=21919"},"modified":"2026-01-26T15:01:26","modified_gmt":"2026-01-26T14:01:26","slug":"secret-voyance","status":"publish","type":"post","link":"https:\/\/www.salon-medecinedouce.com\/paris\/blog\/2026\/01\/26\/secret-voyance\/","title":{"rendered":"Secret Voyance"},"content":{"rendered":"<h2>Pr\u00e9sentez-vous en quelques mots<\/h2>\n<p><img fetchpriority=\"high\" decoding=\"async\" class=\"alignnone wp-image-21920 \" src=\"https:\/\/www.salon-medecinedouce.com\/paris\/wp-content\/uploads\/sites\/14\/2026\/01\/Capture-decran-2026-01-26-a-14.59.12.png\" alt=\"\" width=\"197\" height=\"310\" srcset=\"https:\/\/www.salon-medecinedouce.com\/paris\/wp-content\/uploads\/sites\/14\/2026\/01\/Capture-decran-2026-01-26-a-14.59.12.png 369w, https:\/\/www.salon-medecinedouce.com\/paris\/wp-content\/uploads\/sites\/14\/2026\/01\/Capture-decran-2026-01-26-a-14.59.12-191x300.png 191w, https:\/\/www.salon-medecinedouce.com\/paris\/wp-content\/uploads\/sites\/14\/2026\/01\/Capture-decran-2026-01-26-a-14.59.12-150x236.png 150w, https:\/\/www.salon-medecinedouce.com\/paris\/wp-content\/uploads\/sites\/14\/2026\/01\/Capture-decran-2026-01-26-a-14.59.12-318x500.png 318w\" sizes=\"(max-width: 197px) 100vw, 197px\" \/><\/p>\n<p>Je m\u2019appelle Clara Daguillanes, je suis m\u00e9dium depuis plus de vingt ans et fondatrice de Secret Voyance.<\/p>\n<p>J\u2019ai d\u00e9couvert ma m\u00e9diumnit\u00e9 tr\u00e8s jeune, \u00e0 l\u2019\u00e2ge de 17 ans, lors d\u2019une exp\u00e9rience marquante d\u2019\u00e9criture automatique qui a profond\u00e9ment transform\u00e9 ma vie. Au fil des ann\u00e9es, ma capacit\u00e9 \u00e0 entrer en communication avec des d\u00e9funts, \u00e0 transmettre des messages et \u00e0 percevoir des informations pr\u00e9cises s\u2019est tellement d\u00e9velopp\u00e9e que je peux aujourd\u2019hui rien qu\u2019au son d\u2019une voix transmettre de tr\u00e8s nombreux messages.<\/p>\n<p>De cette exp\u00e9rience est n\u00e9e Secret Voyance, une plateforme pens\u00e9e pour offrir une voyance authentique, transparente et humaine. Chaque m\u00e9dium y est s\u00e9lectionn\u00e9 et test\u00e9, afin de garantir des consultations sinc\u00e8res, \u00e9thiques et respectueuses. Mon objectif est d\u2019accompagner les personnes avec justesse, sans complaisance ni jugement, pour leur redonner clart\u00e9, apaisement et confiance.<\/p>\n<h2>Que proposez-vous ?<\/h2>\n<p>Sur le salon Bien-\u00eatre M\u00e9decine Douce, je proposerai des s\u00e9ances de m\u00e9diumnit\u00e9 individuelles, r\u00e9alis\u00e9es dans des espaces d\u2019\u00e9changes confidentiels, afin de garantir un cadre respectueux, s\u00e9curisant et bienveillant. Plusieurs m\u00e9diums ayant \u00e9t\u00e9 test\u00e9s et reconnus seront pr\u00e9sents pour assurer les consultations \u00e9galement.<\/p>\n<p>J\u2019animerai une conf\u00e9rence d\u00e9di\u00e9e aux d\u00e9funts et \u00e0 l\u2019au-del\u00e0, durant laquelle les personnes qui le souhaitent pourront apporter des photos, poser leurs questions et \u00e9changer autour de la communication avec l\u2019invisible. Cette conf\u00e9rence a pour objectif d\u2019offrir un \u00e9clairage sinc\u00e8re et p\u00e9dagogique sur la m\u00e9diumnit\u00e9, tout en respectant l\u2019\u00e9motion et le v\u00e9cu de chacun.<\/p>\n<p>Je proposerais des objets en lien avec la m\u00e9diumnit\u00e9 pour aider et accompagner les consultants : pendules, bougies \u2026<\/p>\n<h2>Parlez-nous de votre relation avec le salon<\/h2>\n<p>Le salon Bien-\u00eatre M\u00e9decine Douce repr\u00e9sente pour moi un espace essentiel de rencontres, de transmission et d\u2019ouverture. Il permet de mettre en lumi\u00e8re des pratiques compl\u00e9mentaires centr\u00e9es sur l\u2019humain, l\u2019\u00e9coute et l\u2019accompagnement global de la personne.<\/p>\n<p>Ma relation avec ce salon s\u2019inscrit naturellement dans la d\u00e9marche que j\u2019ai amorc\u00e9 il y a maintenant plusieurs ann\u00e9es : proposer une m\u00e9diumnit\u00e9 \u00e9thique, r\u00e9elle et accessible, loin des clich\u00e9s, dans un cadre bienveillant et s\u00e9curisant. Participer \u00e0 ce salon est une \u00e9vidence, car il offre un cadre propice aux \u00e9changes sinc\u00e8res, \u00e0 la p\u00e9dagogie autour de la M\u00e9diumnit\u00e9 et \u00e0 la reconnaissance de pratiques encore parfois mal comprises. Se sentir bien au quotidien commence par apprendre \u00e0 \u00e9couter ses ressentis. Notre intuition parle en permanence, mais on la fait souvent taire. Lui faire confiance, m\u00eame dans les petites choses, permet de faire des choix plus justes et de se sentir plus align\u00e9.<\/p>\n<h2>Une citation qui vous inspire, une pens\u00e9e positive \u00e0 partager ?<\/h2>\n<p>Le bien-\u00eatre est, selon moi, un \u00e9tat d\u2019alignement int\u00e9rieur. C\u2019est se sentir \u00e9cout\u00e9, compris et respect\u00e9, autant dans son corps que dans ses \u00e9motions et son chemin de vie.<\/p>\n<p>Le bien-\u00eatre ne consiste pas \u00e0 supprimer les difficult\u00e9s, mais \u00e0 \u00eatre accompagn\u00e9 avec justesse pour les traverser avec plus de clart\u00e9, de s\u00e9r\u00e9nit\u00e9 et de confiance. C\u2019est retrouver une forme de paix int\u00e9rieure qui permet d\u2019avancer plus consciemment.<\/p>\n<p>&nbsp;<\/p>\n<p><a href=\"https:\/\/www.salon-medecinedouce.com\/paris\/visiteurs\/liste-des-exposants\/\" target=\"_blank\" rel=\"noopener\"><em>Consultez la liste des exposants<\/em><\/a><\/p>\n<div class=\"salon-pubs-hp-bas-de-page salon-entity-placement\" id=\"salon-1300252429\"><div id=\"salon-3740974029\"><a data-no-instant=\"1\" href=\"https:\/\/www.adntv.fr\/home?request_origin=tv_app\" rel=\"noopener\" class=\"a2t-link\" target=\"_blank\"><p><a href=\"https:\/\/www.salondesseniors.com\/\"><img decoding=\"async\" class=\"wp-image-22417 aligncenter\" src=\"https:\/\/www.salon-medecinedouce.com\/paris\/wp-content\/uploads\/sites\/14\/2026\/02\/Banniere-728x90-1-300x37.png\" alt=\"\" width=\"754\" height=\"93\" srcset=\"https:\/\/www.salon-medecinedouce.com\/paris\/wp-content\/uploads\/sites\/14\/2026\/02\/Banniere-728x90-1-300x37.png 300w, https:\/\/www.salon-medecinedouce.com\/paris\/wp-content\/uploads\/sites\/14\/2026\/02\/Banniere-728x90-1-1024x127.png 1024w, https:\/\/www.salon-medecinedouce.com\/paris\/wp-content\/uploads\/sites\/14\/2026\/02\/Banniere-728x90-1-768x95.png 768w, https:\/\/www.salon-medecinedouce.com\/paris\/wp-content\/uploads\/sites\/14\/2026\/02\/Banniere-728x90-1-1536x190.png 1536w, https:\/\/www.salon-medecinedouce.com\/paris\/wp-content\/uploads\/sites\/14\/2026\/02\/Banniere-728x90-1-2048x253.png 2048w, https:\/\/www.salon-medecinedouce.com\/paris\/wp-content\/uploads\/sites\/14\/2026\/02\/Banniere-728x90-1-150x19.png 150w, https:\/\/www.salon-medecinedouce.com\/paris\/wp-content\/uploads\/sites\/14\/2026\/02\/Banniere-728x90-1-500x62.png 500w\" sizes=\"(max-width: 754px) 100vw, 754px\" \/><\/a><\/p>\n<\/a><\/div><\/div>","protected":false},"excerpt":{"rendered":"<p>Pr\u00e9sentez-vous en quelques mots Je m\u2019appelle Clara Daguillanes, je suis m\u00e9dium depuis plus de vingt ans et fondatrice de Secret Voyance. J\u2019ai d\u00e9couvert ma m\u00e9diumnit\u00e9 tr\u00e8s jeune, \u00e0 l\u2019\u00e2ge de 17 ans, lors d\u2019une exp\u00e9rience marquante d\u2019\u00e9criture automatique qui a profond\u00e9ment transform\u00e9 ma vie. Au fil des ann\u00e9es, ma capacit\u00e9 \u00e0 entrer en communication avec&hellip; <\/p>\n","protected":false},"author":9,"featured_media":21920,"comment_status":"closed","ping_status":"closed","sticky":false,"template":"","format":"standard","meta":{"_monsterinsights_skip_tracking":false,"_monsterinsights_sitenote_active":false,"_monsterinsights_sitenote_note":"","_monsterinsights_sitenote_category":0,"footnotes":""},"categories":[992],"tags":[],"class_list":["post-21919","post","type-post","status-publish","format-standard","has-post-thumbnail","hentry","category-portraits-exposants"],"yoast_head":"<!-- This site is optimized with the Yoast SEO plugin v27.3 - https:\/\/yoast.com\/product\/yoast-seo-wordpress\/ -->\n<title>Secret Voyance - Bien-\u00eatre Paris<\/title>\n<meta name=\"description\" content=\"Venez d\u00e9couvrir ou red\u00e9couvrir Secret Voyance lors du salon Bien-\u00catre M\u00e9decine Douce Paris du 29 janvier au 2 f\u00e9vrier 2026 !\" \/>\n<meta name=\"robots\" content=\"index, follow, max-snippet:-1, max-image-preview:large, max-video-preview:-1\" \/>\n<link rel=\"canonical\" href=\"https:\/\/www.salon-medecinedouce.com\/paris\/blog\/2026\/01\/26\/secret-voyance\/\" \/>\n<meta property=\"og:locale\" content=\"fr_FR\" \/>\n<meta property=\"og:type\" content=\"article\" \/>\n<meta property=\"og:title\" content=\"Secret Voyance - Bien-\u00eatre Paris\" \/>\n<meta property=\"og:description\" content=\"Venez d\u00e9couvrir ou red\u00e9couvrir Secret Voyance lors du salon Bien-\u00catre M\u00e9decine Douce Paris du 29 janvier au 2 f\u00e9vrier 2026 !\" \/>\n<meta property=\"og:url\" content=\"https:\/\/www.salon-medecinedouce.com\/paris\/blog\/2026\/01\/26\/secret-voyance\/\" \/>\n<meta property=\"og:site_name\" content=\"Bien-\u00eatre Paris\" \/>\n<meta property=\"article:published_time\" content=\"2026-01-26T14:01:26+00:00\" \/>\n<meta property=\"og:image\" content=\"https:\/\/www.salon-medecinedouce.com\/paris\/wp-content\/uploads\/sites\/14\/2026\/01\/Capture-decran-2026-01-26-a-14.59.12.png\" \/>\n\t<meta property=\"og:image:width\" content=\"369\" \/>\n\t<meta property=\"og:image:height\" content=\"580\" \/>\n\t<meta property=\"og:image:type\" content=\"image\/png\" \/>\n<meta name=\"author\" content=\"sophie\" \/>\n<meta name=\"twitter:card\" content=\"summary_large_image\" \/>\n<meta name=\"twitter:label1\" content=\"\u00c9crit par\" \/>\n\t<meta name=\"twitter:data1\" content=\"sophie\" \/>\n\t<meta name=\"twitter:label2\" content=\"Dur\u00e9e de lecture estim\u00e9e\" \/>\n\t<meta name=\"twitter:data2\" content=\"3 minutes\" \/>\n<script type=\"application\/ld+json\" class=\"yoast-schema-graph\">{\"@context\":\"https:\\\/\\\/schema.org\",\"@graph\":[{\"@type\":\"Article\",\"@id\":\"https:\\\/\\\/www.salon-medecinedouce.com\\\/paris\\\/blog\\\/2026\\\/01\\\/26\\\/secret-voyance\\\/#article\",\"isPartOf\":{\"@id\":\"https:\\\/\\\/www.salon-medecinedouce.com\\\/paris\\\/blog\\\/2026\\\/01\\\/26\\\/secret-voyance\\\/\"},\"author\":{\"name\":\"sophie\",\"@id\":\"https:\\\/\\\/www.salon-medecinedouce.com\\\/paris\\\/#\\\/schema\\\/person\\\/28d922c00d956c64b467cac4e4d1827e\"},\"headline\":\"Secret Voyance\",\"datePublished\":\"2026-01-26T14:01:26+00:00\",\"mainEntityOfPage\":{\"@id\":\"https:\\\/\\\/www.salon-medecinedouce.com\\\/paris\\\/blog\\\/2026\\\/01\\\/26\\\/secret-voyance\\\/\"},\"wordCount\":569,\"publisher\":{\"@id\":\"https:\\\/\\\/www.salon-medecinedouce.com\\\/paris\\\/#organization\"},\"image\":{\"@id\":\"https:\\\/\\\/www.salon-medecinedouce.com\\\/paris\\\/blog\\\/2026\\\/01\\\/26\\\/secret-voyance\\\/#primaryimage\"},\"thumbnailUrl\":\"https:\\\/\\\/www.salon-medecinedouce.com\\\/paris\\\/wp-content\\\/uploads\\\/sites\\\/14\\\/2026\\\/01\\\/Capture-decran-2026-01-26-a-14.59.12.png\",\"articleSection\":[\"Portraits exposants\"],\"inLanguage\":\"fr-FR\"},{\"@type\":\"WebPage\",\"@id\":\"https:\\\/\\\/www.salon-medecinedouce.com\\\/paris\\\/blog\\\/2026\\\/01\\\/26\\\/secret-voyance\\\/\",\"url\":\"https:\\\/\\\/www.salon-medecinedouce.com\\\/paris\\\/blog\\\/2026\\\/01\\\/26\\\/secret-voyance\\\/\",\"name\":\"Secret Voyance - Bien-\u00eatre Paris\",\"isPartOf\":{\"@id\":\"https:\\\/\\\/www.salon-medecinedouce.com\\\/paris\\\/#website\"},\"primaryImageOfPage\":{\"@id\":\"https:\\\/\\\/www.salon-medecinedouce.com\\\/paris\\\/blog\\\/2026\\\/01\\\/26\\\/secret-voyance\\\/#primaryimage\"},\"image\":{\"@id\":\"https:\\\/\\\/www.salon-medecinedouce.com\\\/paris\\\/blog\\\/2026\\\/01\\\/26\\\/secret-voyance\\\/#primaryimage\"},\"thumbnailUrl\":\"https:\\\/\\\/www.salon-medecinedouce.com\\\/paris\\\/wp-content\\\/uploads\\\/sites\\\/14\\\/2026\\\/01\\\/Capture-decran-2026-01-26-a-14.59.12.png\",\"datePublished\":\"2026-01-26T14:01:26+00:00\",\"description\":\"Venez d\u00e9couvrir ou red\u00e9couvrir Secret Voyance lors du salon Bien-\u00catre M\u00e9decine Douce Paris du 29 janvier au 2 f\u00e9vrier 2026 !\",\"breadcrumb\":{\"@id\":\"https:\\\/\\\/www.salon-medecinedouce.com\\\/paris\\\/blog\\\/2026\\\/01\\\/26\\\/secret-voyance\\\/#breadcrumb\"},\"inLanguage\":\"fr-FR\",\"potentialAction\":[{\"@type\":\"ReadAction\",\"target\":[\"https:\\\/\\\/www.salon-medecinedouce.com\\\/paris\\\/blog\\\/2026\\\/01\\\/26\\\/secret-voyance\\\/\"]}]},{\"@type\":\"ImageObject\",\"inLanguage\":\"fr-FR\",\"@id\":\"https:\\\/\\\/www.salon-medecinedouce.com\\\/paris\\\/blog\\\/2026\\\/01\\\/26\\\/secret-voyance\\\/#primaryimage\",\"url\":\"https:\\\/\\\/www.salon-medecinedouce.com\\\/paris\\\/wp-content\\\/uploads\\\/sites\\\/14\\\/2026\\\/01\\\/Capture-decran-2026-01-26-a-14.59.12.png\",\"contentUrl\":\"https:\\\/\\\/www.salon-medecinedouce.com\\\/paris\\\/wp-content\\\/uploads\\\/sites\\\/14\\\/2026\\\/01\\\/Capture-decran-2026-01-26-a-14.59.12.png\",\"width\":369,\"height\":580},{\"@type\":\"BreadcrumbList\",\"@id\":\"https:\\\/\\\/www.salon-medecinedouce.com\\\/paris\\\/blog\\\/2026\\\/01\\\/26\\\/secret-voyance\\\/#breadcrumb\",\"itemListElement\":[{\"@type\":\"ListItem\",\"position\":1,\"name\":\"Accueil\",\"item\":\"https:\\\/\\\/www.salon-medecinedouce.com\\\/paris\\\/\"},{\"@type\":\"ListItem\",\"position\":2,\"name\":\"Secret Voyance\"}]},{\"@type\":\"WebSite\",\"@id\":\"https:\\\/\\\/www.salon-medecinedouce.com\\\/paris\\\/#website\",\"url\":\"https:\\\/\\\/www.salon-medecinedouce.com\\\/paris\\\/\",\"name\":\"Bien-\u00eatre Paris\",\"description\":\"La sant\u00e9 au naturel : M\u00e9decines douces - Compl\u00e9ments alimentaires - Alimentation saine - Cosm\u00e9tiques naturelles - Art de vivre - Tourisme de sant\u00e9\",\"publisher\":{\"@id\":\"https:\\\/\\\/www.salon-medecinedouce.com\\\/paris\\\/#organization\"},\"potentialAction\":[{\"@type\":\"SearchAction\",\"target\":{\"@type\":\"EntryPoint\",\"urlTemplate\":\"https:\\\/\\\/www.salon-medecinedouce.com\\\/paris\\\/?s={search_term_string}\"},\"query-input\":{\"@type\":\"PropertyValueSpecification\",\"valueRequired\":true,\"valueName\":\"search_term_string\"}}],\"inLanguage\":\"fr-FR\"},{\"@type\":\"Organization\",\"@id\":\"https:\\\/\\\/www.salon-medecinedouce.com\\\/paris\\\/#organization\",\"name\":\"Bien-\u00eatre Paris\",\"url\":\"https:\\\/\\\/www.salon-medecinedouce.com\\\/paris\\\/\",\"logo\":{\"@type\":\"ImageObject\",\"inLanguage\":\"fr-FR\",\"@id\":\"https:\\\/\\\/www.salon-medecinedouce.com\\\/paris\\\/#\\\/schema\\\/logo\\\/image\\\/\",\"url\":\"https:\\\/\\\/www.salon-medecinedouce.com\\\/paris\\\/wp-content\\\/uploads\\\/sites\\\/14\\\/2024\\\/05\\\/cropped-logo-orange-bemd.png\",\"contentUrl\":\"https:\\\/\\\/www.salon-medecinedouce.com\\\/paris\\\/wp-content\\\/uploads\\\/sites\\\/14\\\/2024\\\/05\\\/cropped-logo-orange-bemd.png\",\"width\":591,\"height\":591,\"caption\":\"Bien-\u00eatre Paris\"},\"image\":{\"@id\":\"https:\\\/\\\/www.salon-medecinedouce.com\\\/paris\\\/#\\\/schema\\\/logo\\\/image\\\/\"}},{\"@type\":\"Person\",\"@id\":\"https:\\\/\\\/www.salon-medecinedouce.com\\\/paris\\\/#\\\/schema\\\/person\\\/28d922c00d956c64b467cac4e4d1827e\",\"name\":\"sophie\",\"image\":{\"@type\":\"ImageObject\",\"inLanguage\":\"fr-FR\",\"@id\":\"https:\\\/\\\/secure.gravatar.com\\\/avatar\\\/4677ff4549538e97f425c7bc936aba999c75cedabecf0eca514c7a2ca65dbecb?s=96&d=mm&r=g\",\"url\":\"https:\\\/\\\/secure.gravatar.com\\\/avatar\\\/4677ff4549538e97f425c7bc936aba999c75cedabecf0eca514c7a2ca65dbecb?s=96&d=mm&r=g\",\"contentUrl\":\"https:\\\/\\\/secure.gravatar.com\\\/avatar\\\/4677ff4549538e97f425c7bc936aba999c75cedabecf0eca514c7a2ca65dbecb?s=96&d=mm&r=g\",\"caption\":\"sophie\"},\"url\":\"https:\\\/\\\/www.salon-medecinedouce.com\\\/paris\\\/blog\\\/author\\\/sophie\\\/\"}]}<\/script>\n<!-- \/ Yoast SEO plugin. -->","yoast_head_json":{"title":"Secret Voyance - Bien-\u00eatre Paris","description":"Venez d\u00e9couvrir ou red\u00e9couvrir Secret Voyance lors du salon Bien-\u00catre M\u00e9decine Douce Paris du 29 janvier au 2 f\u00e9vrier 2026 !","robots":{"index":"index","follow":"follow","max-snippet":"max-snippet:-1","max-image-preview":"max-image-preview:large","max-video-preview":"max-video-preview:-1"},"canonical":"https:\/\/www.salon-medecinedouce.com\/paris\/blog\/2026\/01\/26\/secret-voyance\/","og_locale":"fr_FR","og_type":"article","og_title":"Secret Voyance - Bien-\u00eatre Paris","og_description":"Venez d\u00e9couvrir ou red\u00e9couvrir Secret Voyance lors du salon Bien-\u00catre M\u00e9decine Douce Paris du 29 janvier au 2 f\u00e9vrier 2026 !","og_url":"https:\/\/www.salon-medecinedouce.com\/paris\/blog\/2026\/01\/26\/secret-voyance\/","og_site_name":"Bien-\u00eatre Paris","article_published_time":"2026-01-26T14:01:26+00:00","og_image":[{"width":369,"height":580,"url":"https:\/\/www.salon-medecinedouce.com\/paris\/wp-content\/uploads\/sites\/14\/2026\/01\/Capture-decran-2026-01-26-a-14.59.12.png","type":"image\/png"}],"author":"sophie","twitter_card":"summary_large_image","twitter_misc":{"\u00c9crit par":"sophie","Dur\u00e9e de lecture estim\u00e9e":"3 minutes"},"schema":{"@context":"https:\/\/schema.org","@graph":[{"@type":"Article","@id":"https:\/\/www.salon-medecinedouce.com\/paris\/blog\/2026\/01\/26\/secret-voyance\/#article","isPartOf":{"@id":"https:\/\/www.salon-medecinedouce.com\/paris\/blog\/2026\/01\/26\/secret-voyance\/"},"author":{"name":"sophie","@id":"https:\/\/www.salon-medecinedouce.com\/paris\/#\/schema\/person\/28d922c00d956c64b467cac4e4d1827e"},"headline":"Secret Voyance","datePublished":"2026-01-26T14:01:26+00:00","mainEntityOfPage":{"@id":"https:\/\/www.salon-medecinedouce.com\/paris\/blog\/2026\/01\/26\/secret-voyance\/"},"wordCount":569,"publisher":{"@id":"https:\/\/www.salon-medecinedouce.com\/paris\/#organization"},"image":{"@id":"https:\/\/www.salon-medecinedouce.com\/paris\/blog\/2026\/01\/26\/secret-voyance\/#primaryimage"},"thumbnailUrl":"https:\/\/www.salon-medecinedouce.com\/paris\/wp-content\/uploads\/sites\/14\/2026\/01\/Capture-decran-2026-01-26-a-14.59.12.png","articleSection":["Portraits exposants"],"inLanguage":"fr-FR"},{"@type":"WebPage","@id":"https:\/\/www.salon-medecinedouce.com\/paris\/blog\/2026\/01\/26\/secret-voyance\/","url":"https:\/\/www.salon-medecinedouce.com\/paris\/blog\/2026\/01\/26\/secret-voyance\/","name":"Secret Voyance - Bien-\u00eatre Paris","isPartOf":{"@id":"https:\/\/www.salon-medecinedouce.com\/paris\/#website"},"primaryImageOfPage":{"@id":"https:\/\/www.salon-medecinedouce.com\/paris\/blog\/2026\/01\/26\/secret-voyance\/#primaryimage"},"image":{"@id":"https:\/\/www.salon-medecinedouce.com\/paris\/blog\/2026\/01\/26\/secret-voyance\/#primaryimage"},"thumbnailUrl":"https:\/\/www.salon-medecinedouce.com\/paris\/wp-content\/uploads\/sites\/14\/2026\/01\/Capture-decran-2026-01-26-a-14.59.12.png","datePublished":"2026-01-26T14:01:26+00:00","description":"Venez d\u00e9couvrir ou red\u00e9couvrir Secret Voyance lors du salon Bien-\u00catre M\u00e9decine Douce Paris du 29 janvier au 2 f\u00e9vrier 2026 !","breadcrumb":{"@id":"https:\/\/www.salon-medecinedouce.com\/paris\/blog\/2026\/01\/26\/secret-voyance\/#breadcrumb"},"inLanguage":"fr-FR","potentialAction":[{"@type":"ReadAction","target":["https:\/\/www.salon-medecinedouce.com\/paris\/blog\/2026\/01\/26\/secret-voyance\/"]}]},{"@type":"ImageObject","inLanguage":"fr-FR","@id":"https:\/\/www.salon-medecinedouce.com\/paris\/blog\/2026\/01\/26\/secret-voyance\/#primaryimage","url":"https:\/\/www.salon-medecinedouce.com\/paris\/wp-content\/uploads\/sites\/14\/2026\/01\/Capture-decran-2026-01-26-a-14.59.12.png","contentUrl":"https:\/\/www.salon-medecinedouce.com\/paris\/wp-content\/uploads\/sites\/14\/2026\/01\/Capture-decran-2026-01-26-a-14.59.12.png","width":369,"height":580},{"@type":"BreadcrumbList","@id":"https:\/\/www.salon-medecinedouce.com\/paris\/blog\/2026\/01\/26\/secret-voyance\/#breadcrumb","itemListElement":[{"@type":"ListItem","position":1,"name":"Accueil","item":"https:\/\/www.salon-medecinedouce.com\/paris\/"},{"@type":"ListItem","position":2,"name":"Secret Voyance"}]},{"@type":"WebSite","@id":"https:\/\/www.salon-medecinedouce.com\/paris\/#website","url":"https:\/\/www.salon-medecinedouce.com\/paris\/","name":"Bien-\u00eatre Paris","description":"La sant\u00e9 au naturel : M\u00e9decines douces - Compl\u00e9ments alimentaires - Alimentation saine - Cosm\u00e9tiques naturelles - Art de vivre - Tourisme de sant\u00e9","publisher":{"@id":"https:\/\/www.salon-medecinedouce.com\/paris\/#organization"},"potentialAction":[{"@type":"SearchAction","target":{"@type":"EntryPoint","urlTemplate":"https:\/\/www.salon-medecinedouce.com\/paris\/?s={search_term_string}"},"query-input":{"@type":"PropertyValueSpecification","valueRequired":true,"valueName":"search_term_string"}}],"inLanguage":"fr-FR"},{"@type":"Organization","@id":"https:\/\/www.salon-medecinedouce.com\/paris\/#organization","name":"Bien-\u00eatre Paris","url":"https:\/\/www.salon-medecinedouce.com\/paris\/","logo":{"@type":"ImageObject","inLanguage":"fr-FR","@id":"https:\/\/www.salon-medecinedouce.com\/paris\/#\/schema\/logo\/image\/","url":"https:\/\/www.salon-medecinedouce.com\/paris\/wp-content\/uploads\/sites\/14\/2024\/05\/cropped-logo-orange-bemd.png","contentUrl":"https:\/\/www.salon-medecinedouce.com\/paris\/wp-content\/uploads\/sites\/14\/2024\/05\/cropped-logo-orange-bemd.png","width":591,"height":591,"caption":"Bien-\u00eatre Paris"},"image":{"@id":"https:\/\/www.salon-medecinedouce.com\/paris\/#\/schema\/logo\/image\/"}},{"@type":"Person","@id":"https:\/\/www.salon-medecinedouce.com\/paris\/#\/schema\/person\/28d922c00d956c64b467cac4e4d1827e","name":"sophie","image":{"@type":"ImageObject","inLanguage":"fr-FR","@id":"https:\/\/secure.gravatar.com\/avatar\/4677ff4549538e97f425c7bc936aba999c75cedabecf0eca514c7a2ca65dbecb?s=96&d=mm&r=g","url":"https:\/\/secure.gravatar.com\/avatar\/4677ff4549538e97f425c7bc936aba999c75cedabecf0eca514c7a2ca65dbecb?s=96&d=mm&r=g","contentUrl":"https:\/\/secure.gravatar.com\/avatar\/4677ff4549538e97f425c7bc936aba999c75cedabecf0eca514c7a2ca65dbecb?s=96&d=mm&r=g","caption":"sophie"},"url":"https:\/\/www.salon-medecinedouce.com\/paris\/blog\/author\/sophie\/"}]}},"rttpg_featured_image_url":{"full":["https:\/\/www.salon-medecinedouce.com\/paris\/wp-content\/uploads\/sites\/14\/2026\/01\/Capture-decran-2026-01-26-a-14.59.12.png",369,580,false],"landscape":["https:\/\/www.salon-medecinedouce.com\/paris\/wp-content\/uploads\/sites\/14\/2026\/01\/Capture-decran-2026-01-26-a-14.59.12.png",369,580,false],"portraits":["https:\/\/www.salon-medecinedouce.com\/paris\/wp-content\/uploads\/sites\/14\/2026\/01\/Capture-decran-2026-01-26-a-14.59.12.png",369,580,false],"thumbnail":["https:\/\/www.salon-medecinedouce.com\/paris\/wp-content\/uploads\/sites\/14\/2026\/01\/Capture-decran-2026-01-26-a-14.59.12-150x150.png",150,150,true],"medium":["https:\/\/www.salon-medecinedouce.com\/paris\/wp-content\/uploads\/sites\/14\/2026\/01\/Capture-decran-2026-01-26-a-14.59.12-191x300.png",191,300,true],"large":["https:\/\/www.salon-medecinedouce.com\/paris\/wp-content\/uploads\/sites\/14\/2026\/01\/Capture-decran-2026-01-26-a-14.59.12.png",369,580,false],"1536x1536":["https:\/\/www.salon-medecinedouce.com\/paris\/wp-content\/uploads\/sites\/14\/2026\/01\/Capture-decran-2026-01-26-a-14.59.12.png",369,580,false],"2048x2048":["https:\/\/www.salon-medecinedouce.com\/paris\/wp-content\/uploads\/sites\/14\/2026\/01\/Capture-decran-2026-01-26-a-14.59.12.png",369,580,false],"gg_gallery_thumbnail":["https:\/\/www.salon-medecinedouce.com\/paris\/wp-content\/uploads\/sites\/14\/2026\/01\/Capture-decran-2026-01-26-a-14.59.12-369x250.png",369,250,true],"rpwe-thumbnail":["https:\/\/www.salon-medecinedouce.com\/paris\/wp-content\/uploads\/sites\/14\/2026\/01\/Capture-decran-2026-01-26-a-14.59.12-45x45.png",45,45,true]},"rttpg_author":{"display_name":"sophie","author_link":"https:\/\/www.salon-medecinedouce.com\/paris\/blog\/author\/sophie\/"},"rttpg_comment":0,"rttpg_category":"<a href=\"https:\/\/www.salon-medecinedouce.com\/paris\/blog\/category\/portraits-exposants\/\" rel=\"category tag\">Portraits exposants<\/a>","rttpg_excerpt":"Pr\u00e9sentez-vous en quelques mots Je m\u2019appelle Clara Daguillanes, je suis m\u00e9dium depuis plus de vingt ans et fondatrice de Secret Voyance. J\u2019ai d\u00e9couvert ma m\u00e9diumnit\u00e9 tr\u00e8s jeune, \u00e0 l\u2019\u00e2ge de 17 ans, lors d\u2019une exp\u00e9rience marquante d\u2019\u00e9criture automatique qui a profond\u00e9ment transform\u00e9 ma vie. Au fil des ann\u00e9es, ma capacit\u00e9 \u00e0 entrer en communication avec&hellip;","_links":{"self":[{"href":"https:\/\/www.salon-medecinedouce.com\/paris\/wp-json\/wp\/v2\/posts\/21919","targetHints":{"allow":["GET"]}}],"collection":[{"href":"https:\/\/www.salon-medecinedouce.com\/paris\/wp-json\/wp\/v2\/posts"}],"about":[{"href":"https:\/\/www.salon-medecinedouce.com\/paris\/wp-json\/wp\/v2\/types\/post"}],"author":[{"embeddable":true,"href":"https:\/\/www.salon-medecinedouce.com\/paris\/wp-json\/wp\/v2\/users\/9"}],"replies":[{"embeddable":true,"href":"https:\/\/www.salon-medecinedouce.com\/paris\/wp-json\/wp\/v2\/comments?post=21919"}],"version-history":[{"count":1,"href":"https:\/\/www.salon-medecinedouce.com\/paris\/wp-json\/wp\/v2\/posts\/21919\/revisions"}],"predecessor-version":[{"id":21921,"href":"https:\/\/www.salon-medecinedouce.com\/paris\/wp-json\/wp\/v2\/posts\/21919\/revisions\/21921"}],"wp:featuredmedia":[{"embeddable":true,"href":"https:\/\/www.salon-medecinedouce.com\/paris\/wp-json\/wp\/v2\/media\/21920"}],"wp:attachment":[{"href":"https:\/\/www.salon-medecinedouce.com\/paris\/wp-json\/wp\/v2\/media?parent=21919"}],"wp:term":[{"taxonomy":"category","embeddable":true,"href":"https:\/\/www.salon-medecinedouce.com\/paris\/wp-json\/wp\/v2\/categories?post=21919"},{"taxonomy":"post_tag","embeddable":true,"href":"https:\/\/www.salon-medecinedouce.com\/paris\/wp-json\/wp\/v2\/tags?post=21919"}],"curies":[{"name":"wp","href":"https:\/\/api.w.org\/{rel}","templated":true}]}}