{"id":18686,"date":"2025-01-27T15:09:17","date_gmt":"2025-01-27T14:09:17","guid":{"rendered":"https:\/\/www.salon-medecinedouce.com\/paris\/?p=18686"},"modified":"2025-01-27T16:05:34","modified_gmt":"2025-01-27T15:05:34","slug":"didier-joire","status":"publish","type":"post","link":"https:\/\/www.salon-medecinedouce.com\/paris\/blog\/2025\/01\/27\/didier-joire\/","title":{"rendered":"Didier Joire"},"content":{"rendered":"<h2>Pr\u00e9sentez-vous en quelques mots<\/h2>\n<p><a href=\"https:\/\/www.salon-medecinedouce.com\/paris\/blog\/2025\/01\/27\/didier-joire\/1737346929cb36433e2e-file1-img_6708\/\" rel=\"attachment wp-att-18687\"><img fetchpriority=\"high\" decoding=\"async\" class=\"wp-image-18687  alignleft\" src=\"https:\/\/www.salon-medecinedouce.com\/paris\/wp-content\/uploads\/sites\/14\/2025\/01\/1737346929cb36433e2e-file1-IMG_6708-e1737367919780.png\" alt=\"Didier Joire - homme\" width=\"300\" height=\"294\" srcset=\"https:\/\/www.salon-medecinedouce.com\/paris\/wp-content\/uploads\/sites\/14\/2025\/01\/1737346929cb36433e2e-file1-IMG_6708-e1737367919780.png 740w, https:\/\/www.salon-medecinedouce.com\/paris\/wp-content\/uploads\/sites\/14\/2025\/01\/1737346929cb36433e2e-file1-IMG_6708-e1737367919780-300x294.png 300w, https:\/\/www.salon-medecinedouce.com\/paris\/wp-content\/uploads\/sites\/14\/2025\/01\/1737346929cb36433e2e-file1-IMG_6708-e1737367919780-150x147.png 150w, https:\/\/www.salon-medecinedouce.com\/paris\/wp-content\/uploads\/sites\/14\/2025\/01\/1737346929cb36433e2e-file1-IMG_6708-e1737367919780-500x490.png 500w, https:\/\/www.salon-medecinedouce.com\/paris\/wp-content\/uploads\/sites\/14\/2025\/01\/1737346929cb36433e2e-file1-IMG_6708-e1737367919780-45x45.png 45w\" sizes=\"(max-width: 300px) 100vw, 300px\" \/><\/a><\/p>\n<p>\u00c2g\u00e9 de 72 ans, je <a href=\"https:\/\/www.hypnotisme-universel.fr\/\" target=\"_blank\" rel=\"noopener\">pratique<\/a> l\u2019accompagnement individuel et la formation depuis 35 ans.<br \/>\nJ\u2019ai mis au point une m\u00e9thode : la M\u00e9thode Joire qui inclut l\u2019hypnotisme-Universel. Je vous propose donc des consultations en face-\u00e0-face et des formations en pr\u00e9sentiel sur Paris.<\/p>\n<p>&nbsp;<\/p>\n<p>&nbsp;<\/p>\n<p>&nbsp;<\/p>\n<h2>Que propose Didier Joire ?<\/h2>\n<p>Je vous propose plusieurs formations.<\/p>\n<p>1) Devenez Hypno-Logue<br \/>\n2) Devenez Patricien en Radiesth\u00e9sie-Qantique<br \/>\n3) Formation en Auto-Hypnose<br \/>\nJe consulte sur Paris dans le 11e Arrondissement.<\/p>\n<h2>Parlez-nous du salon Bien-\u00catre M\u00e9decine Douce et de votre relation avec ce salon ?<\/h2>\n<p>Je fais le salon\u00a0Bien-\u00catre M\u00e9decine Douce depuis maintenant 8 ann\u00e9es.<\/p>\n<h2>Une citation qui vous inspire, une pens\u00e9e positive \u00e0 partager ?<\/h2>\n<p>Pour moi, le bien-\u00eatre, passe par un alignement quantique , \u00e9nerg\u00e9tique des sept chakras.<\/p>\n<p>&nbsp;<\/p>\n<p>&nbsp;<\/p>\n<p><a href=\"https:\/\/www.salon-medecinedouce.com\/lyon\/visiter\/liste-des-exposants\/\" target=\"_blank\" rel=\"noopener\"><em>Consultez la liste des exposants<\/em><\/a><\/p>\n<div class=\"salon-pubs-hp-bas-de-page salon-entity-placement\" id=\"salon-1973629079\"><div id=\"salon-1130563419\"><a data-no-instant=\"1\" href=\"https:\/\/www.adntv.fr\/home?request_origin=tv_app\" rel=\"noopener\" class=\"a2t-link\" target=\"_blank\"><p><a href=\"https:\/\/www.salondesseniors.com\/\"><img decoding=\"async\" class=\"wp-image-22417 aligncenter\" src=\"https:\/\/www.salon-medecinedouce.com\/paris\/wp-content\/uploads\/sites\/14\/2026\/02\/Banniere-728x90-1-300x37.png\" alt=\"\" width=\"754\" height=\"93\" srcset=\"https:\/\/www.salon-medecinedouce.com\/paris\/wp-content\/uploads\/sites\/14\/2026\/02\/Banniere-728x90-1-300x37.png 300w, https:\/\/www.salon-medecinedouce.com\/paris\/wp-content\/uploads\/sites\/14\/2026\/02\/Banniere-728x90-1-1024x127.png 1024w, https:\/\/www.salon-medecinedouce.com\/paris\/wp-content\/uploads\/sites\/14\/2026\/02\/Banniere-728x90-1-768x95.png 768w, https:\/\/www.salon-medecinedouce.com\/paris\/wp-content\/uploads\/sites\/14\/2026\/02\/Banniere-728x90-1-1536x190.png 1536w, https:\/\/www.salon-medecinedouce.com\/paris\/wp-content\/uploads\/sites\/14\/2026\/02\/Banniere-728x90-1-2048x253.png 2048w, https:\/\/www.salon-medecinedouce.com\/paris\/wp-content\/uploads\/sites\/14\/2026\/02\/Banniere-728x90-1-150x19.png 150w, https:\/\/www.salon-medecinedouce.com\/paris\/wp-content\/uploads\/sites\/14\/2026\/02\/Banniere-728x90-1-500x62.png 500w\" sizes=\"(max-width: 754px) 100vw, 754px\" \/><\/a><\/p>\n<\/a><\/div><\/div>","protected":false},"excerpt":{"rendered":"<p>Pr\u00e9sentez-vous en quelques mots \u00c2g\u00e9 de 72 ans, je pratique l\u2019accompagnement individuel et la formation depuis 35 ans. J\u2019ai mis au point une m\u00e9thode : la M\u00e9thode Joire qui inclut l\u2019hypnotisme-Universel. Je vous propose donc des consultations en face-\u00e0-face et des formations en pr\u00e9sentiel sur Paris. &nbsp; &nbsp; &nbsp; Que propose Didier Joire ? Je&hellip; <\/p>\n","protected":false},"author":6,"featured_media":18687,"comment_status":"closed","ping_status":"closed","sticky":false,"template":"","format":"standard","meta":{"_monsterinsights_skip_tracking":false,"_monsterinsights_sitenote_active":false,"_monsterinsights_sitenote_note":"","_monsterinsights_sitenote_category":0,"footnotes":""},"categories":[992],"tags":[],"class_list":["post-18686","post","type-post","status-publish","format-standard","has-post-thumbnail","hentry","category-portraits-exposants"],"yoast_head":"<!-- This site is optimized with the Yoast SEO plugin v27.3 - https:\/\/yoast.com\/product\/yoast-seo-wordpress\/ -->\n<title>Didier Joire - Bien-\u00eatre Paris<\/title>\n<meta name=\"description\" content=\"Venez d\u00e9couvrir ou red\u00e9couvrir Didier Joire lors du salon Bien-\u00catre M\u00e9decine Douce Paris du 30 janvier au 3 f\u00e9vrier 2025 !\" \/>\n<meta name=\"robots\" content=\"index, follow, max-snippet:-1, max-image-preview:large, max-video-preview:-1\" \/>\n<link rel=\"canonical\" href=\"https:\/\/www.salon-medecinedouce.com\/paris\/blog\/2025\/01\/27\/didier-joire\/\" \/>\n<meta property=\"og:locale\" content=\"fr_FR\" \/>\n<meta property=\"og:type\" content=\"article\" \/>\n<meta property=\"og:title\" content=\"Didier Joire - Bien-\u00eatre Paris\" \/>\n<meta property=\"og:description\" content=\"Venez d\u00e9couvrir ou red\u00e9couvrir Didier Joire lors du salon Bien-\u00catre M\u00e9decine Douce Paris du 30 janvier au 3 f\u00e9vrier 2025 !\" \/>\n<meta property=\"og:url\" content=\"https:\/\/www.salon-medecinedouce.com\/paris\/blog\/2025\/01\/27\/didier-joire\/\" \/>\n<meta property=\"og:site_name\" content=\"Bien-\u00eatre Paris\" \/>\n<meta property=\"article:published_time\" content=\"2025-01-27T14:09:17+00:00\" \/>\n<meta property=\"article:modified_time\" content=\"2025-01-27T15:05:34+00:00\" \/>\n<meta property=\"og:image\" content=\"https:\/\/www.salon-medecinedouce.com\/paris\/wp-content\/uploads\/sites\/14\/2025\/01\/1737346929cb36433e2e-file1-IMG_6708-e1737367919780.png\" \/>\n\t<meta property=\"og:image:width\" content=\"740\" \/>\n\t<meta property=\"og:image:height\" content=\"725\" \/>\n\t<meta property=\"og:image:type\" content=\"image\/png\" \/>\n<meta name=\"author\" content=\"communication\" \/>\n<meta name=\"twitter:card\" content=\"summary_large_image\" \/>\n<meta name=\"twitter:label1\" content=\"\u00c9crit par\" \/>\n\t<meta name=\"twitter:data1\" content=\"communication\" \/>\n\t<meta name=\"twitter:label2\" content=\"Dur\u00e9e de lecture estim\u00e9e\" \/>\n\t<meta name=\"twitter:data2\" content=\"2 minutes\" \/>\n<script type=\"application\/ld+json\" class=\"yoast-schema-graph\">{\"@context\":\"https:\\\/\\\/schema.org\",\"@graph\":[{\"@type\":\"Article\",\"@id\":\"https:\\\/\\\/www.salon-medecinedouce.com\\\/paris\\\/blog\\\/2025\\\/01\\\/27\\\/didier-joire\\\/#article\",\"isPartOf\":{\"@id\":\"https:\\\/\\\/www.salon-medecinedouce.com\\\/paris\\\/blog\\\/2025\\\/01\\\/27\\\/didier-joire\\\/\"},\"author\":{\"name\":\"communication\",\"@id\":\"https:\\\/\\\/www.salon-medecinedouce.com\\\/paris\\\/#\\\/schema\\\/person\\\/ae137e79c551ab78ea22fb35759cb9f8\"},\"headline\":\"Didier Joire\",\"datePublished\":\"2025-01-27T14:09:17+00:00\",\"dateModified\":\"2025-01-27T15:05:34+00:00\",\"mainEntityOfPage\":{\"@id\":\"https:\\\/\\\/www.salon-medecinedouce.com\\\/paris\\\/blog\\\/2025\\\/01\\\/27\\\/didier-joire\\\/\"},\"wordCount\":143,\"publisher\":{\"@id\":\"https:\\\/\\\/www.salon-medecinedouce.com\\\/paris\\\/#organization\"},\"image\":{\"@id\":\"https:\\\/\\\/www.salon-medecinedouce.com\\\/paris\\\/blog\\\/2025\\\/01\\\/27\\\/didier-joire\\\/#primaryimage\"},\"thumbnailUrl\":\"https:\\\/\\\/www.salon-medecinedouce.com\\\/paris\\\/wp-content\\\/uploads\\\/sites\\\/14\\\/2025\\\/01\\\/1737346929cb36433e2e-file1-IMG_6708-e1737367919780.png\",\"articleSection\":[\"Portraits exposants\"],\"inLanguage\":\"fr-FR\"},{\"@type\":\"WebPage\",\"@id\":\"https:\\\/\\\/www.salon-medecinedouce.com\\\/paris\\\/blog\\\/2025\\\/01\\\/27\\\/didier-joire\\\/\",\"url\":\"https:\\\/\\\/www.salon-medecinedouce.com\\\/paris\\\/blog\\\/2025\\\/01\\\/27\\\/didier-joire\\\/\",\"name\":\"Didier Joire - Bien-\u00eatre Paris\",\"isPartOf\":{\"@id\":\"https:\\\/\\\/www.salon-medecinedouce.com\\\/paris\\\/#website\"},\"primaryImageOfPage\":{\"@id\":\"https:\\\/\\\/www.salon-medecinedouce.com\\\/paris\\\/blog\\\/2025\\\/01\\\/27\\\/didier-joire\\\/#primaryimage\"},\"image\":{\"@id\":\"https:\\\/\\\/www.salon-medecinedouce.com\\\/paris\\\/blog\\\/2025\\\/01\\\/27\\\/didier-joire\\\/#primaryimage\"},\"thumbnailUrl\":\"https:\\\/\\\/www.salon-medecinedouce.com\\\/paris\\\/wp-content\\\/uploads\\\/sites\\\/14\\\/2025\\\/01\\\/1737346929cb36433e2e-file1-IMG_6708-e1737367919780.png\",\"datePublished\":\"2025-01-27T14:09:17+00:00\",\"dateModified\":\"2025-01-27T15:05:34+00:00\",\"description\":\"Venez d\u00e9couvrir ou red\u00e9couvrir Didier Joire lors du salon Bien-\u00catre M\u00e9decine Douce Paris du 30 janvier au 3 f\u00e9vrier 2025 !\",\"breadcrumb\":{\"@id\":\"https:\\\/\\\/www.salon-medecinedouce.com\\\/paris\\\/blog\\\/2025\\\/01\\\/27\\\/didier-joire\\\/#breadcrumb\"},\"inLanguage\":\"fr-FR\",\"potentialAction\":[{\"@type\":\"ReadAction\",\"target\":[\"https:\\\/\\\/www.salon-medecinedouce.com\\\/paris\\\/blog\\\/2025\\\/01\\\/27\\\/didier-joire\\\/\"]}]},{\"@type\":\"ImageObject\",\"inLanguage\":\"fr-FR\",\"@id\":\"https:\\\/\\\/www.salon-medecinedouce.com\\\/paris\\\/blog\\\/2025\\\/01\\\/27\\\/didier-joire\\\/#primaryimage\",\"url\":\"https:\\\/\\\/www.salon-medecinedouce.com\\\/paris\\\/wp-content\\\/uploads\\\/sites\\\/14\\\/2025\\\/01\\\/1737346929cb36433e2e-file1-IMG_6708-e1737367919780.png\",\"contentUrl\":\"https:\\\/\\\/www.salon-medecinedouce.com\\\/paris\\\/wp-content\\\/uploads\\\/sites\\\/14\\\/2025\\\/01\\\/1737346929cb36433e2e-file1-IMG_6708-e1737367919780.png\",\"width\":740,\"height\":725,\"caption\":\"Didier Joire - homme\"},{\"@type\":\"BreadcrumbList\",\"@id\":\"https:\\\/\\\/www.salon-medecinedouce.com\\\/paris\\\/blog\\\/2025\\\/01\\\/27\\\/didier-joire\\\/#breadcrumb\",\"itemListElement\":[{\"@type\":\"ListItem\",\"position\":1,\"name\":\"Accueil\",\"item\":\"https:\\\/\\\/www.salon-medecinedouce.com\\\/paris\\\/\"},{\"@type\":\"ListItem\",\"position\":2,\"name\":\"Didier Joire\"}]},{\"@type\":\"WebSite\",\"@id\":\"https:\\\/\\\/www.salon-medecinedouce.com\\\/paris\\\/#website\",\"url\":\"https:\\\/\\\/www.salon-medecinedouce.com\\\/paris\\\/\",\"name\":\"Bien-\u00eatre Paris\",\"description\":\"La sant\u00e9 au naturel : M\u00e9decines douces - Compl\u00e9ments alimentaires - Alimentation saine - Cosm\u00e9tiques naturelles - Art de vivre - Tourisme de sant\u00e9\",\"publisher\":{\"@id\":\"https:\\\/\\\/www.salon-medecinedouce.com\\\/paris\\\/#organization\"},\"potentialAction\":[{\"@type\":\"SearchAction\",\"target\":{\"@type\":\"EntryPoint\",\"urlTemplate\":\"https:\\\/\\\/www.salon-medecinedouce.com\\\/paris\\\/?s={search_term_string}\"},\"query-input\":{\"@type\":\"PropertyValueSpecification\",\"valueRequired\":true,\"valueName\":\"search_term_string\"}}],\"inLanguage\":\"fr-FR\"},{\"@type\":\"Organization\",\"@id\":\"https:\\\/\\\/www.salon-medecinedouce.com\\\/paris\\\/#organization\",\"name\":\"Bien-\u00eatre Paris\",\"url\":\"https:\\\/\\\/www.salon-medecinedouce.com\\\/paris\\\/\",\"logo\":{\"@type\":\"ImageObject\",\"inLanguage\":\"fr-FR\",\"@id\":\"https:\\\/\\\/www.salon-medecinedouce.com\\\/paris\\\/#\\\/schema\\\/logo\\\/image\\\/\",\"url\":\"https:\\\/\\\/www.salon-medecinedouce.com\\\/paris\\\/wp-content\\\/uploads\\\/sites\\\/14\\\/2024\\\/05\\\/cropped-logo-orange-bemd.png\",\"contentUrl\":\"https:\\\/\\\/www.salon-medecinedouce.com\\\/paris\\\/wp-content\\\/uploads\\\/sites\\\/14\\\/2024\\\/05\\\/cropped-logo-orange-bemd.png\",\"width\":591,\"height\":591,\"caption\":\"Bien-\u00eatre Paris\"},\"image\":{\"@id\":\"https:\\\/\\\/www.salon-medecinedouce.com\\\/paris\\\/#\\\/schema\\\/logo\\\/image\\\/\"}},{\"@type\":\"Person\",\"@id\":\"https:\\\/\\\/www.salon-medecinedouce.com\\\/paris\\\/#\\\/schema\\\/person\\\/ae137e79c551ab78ea22fb35759cb9f8\",\"name\":\"communication\",\"image\":{\"@type\":\"ImageObject\",\"inLanguage\":\"fr-FR\",\"@id\":\"https:\\\/\\\/secure.gravatar.com\\\/avatar\\\/0f49d5b7ab56355ffa797b3ce25e4f2375cedf6bc9afe416fe669342c3524275?s=96&d=mm&r=g\",\"url\":\"https:\\\/\\\/secure.gravatar.com\\\/avatar\\\/0f49d5b7ab56355ffa797b3ce25e4f2375cedf6bc9afe416fe669342c3524275?s=96&d=mm&r=g\",\"contentUrl\":\"https:\\\/\\\/secure.gravatar.com\\\/avatar\\\/0f49d5b7ab56355ffa797b3ce25e4f2375cedf6bc9afe416fe669342c3524275?s=96&d=mm&r=g\",\"caption\":\"communication\"},\"url\":\"https:\\\/\\\/www.salon-medecinedouce.com\\\/paris\\\/blog\\\/author\\\/communication\\\/\"}]}<\/script>\n<!-- \/ Yoast SEO plugin. -->","yoast_head_json":{"title":"Didier Joire - Bien-\u00eatre Paris","description":"Venez d\u00e9couvrir ou red\u00e9couvrir Didier Joire lors du salon Bien-\u00catre M\u00e9decine Douce Paris du 30 janvier au 3 f\u00e9vrier 2025 !","robots":{"index":"index","follow":"follow","max-snippet":"max-snippet:-1","max-image-preview":"max-image-preview:large","max-video-preview":"max-video-preview:-1"},"canonical":"https:\/\/www.salon-medecinedouce.com\/paris\/blog\/2025\/01\/27\/didier-joire\/","og_locale":"fr_FR","og_type":"article","og_title":"Didier Joire - Bien-\u00eatre Paris","og_description":"Venez d\u00e9couvrir ou red\u00e9couvrir Didier Joire lors du salon Bien-\u00catre M\u00e9decine Douce Paris du 30 janvier au 3 f\u00e9vrier 2025 !","og_url":"https:\/\/www.salon-medecinedouce.com\/paris\/blog\/2025\/01\/27\/didier-joire\/","og_site_name":"Bien-\u00eatre Paris","article_published_time":"2025-01-27T14:09:17+00:00","article_modified_time":"2025-01-27T15:05:34+00:00","og_image":[{"width":740,"height":725,"url":"https:\/\/www.salon-medecinedouce.com\/paris\/wp-content\/uploads\/sites\/14\/2025\/01\/1737346929cb36433e2e-file1-IMG_6708-e1737367919780.png","type":"image\/png"}],"author":"communication","twitter_card":"summary_large_image","twitter_misc":{"\u00c9crit par":"communication","Dur\u00e9e de lecture estim\u00e9e":"2 minutes"},"schema":{"@context":"https:\/\/schema.org","@graph":[{"@type":"Article","@id":"https:\/\/www.salon-medecinedouce.com\/paris\/blog\/2025\/01\/27\/didier-joire\/#article","isPartOf":{"@id":"https:\/\/www.salon-medecinedouce.com\/paris\/blog\/2025\/01\/27\/didier-joire\/"},"author":{"name":"communication","@id":"https:\/\/www.salon-medecinedouce.com\/paris\/#\/schema\/person\/ae137e79c551ab78ea22fb35759cb9f8"},"headline":"Didier Joire","datePublished":"2025-01-27T14:09:17+00:00","dateModified":"2025-01-27T15:05:34+00:00","mainEntityOfPage":{"@id":"https:\/\/www.salon-medecinedouce.com\/paris\/blog\/2025\/01\/27\/didier-joire\/"},"wordCount":143,"publisher":{"@id":"https:\/\/www.salon-medecinedouce.com\/paris\/#organization"},"image":{"@id":"https:\/\/www.salon-medecinedouce.com\/paris\/blog\/2025\/01\/27\/didier-joire\/#primaryimage"},"thumbnailUrl":"https:\/\/www.salon-medecinedouce.com\/paris\/wp-content\/uploads\/sites\/14\/2025\/01\/1737346929cb36433e2e-file1-IMG_6708-e1737367919780.png","articleSection":["Portraits exposants"],"inLanguage":"fr-FR"},{"@type":"WebPage","@id":"https:\/\/www.salon-medecinedouce.com\/paris\/blog\/2025\/01\/27\/didier-joire\/","url":"https:\/\/www.salon-medecinedouce.com\/paris\/blog\/2025\/01\/27\/didier-joire\/","name":"Didier Joire - Bien-\u00eatre Paris","isPartOf":{"@id":"https:\/\/www.salon-medecinedouce.com\/paris\/#website"},"primaryImageOfPage":{"@id":"https:\/\/www.salon-medecinedouce.com\/paris\/blog\/2025\/01\/27\/didier-joire\/#primaryimage"},"image":{"@id":"https:\/\/www.salon-medecinedouce.com\/paris\/blog\/2025\/01\/27\/didier-joire\/#primaryimage"},"thumbnailUrl":"https:\/\/www.salon-medecinedouce.com\/paris\/wp-content\/uploads\/sites\/14\/2025\/01\/1737346929cb36433e2e-file1-IMG_6708-e1737367919780.png","datePublished":"2025-01-27T14:09:17+00:00","dateModified":"2025-01-27T15:05:34+00:00","description":"Venez d\u00e9couvrir ou red\u00e9couvrir Didier Joire lors du salon Bien-\u00catre M\u00e9decine Douce Paris du 30 janvier au 3 f\u00e9vrier 2025 !","breadcrumb":{"@id":"https:\/\/www.salon-medecinedouce.com\/paris\/blog\/2025\/01\/27\/didier-joire\/#breadcrumb"},"inLanguage":"fr-FR","potentialAction":[{"@type":"ReadAction","target":["https:\/\/www.salon-medecinedouce.com\/paris\/blog\/2025\/01\/27\/didier-joire\/"]}]},{"@type":"ImageObject","inLanguage":"fr-FR","@id":"https:\/\/www.salon-medecinedouce.com\/paris\/blog\/2025\/01\/27\/didier-joire\/#primaryimage","url":"https:\/\/www.salon-medecinedouce.com\/paris\/wp-content\/uploads\/sites\/14\/2025\/01\/1737346929cb36433e2e-file1-IMG_6708-e1737367919780.png","contentUrl":"https:\/\/www.salon-medecinedouce.com\/paris\/wp-content\/uploads\/sites\/14\/2025\/01\/1737346929cb36433e2e-file1-IMG_6708-e1737367919780.png","width":740,"height":725,"caption":"Didier Joire - homme"},{"@type":"BreadcrumbList","@id":"https:\/\/www.salon-medecinedouce.com\/paris\/blog\/2025\/01\/27\/didier-joire\/#breadcrumb","itemListElement":[{"@type":"ListItem","position":1,"name":"Accueil","item":"https:\/\/www.salon-medecinedouce.com\/paris\/"},{"@type":"ListItem","position":2,"name":"Didier Joire"}]},{"@type":"WebSite","@id":"https:\/\/www.salon-medecinedouce.com\/paris\/#website","url":"https:\/\/www.salon-medecinedouce.com\/paris\/","name":"Bien-\u00eatre Paris","description":"La sant\u00e9 au naturel : M\u00e9decines douces - Compl\u00e9ments alimentaires - Alimentation saine - Cosm\u00e9tiques naturelles - Art de vivre - Tourisme de sant\u00e9","publisher":{"@id":"https:\/\/www.salon-medecinedouce.com\/paris\/#organization"},"potentialAction":[{"@type":"SearchAction","target":{"@type":"EntryPoint","urlTemplate":"https:\/\/www.salon-medecinedouce.com\/paris\/?s={search_term_string}"},"query-input":{"@type":"PropertyValueSpecification","valueRequired":true,"valueName":"search_term_string"}}],"inLanguage":"fr-FR"},{"@type":"Organization","@id":"https:\/\/www.salon-medecinedouce.com\/paris\/#organization","name":"Bien-\u00eatre Paris","url":"https:\/\/www.salon-medecinedouce.com\/paris\/","logo":{"@type":"ImageObject","inLanguage":"fr-FR","@id":"https:\/\/www.salon-medecinedouce.com\/paris\/#\/schema\/logo\/image\/","url":"https:\/\/www.salon-medecinedouce.com\/paris\/wp-content\/uploads\/sites\/14\/2024\/05\/cropped-logo-orange-bemd.png","contentUrl":"https:\/\/www.salon-medecinedouce.com\/paris\/wp-content\/uploads\/sites\/14\/2024\/05\/cropped-logo-orange-bemd.png","width":591,"height":591,"caption":"Bien-\u00eatre Paris"},"image":{"@id":"https:\/\/www.salon-medecinedouce.com\/paris\/#\/schema\/logo\/image\/"}},{"@type":"Person","@id":"https:\/\/www.salon-medecinedouce.com\/paris\/#\/schema\/person\/ae137e79c551ab78ea22fb35759cb9f8","name":"communication","image":{"@type":"ImageObject","inLanguage":"fr-FR","@id":"https:\/\/secure.gravatar.com\/avatar\/0f49d5b7ab56355ffa797b3ce25e4f2375cedf6bc9afe416fe669342c3524275?s=96&d=mm&r=g","url":"https:\/\/secure.gravatar.com\/avatar\/0f49d5b7ab56355ffa797b3ce25e4f2375cedf6bc9afe416fe669342c3524275?s=96&d=mm&r=g","contentUrl":"https:\/\/secure.gravatar.com\/avatar\/0f49d5b7ab56355ffa797b3ce25e4f2375cedf6bc9afe416fe669342c3524275?s=96&d=mm&r=g","caption":"communication"},"url":"https:\/\/www.salon-medecinedouce.com\/paris\/blog\/author\/communication\/"}]}},"rttpg_featured_image_url":{"full":["https:\/\/www.salon-medecinedouce.com\/paris\/wp-content\/uploads\/sites\/14\/2025\/01\/1737346929cb36433e2e-file1-IMG_6708-e1737367919780.png",740,725,false],"landscape":["https:\/\/www.salon-medecinedouce.com\/paris\/wp-content\/uploads\/sites\/14\/2025\/01\/1737346929cb36433e2e-file1-IMG_6708-e1737367919780.png",740,725,false],"portraits":["https:\/\/www.salon-medecinedouce.com\/paris\/wp-content\/uploads\/sites\/14\/2025\/01\/1737346929cb36433e2e-file1-IMG_6708-e1737367919780.png",740,725,false],"thumbnail":["https:\/\/www.salon-medecinedouce.com\/paris\/wp-content\/uploads\/sites\/14\/2025\/01\/1737346929cb36433e2e-file1-IMG_6708-e1737367919780-150x150.png",150,150,true],"medium":["https:\/\/www.salon-medecinedouce.com\/paris\/wp-content\/uploads\/sites\/14\/2025\/01\/1737346929cb36433e2e-file1-IMG_6708-e1737367919780-300x294.png",300,294,true],"large":["https:\/\/www.salon-medecinedouce.com\/paris\/wp-content\/uploads\/sites\/14\/2025\/01\/1737346929cb36433e2e-file1-IMG_6708-474x1024.png",474,1024,true],"1536x1536":["https:\/\/www.salon-medecinedouce.com\/paris\/wp-content\/uploads\/sites\/14\/2025\/01\/1737346929cb36433e2e-file1-IMG_6708-710x1536.png",710,1536,true],"2048x2048":["https:\/\/www.salon-medecinedouce.com\/paris\/wp-content\/uploads\/sites\/14\/2025\/01\/1737346929cb36433e2e-file1-IMG_6708-e1737367919780.png",740,725,false],"gg_gallery_thumbnail":["https:\/\/www.salon-medecinedouce.com\/paris\/wp-content\/uploads\/sites\/14\/2025\/01\/1737346929cb36433e2e-file1-IMG_6708-e1737367919780-450x250.png",450,250,true],"rpwe-thumbnail":["https:\/\/www.salon-medecinedouce.com\/paris\/wp-content\/uploads\/sites\/14\/2025\/01\/1737346929cb36433e2e-file1-IMG_6708-e1737367919780-45x45.png",45,45,true]},"rttpg_author":{"display_name":"communication","author_link":"https:\/\/www.salon-medecinedouce.com\/paris\/blog\/author\/communication\/"},"rttpg_comment":0,"rttpg_category":"<a href=\"https:\/\/www.salon-medecinedouce.com\/paris\/blog\/category\/portraits-exposants\/\" rel=\"category tag\">Portraits exposants<\/a>","rttpg_excerpt":"Pr\u00e9sentez-vous en quelques mots \u00c2g\u00e9 de 72 ans, je pratique l\u2019accompagnement individuel et la formation depuis 35 ans. J\u2019ai mis au point une m\u00e9thode : la M\u00e9thode Joire qui inclut l\u2019hypnotisme-Universel. Je vous propose donc des consultations en face-\u00e0-face et des formations en pr\u00e9sentiel sur Paris. &nbsp; &nbsp; &nbsp; Que propose Didier Joire ? Je&hellip;","_links":{"self":[{"href":"https:\/\/www.salon-medecinedouce.com\/paris\/wp-json\/wp\/v2\/posts\/18686","targetHints":{"allow":["GET"]}}],"collection":[{"href":"https:\/\/www.salon-medecinedouce.com\/paris\/wp-json\/wp\/v2\/posts"}],"about":[{"href":"https:\/\/www.salon-medecinedouce.com\/paris\/wp-json\/wp\/v2\/types\/post"}],"author":[{"embeddable":true,"href":"https:\/\/www.salon-medecinedouce.com\/paris\/wp-json\/wp\/v2\/users\/6"}],"replies":[{"embeddable":true,"href":"https:\/\/www.salon-medecinedouce.com\/paris\/wp-json\/wp\/v2\/comments?post=18686"}],"version-history":[{"count":11,"href":"https:\/\/www.salon-medecinedouce.com\/paris\/wp-json\/wp\/v2\/posts\/18686\/revisions"}],"predecessor-version":[{"id":19023,"href":"https:\/\/www.salon-medecinedouce.com\/paris\/wp-json\/wp\/v2\/posts\/18686\/revisions\/19023"}],"wp:featuredmedia":[{"embeddable":true,"href":"https:\/\/www.salon-medecinedouce.com\/paris\/wp-json\/wp\/v2\/media\/18687"}],"wp:attachment":[{"href":"https:\/\/www.salon-medecinedouce.com\/paris\/wp-json\/wp\/v2\/media?parent=18686"}],"wp:term":[{"taxonomy":"category","embeddable":true,"href":"https:\/\/www.salon-medecinedouce.com\/paris\/wp-json\/wp\/v2\/categories?post=18686"},{"taxonomy":"post_tag","embeddable":true,"href":"https:\/\/www.salon-medecinedouce.com\/paris\/wp-json\/wp\/v2\/tags?post=18686"}],"curies":[{"name":"wp","href":"https:\/\/api.w.org\/{rel}","templated":true}]}}