{"id":17744,"date":"2024-12-19T16:27:49","date_gmt":"2024-12-19T15:27:49","guid":{"rendered":"https:\/\/www.salon-medecinedouce.com\/paris\/?p=17744"},"modified":"2024-12-19T16:27:50","modified_gmt":"2024-12-19T15:27:50","slug":"zenenergie","status":"publish","type":"post","link":"https:\/\/www.salon-medecinedouce.com\/paris\/blog\/2024\/12\/19\/zenenergie\/","title":{"rendered":"Zen&rsquo;Energie"},"content":{"rendered":"<h2>Pr\u00e9sentez-vous en quelques mots<\/h2>\n<p><a href=\"https:\/\/www.salon-medecinedouce.com\/paris\/blog\/2024\/12\/19\/zenenergie\/17344655019db9c9e098-file2-20230603_181759\/\" rel=\"attachment wp-att-17746\"><img fetchpriority=\"high\" decoding=\"async\" class=\"wp-image-17746  alignleft\" src=\"https:\/\/www.salon-medecinedouce.com\/paris\/wp-content\/uploads\/sites\/14\/2024\/12\/17344655019db9c9e098-file2-20230603_181759.jpg\" alt=\"Zen'Energie - homme\" width=\"247\" height=\"314\" srcset=\"https:\/\/www.salon-medecinedouce.com\/paris\/wp-content\/uploads\/sites\/14\/2024\/12\/17344655019db9c9e098-file2-20230603_181759.jpg 1392w, https:\/\/www.salon-medecinedouce.com\/paris\/wp-content\/uploads\/sites\/14\/2024\/12\/17344655019db9c9e098-file2-20230603_181759-235x300.jpg 235w, https:\/\/www.salon-medecinedouce.com\/paris\/wp-content\/uploads\/sites\/14\/2024\/12\/17344655019db9c9e098-file2-20230603_181759-803x1024.jpg 803w, https:\/\/www.salon-medecinedouce.com\/paris\/wp-content\/uploads\/sites\/14\/2024\/12\/17344655019db9c9e098-file2-20230603_181759-768x979.jpg 768w, https:\/\/www.salon-medecinedouce.com\/paris\/wp-content\/uploads\/sites\/14\/2024\/12\/17344655019db9c9e098-file2-20230603_181759-1205x1536.jpg 1205w, https:\/\/www.salon-medecinedouce.com\/paris\/wp-content\/uploads\/sites\/14\/2024\/12\/17344655019db9c9e098-file2-20230603_181759-150x191.jpg 150w, https:\/\/www.salon-medecinedouce.com\/paris\/wp-content\/uploads\/sites\/14\/2024\/12\/17344655019db9c9e098-file2-20230603_181759-392x500.jpg 392w\" sizes=\"(max-width: 247px) 100vw, 247px\" \/><\/a>Depuis 19 ans, <a href=\"https:\/\/zen-energie.com\/zen\/\" target=\"_blank\" rel=\"noopener\">Landry<\/a> Ducolombier exerce en tant que praticien sp\u00e9cialis\u00e9 dans la m\u00e9decine chinoise traditionnelle. Passionn\u00e9 par les nouvelles approches th\u00e9rapeutiques, il a d\u00e9velopp\u00e9 l&rsquo;acupuncture vibratoire, une m\u00e9thode innovante alliant les bienfaits de l&rsquo;acupuncture classique augment\u00e9 par les vibrations et les fr\u00e9quences sonores.<\/p>\n<p>Formations: Diplom\u00e9 : ECOLE CETC &#8211; Institut LISHUZEN (4 ans) dirig\u00e9 par Mr Philippe Laurent auteur de\u201d L\u2019esprit des points\u00a0\u00bb<br \/>\nFormation: Reiki-Akashique &#8211; magn\u00e9tisme<\/p>\n<p>Publications : Participation au livre de Nantcy Leone : \u201cEndom\u00e9triose , PMA comment mieux vivre ton parcours\u201d<br \/>\n(\u00e9ditions fauves), \u201cquelle est l\u2019approche de la MTC dans ces pathologies\u201d<\/p>\n<p>Expertise: Douleurs chroniques, stress, troubles du sommeil, probl\u00e8mes gyn\u00e9cologiques, massage musculaire et magn\u00e9tiseur de la douleur &#8230;.<\/p>\n<p>&nbsp;<\/p>\n<h2>Que propose Zen&rsquo;Energie ?<\/h2>\n<p>Je propose le livre de la M\u00e9thode Meer \u00e0 un prix inf\u00e9rieur au prix du march\u00e9.<br \/>\nJe propose un bilan TCA gratuit sur le stand et la participation \u00e0 un tirage au sort pour b\u00e9n\u00e9ficier de la s\u00e9ance d\u00e9couverte gratuite.<\/p>\n<p>50% sur la s\u00e9ance d\u00e9couverte sur prise de rendez-vous sur le stand.<\/p>\n<h2>Parlez-nous de votre relation avec le salon<\/h2>\n<p>En 2025, il s&rsquo;agira d&rsquo;une deuxi\u00e8me participation valid\u00e9e par Vadhana. J&rsquo;ai \u00e9t\u00e9 impressionn\u00e9 par le nombre de visiteurs et la pertinence des interventions.<\/p>\n<div class=\"flex max-w-full flex-col flex-grow\">\n<div class=\"min-h-8 text-message flex w-full flex-col items-end gap-2 whitespace-normal break-words text-start [.text-message+&amp;]:mt-5\" dir=\"auto\" data-message-author-role=\"assistant\" data-message-id=\"a03ddc33-a9a5-4be3-8e03-82676cd02a66\" data-message-model-slug=\"gpt-4o\">\n<div class=\"flex w-full flex-col gap-1 empty:hidden first:pt-[3px]\">\n<div class=\"markdown prose w-full break-words dark:prose-invert light\">\u00a0<\/div>\n<\/div>\n<\/div>\n<\/div>\n<h2>Une citation qui vous inspire, une pens\u00e9e positive \u00e0 partager ?<\/h2>\n<p>Le ma\u00eetre-mot comme en m\u00e9decine chinoise est : l\u2019\u00e9quilibre.<\/p>\n<p><a href=\"https:\/\/www.salon-medecinedouce.com\/paris\/blog\/2024\/12\/19\/zenenergie\/17344655019db9c9e098-file1-landry-zen-energie1\/\" rel=\"attachment wp-att-17745\"><img decoding=\"async\" class=\"alignnone wp-image-17745 \" src=\"https:\/\/www.salon-medecinedouce.com\/paris\/wp-content\/uploads\/sites\/14\/2024\/12\/17344655019db9c9e098-file1-landry-zen-energie1.png\" alt=\"Zen'Energie - banni\u00e8re\" width=\"302\" height=\"302\" srcset=\"https:\/\/www.salon-medecinedouce.com\/paris\/wp-content\/uploads\/sites\/14\/2024\/12\/17344655019db9c9e098-file1-landry-zen-energie1.png 500w, https:\/\/www.salon-medecinedouce.com\/paris\/wp-content\/uploads\/sites\/14\/2024\/12\/17344655019db9c9e098-file1-landry-zen-energie1-300x300.png 300w, https:\/\/www.salon-medecinedouce.com\/paris\/wp-content\/uploads\/sites\/14\/2024\/12\/17344655019db9c9e098-file1-landry-zen-energie1-150x150.png 150w, https:\/\/www.salon-medecinedouce.com\/paris\/wp-content\/uploads\/sites\/14\/2024\/12\/17344655019db9c9e098-file1-landry-zen-energie1-200x200.png 200w, https:\/\/www.salon-medecinedouce.com\/paris\/wp-content\/uploads\/sites\/14\/2024\/12\/17344655019db9c9e098-file1-landry-zen-energie1-100x100.png 100w, https:\/\/www.salon-medecinedouce.com\/paris\/wp-content\/uploads\/sites\/14\/2024\/12\/17344655019db9c9e098-file1-landry-zen-energie1-45x45.png 45w\" sizes=\"(max-width: 302px) 100vw, 302px\" \/><\/a><\/p>\n<p>&nbsp;<\/p>\n<p><a href=\"https:\/\/www.salon-medecinedouce.com\/paris\/visiteurs\/liste-des-exposants\/\" target=\"_blank\" rel=\"noopener\"><em>Consultez la liste des exposants<\/em><\/a><\/p>\n<div class=\"salon-pubs-hp-bas-de-page salon-entity-placement\" id=\"salon-296566674\"><div id=\"salon-774704615\"><a data-no-instant=\"1\" href=\"https:\/\/www.adntv.fr\/home?request_origin=tv_app\" rel=\"noopener\" class=\"a2t-link\" target=\"_blank\"><p><a href=\"https:\/\/www.salondesseniors.com\/\"><img decoding=\"async\" class=\"wp-image-22417 aligncenter\" src=\"https:\/\/www.salon-medecinedouce.com\/paris\/wp-content\/uploads\/sites\/14\/2026\/02\/Banniere-728x90-1-300x37.png\" alt=\"\" width=\"754\" height=\"93\" srcset=\"https:\/\/www.salon-medecinedouce.com\/paris\/wp-content\/uploads\/sites\/14\/2026\/02\/Banniere-728x90-1-300x37.png 300w, https:\/\/www.salon-medecinedouce.com\/paris\/wp-content\/uploads\/sites\/14\/2026\/02\/Banniere-728x90-1-1024x127.png 1024w, https:\/\/www.salon-medecinedouce.com\/paris\/wp-content\/uploads\/sites\/14\/2026\/02\/Banniere-728x90-1-768x95.png 768w, https:\/\/www.salon-medecinedouce.com\/paris\/wp-content\/uploads\/sites\/14\/2026\/02\/Banniere-728x90-1-1536x190.png 1536w, https:\/\/www.salon-medecinedouce.com\/paris\/wp-content\/uploads\/sites\/14\/2026\/02\/Banniere-728x90-1-2048x253.png 2048w, https:\/\/www.salon-medecinedouce.com\/paris\/wp-content\/uploads\/sites\/14\/2026\/02\/Banniere-728x90-1-150x19.png 150w, https:\/\/www.salon-medecinedouce.com\/paris\/wp-content\/uploads\/sites\/14\/2026\/02\/Banniere-728x90-1-500x62.png 500w\" sizes=\"(max-width: 754px) 100vw, 754px\" \/><\/a><\/p>\n<\/a><\/div><\/div>","protected":false},"excerpt":{"rendered":"<p>Pr\u00e9sentez-vous en quelques mots Depuis 19 ans, Landry Ducolombier exerce en tant que praticien sp\u00e9cialis\u00e9 dans la m\u00e9decine chinoise traditionnelle. Passionn\u00e9 par les nouvelles approches th\u00e9rapeutiques, il a d\u00e9velopp\u00e9 l&rsquo;acupuncture vibratoire, une m\u00e9thode innovante alliant les bienfaits de l&rsquo;acupuncture classique augment\u00e9 par les vibrations et les fr\u00e9quences sonores. Formations: Diplom\u00e9 : ECOLE CETC &#8211; Institut&hellip; <\/p>\n","protected":false},"author":6,"featured_media":17746,"comment_status":"closed","ping_status":"closed","sticky":false,"template":"","format":"standard","meta":{"_monsterinsights_skip_tracking":false,"_monsterinsights_sitenote_active":false,"_monsterinsights_sitenote_note":"","_monsterinsights_sitenote_category":0,"footnotes":""},"categories":[992],"tags":[],"class_list":["post-17744","post","type-post","status-publish","format-standard","has-post-thumbnail","hentry","category-portraits-exposants"],"yoast_head":"<!-- This site is optimized with the Yoast SEO plugin v27.3 - https:\/\/yoast.com\/product\/yoast-seo-wordpress\/ -->\n<title>Zen&#039;Energie - Bien-\u00eatre Paris<\/title>\n<meta name=\"description\" content=\"Venez d\u00e9couvrir ou red\u00e9couvrir Zen&#039;Energie lors du salon Bien-\u00catre M\u00e9decine Douce Paris du 30 janvier au 3 f\u00e9vrier 2025 !\" \/>\n<meta name=\"robots\" content=\"index, follow, max-snippet:-1, max-image-preview:large, max-video-preview:-1\" \/>\n<link rel=\"canonical\" href=\"https:\/\/www.salon-medecinedouce.com\/paris\/blog\/2024\/12\/19\/zenenergie\/\" \/>\n<meta property=\"og:locale\" content=\"fr_FR\" \/>\n<meta property=\"og:type\" content=\"article\" \/>\n<meta property=\"og:title\" content=\"Zen&#039;Energie - Bien-\u00eatre Paris\" \/>\n<meta property=\"og:description\" content=\"Venez d\u00e9couvrir ou red\u00e9couvrir Zen&#039;Energie lors du salon Bien-\u00catre M\u00e9decine Douce Paris du 30 janvier au 3 f\u00e9vrier 2025 !\" \/>\n<meta property=\"og:url\" content=\"https:\/\/www.salon-medecinedouce.com\/paris\/blog\/2024\/12\/19\/zenenergie\/\" \/>\n<meta property=\"og:site_name\" content=\"Bien-\u00eatre Paris\" \/>\n<meta property=\"article:published_time\" content=\"2024-12-19T15:27:49+00:00\" \/>\n<meta property=\"article:modified_time\" content=\"2024-12-19T15:27:50+00:00\" \/>\n<meta property=\"og:image\" content=\"https:\/\/www.salon-medecinedouce.com\/paris\/wp-content\/uploads\/sites\/14\/2024\/12\/17344655019db9c9e098-file2-20230603_181759.jpg\" \/>\n\t<meta property=\"og:image:width\" content=\"1392\" \/>\n\t<meta property=\"og:image:height\" content=\"1774\" \/>\n\t<meta property=\"og:image:type\" content=\"image\/jpeg\" \/>\n<meta name=\"author\" content=\"communication\" \/>\n<meta name=\"twitter:card\" content=\"summary_large_image\" \/>\n<meta name=\"twitter:label1\" content=\"\u00c9crit par\" \/>\n\t<meta name=\"twitter:data1\" content=\"communication\" \/>\n\t<meta name=\"twitter:label2\" content=\"Dur\u00e9e de lecture estim\u00e9e\" \/>\n\t<meta name=\"twitter:data2\" content=\"2 minutes\" \/>\n<script type=\"application\/ld+json\" class=\"yoast-schema-graph\">{\"@context\":\"https:\\\/\\\/schema.org\",\"@graph\":[{\"@type\":\"Article\",\"@id\":\"https:\\\/\\\/www.salon-medecinedouce.com\\\/paris\\\/blog\\\/2024\\\/12\\\/19\\\/zenenergie\\\/#article\",\"isPartOf\":{\"@id\":\"https:\\\/\\\/www.salon-medecinedouce.com\\\/paris\\\/blog\\\/2024\\\/12\\\/19\\\/zenenergie\\\/\"},\"author\":{\"name\":\"communication\",\"@id\":\"https:\\\/\\\/www.salon-medecinedouce.com\\\/paris\\\/#\\\/schema\\\/person\\\/ae137e79c551ab78ea22fb35759cb9f8\"},\"headline\":\"Zen&rsquo;Energie\",\"datePublished\":\"2024-12-19T15:27:49+00:00\",\"dateModified\":\"2024-12-19T15:27:50+00:00\",\"mainEntityOfPage\":{\"@id\":\"https:\\\/\\\/www.salon-medecinedouce.com\\\/paris\\\/blog\\\/2024\\\/12\\\/19\\\/zenenergie\\\/\"},\"wordCount\":244,\"publisher\":{\"@id\":\"https:\\\/\\\/www.salon-medecinedouce.com\\\/paris\\\/#organization\"},\"image\":{\"@id\":\"https:\\\/\\\/www.salon-medecinedouce.com\\\/paris\\\/blog\\\/2024\\\/12\\\/19\\\/zenenergie\\\/#primaryimage\"},\"thumbnailUrl\":\"https:\\\/\\\/www.salon-medecinedouce.com\\\/paris\\\/wp-content\\\/uploads\\\/sites\\\/14\\\/2024\\\/12\\\/17344655019db9c9e098-file2-20230603_181759.jpg\",\"articleSection\":[\"Portraits exposants\"],\"inLanguage\":\"fr-FR\"},{\"@type\":\"WebPage\",\"@id\":\"https:\\\/\\\/www.salon-medecinedouce.com\\\/paris\\\/blog\\\/2024\\\/12\\\/19\\\/zenenergie\\\/\",\"url\":\"https:\\\/\\\/www.salon-medecinedouce.com\\\/paris\\\/blog\\\/2024\\\/12\\\/19\\\/zenenergie\\\/\",\"name\":\"Zen'Energie - Bien-\u00eatre Paris\",\"isPartOf\":{\"@id\":\"https:\\\/\\\/www.salon-medecinedouce.com\\\/paris\\\/#website\"},\"primaryImageOfPage\":{\"@id\":\"https:\\\/\\\/www.salon-medecinedouce.com\\\/paris\\\/blog\\\/2024\\\/12\\\/19\\\/zenenergie\\\/#primaryimage\"},\"image\":{\"@id\":\"https:\\\/\\\/www.salon-medecinedouce.com\\\/paris\\\/blog\\\/2024\\\/12\\\/19\\\/zenenergie\\\/#primaryimage\"},\"thumbnailUrl\":\"https:\\\/\\\/www.salon-medecinedouce.com\\\/paris\\\/wp-content\\\/uploads\\\/sites\\\/14\\\/2024\\\/12\\\/17344655019db9c9e098-file2-20230603_181759.jpg\",\"datePublished\":\"2024-12-19T15:27:49+00:00\",\"dateModified\":\"2024-12-19T15:27:50+00:00\",\"description\":\"Venez d\u00e9couvrir ou red\u00e9couvrir Zen'Energie lors du salon Bien-\u00catre M\u00e9decine Douce Paris du 30 janvier au 3 f\u00e9vrier 2025 !\",\"breadcrumb\":{\"@id\":\"https:\\\/\\\/www.salon-medecinedouce.com\\\/paris\\\/blog\\\/2024\\\/12\\\/19\\\/zenenergie\\\/#breadcrumb\"},\"inLanguage\":\"fr-FR\",\"potentialAction\":[{\"@type\":\"ReadAction\",\"target\":[\"https:\\\/\\\/www.salon-medecinedouce.com\\\/paris\\\/blog\\\/2024\\\/12\\\/19\\\/zenenergie\\\/\"]}]},{\"@type\":\"ImageObject\",\"inLanguage\":\"fr-FR\",\"@id\":\"https:\\\/\\\/www.salon-medecinedouce.com\\\/paris\\\/blog\\\/2024\\\/12\\\/19\\\/zenenergie\\\/#primaryimage\",\"url\":\"https:\\\/\\\/www.salon-medecinedouce.com\\\/paris\\\/wp-content\\\/uploads\\\/sites\\\/14\\\/2024\\\/12\\\/17344655019db9c9e098-file2-20230603_181759.jpg\",\"contentUrl\":\"https:\\\/\\\/www.salon-medecinedouce.com\\\/paris\\\/wp-content\\\/uploads\\\/sites\\\/14\\\/2024\\\/12\\\/17344655019db9c9e098-file2-20230603_181759.jpg\",\"width\":1392,\"height\":1774,\"caption\":\"Zen'Energie - homme\"},{\"@type\":\"BreadcrumbList\",\"@id\":\"https:\\\/\\\/www.salon-medecinedouce.com\\\/paris\\\/blog\\\/2024\\\/12\\\/19\\\/zenenergie\\\/#breadcrumb\",\"itemListElement\":[{\"@type\":\"ListItem\",\"position\":1,\"name\":\"Accueil\",\"item\":\"https:\\\/\\\/www.salon-medecinedouce.com\\\/paris\\\/\"},{\"@type\":\"ListItem\",\"position\":2,\"name\":\"Zen&rsquo;Energie\"}]},{\"@type\":\"WebSite\",\"@id\":\"https:\\\/\\\/www.salon-medecinedouce.com\\\/paris\\\/#website\",\"url\":\"https:\\\/\\\/www.salon-medecinedouce.com\\\/paris\\\/\",\"name\":\"Bien-\u00eatre Paris\",\"description\":\"La sant\u00e9 au naturel : M\u00e9decines douces - Compl\u00e9ments alimentaires - Alimentation saine - Cosm\u00e9tiques naturelles - Art de vivre - Tourisme de sant\u00e9\",\"publisher\":{\"@id\":\"https:\\\/\\\/www.salon-medecinedouce.com\\\/paris\\\/#organization\"},\"potentialAction\":[{\"@type\":\"SearchAction\",\"target\":{\"@type\":\"EntryPoint\",\"urlTemplate\":\"https:\\\/\\\/www.salon-medecinedouce.com\\\/paris\\\/?s={search_term_string}\"},\"query-input\":{\"@type\":\"PropertyValueSpecification\",\"valueRequired\":true,\"valueName\":\"search_term_string\"}}],\"inLanguage\":\"fr-FR\"},{\"@type\":\"Organization\",\"@id\":\"https:\\\/\\\/www.salon-medecinedouce.com\\\/paris\\\/#organization\",\"name\":\"Bien-\u00eatre Paris\",\"url\":\"https:\\\/\\\/www.salon-medecinedouce.com\\\/paris\\\/\",\"logo\":{\"@type\":\"ImageObject\",\"inLanguage\":\"fr-FR\",\"@id\":\"https:\\\/\\\/www.salon-medecinedouce.com\\\/paris\\\/#\\\/schema\\\/logo\\\/image\\\/\",\"url\":\"https:\\\/\\\/www.salon-medecinedouce.com\\\/paris\\\/wp-content\\\/uploads\\\/sites\\\/14\\\/2024\\\/05\\\/cropped-logo-orange-bemd.png\",\"contentUrl\":\"https:\\\/\\\/www.salon-medecinedouce.com\\\/paris\\\/wp-content\\\/uploads\\\/sites\\\/14\\\/2024\\\/05\\\/cropped-logo-orange-bemd.png\",\"width\":591,\"height\":591,\"caption\":\"Bien-\u00eatre Paris\"},\"image\":{\"@id\":\"https:\\\/\\\/www.salon-medecinedouce.com\\\/paris\\\/#\\\/schema\\\/logo\\\/image\\\/\"}},{\"@type\":\"Person\",\"@id\":\"https:\\\/\\\/www.salon-medecinedouce.com\\\/paris\\\/#\\\/schema\\\/person\\\/ae137e79c551ab78ea22fb35759cb9f8\",\"name\":\"communication\",\"image\":{\"@type\":\"ImageObject\",\"inLanguage\":\"fr-FR\",\"@id\":\"https:\\\/\\\/secure.gravatar.com\\\/avatar\\\/0f49d5b7ab56355ffa797b3ce25e4f2375cedf6bc9afe416fe669342c3524275?s=96&d=mm&r=g\",\"url\":\"https:\\\/\\\/secure.gravatar.com\\\/avatar\\\/0f49d5b7ab56355ffa797b3ce25e4f2375cedf6bc9afe416fe669342c3524275?s=96&d=mm&r=g\",\"contentUrl\":\"https:\\\/\\\/secure.gravatar.com\\\/avatar\\\/0f49d5b7ab56355ffa797b3ce25e4f2375cedf6bc9afe416fe669342c3524275?s=96&d=mm&r=g\",\"caption\":\"communication\"},\"url\":\"https:\\\/\\\/www.salon-medecinedouce.com\\\/paris\\\/blog\\\/author\\\/communication\\\/\"}]}<\/script>\n<!-- \/ Yoast SEO plugin. -->","yoast_head_json":{"title":"Zen'Energie - Bien-\u00eatre Paris","description":"Venez d\u00e9couvrir ou red\u00e9couvrir Zen'Energie lors du salon Bien-\u00catre M\u00e9decine Douce Paris du 30 janvier au 3 f\u00e9vrier 2025 !","robots":{"index":"index","follow":"follow","max-snippet":"max-snippet:-1","max-image-preview":"max-image-preview:large","max-video-preview":"max-video-preview:-1"},"canonical":"https:\/\/www.salon-medecinedouce.com\/paris\/blog\/2024\/12\/19\/zenenergie\/","og_locale":"fr_FR","og_type":"article","og_title":"Zen'Energie - Bien-\u00eatre Paris","og_description":"Venez d\u00e9couvrir ou red\u00e9couvrir Zen'Energie lors du salon Bien-\u00catre M\u00e9decine Douce Paris du 30 janvier au 3 f\u00e9vrier 2025 !","og_url":"https:\/\/www.salon-medecinedouce.com\/paris\/blog\/2024\/12\/19\/zenenergie\/","og_site_name":"Bien-\u00eatre Paris","article_published_time":"2024-12-19T15:27:49+00:00","article_modified_time":"2024-12-19T15:27:50+00:00","og_image":[{"width":1392,"height":1774,"url":"https:\/\/www.salon-medecinedouce.com\/paris\/wp-content\/uploads\/sites\/14\/2024\/12\/17344655019db9c9e098-file2-20230603_181759.jpg","type":"image\/jpeg"}],"author":"communication","twitter_card":"summary_large_image","twitter_misc":{"\u00c9crit par":"communication","Dur\u00e9e de lecture estim\u00e9e":"2 minutes"},"schema":{"@context":"https:\/\/schema.org","@graph":[{"@type":"Article","@id":"https:\/\/www.salon-medecinedouce.com\/paris\/blog\/2024\/12\/19\/zenenergie\/#article","isPartOf":{"@id":"https:\/\/www.salon-medecinedouce.com\/paris\/blog\/2024\/12\/19\/zenenergie\/"},"author":{"name":"communication","@id":"https:\/\/www.salon-medecinedouce.com\/paris\/#\/schema\/person\/ae137e79c551ab78ea22fb35759cb9f8"},"headline":"Zen&rsquo;Energie","datePublished":"2024-12-19T15:27:49+00:00","dateModified":"2024-12-19T15:27:50+00:00","mainEntityOfPage":{"@id":"https:\/\/www.salon-medecinedouce.com\/paris\/blog\/2024\/12\/19\/zenenergie\/"},"wordCount":244,"publisher":{"@id":"https:\/\/www.salon-medecinedouce.com\/paris\/#organization"},"image":{"@id":"https:\/\/www.salon-medecinedouce.com\/paris\/blog\/2024\/12\/19\/zenenergie\/#primaryimage"},"thumbnailUrl":"https:\/\/www.salon-medecinedouce.com\/paris\/wp-content\/uploads\/sites\/14\/2024\/12\/17344655019db9c9e098-file2-20230603_181759.jpg","articleSection":["Portraits exposants"],"inLanguage":"fr-FR"},{"@type":"WebPage","@id":"https:\/\/www.salon-medecinedouce.com\/paris\/blog\/2024\/12\/19\/zenenergie\/","url":"https:\/\/www.salon-medecinedouce.com\/paris\/blog\/2024\/12\/19\/zenenergie\/","name":"Zen'Energie - Bien-\u00eatre Paris","isPartOf":{"@id":"https:\/\/www.salon-medecinedouce.com\/paris\/#website"},"primaryImageOfPage":{"@id":"https:\/\/www.salon-medecinedouce.com\/paris\/blog\/2024\/12\/19\/zenenergie\/#primaryimage"},"image":{"@id":"https:\/\/www.salon-medecinedouce.com\/paris\/blog\/2024\/12\/19\/zenenergie\/#primaryimage"},"thumbnailUrl":"https:\/\/www.salon-medecinedouce.com\/paris\/wp-content\/uploads\/sites\/14\/2024\/12\/17344655019db9c9e098-file2-20230603_181759.jpg","datePublished":"2024-12-19T15:27:49+00:00","dateModified":"2024-12-19T15:27:50+00:00","description":"Venez d\u00e9couvrir ou red\u00e9couvrir Zen'Energie lors du salon Bien-\u00catre M\u00e9decine Douce Paris du 30 janvier au 3 f\u00e9vrier 2025 !","breadcrumb":{"@id":"https:\/\/www.salon-medecinedouce.com\/paris\/blog\/2024\/12\/19\/zenenergie\/#breadcrumb"},"inLanguage":"fr-FR","potentialAction":[{"@type":"ReadAction","target":["https:\/\/www.salon-medecinedouce.com\/paris\/blog\/2024\/12\/19\/zenenergie\/"]}]},{"@type":"ImageObject","inLanguage":"fr-FR","@id":"https:\/\/www.salon-medecinedouce.com\/paris\/blog\/2024\/12\/19\/zenenergie\/#primaryimage","url":"https:\/\/www.salon-medecinedouce.com\/paris\/wp-content\/uploads\/sites\/14\/2024\/12\/17344655019db9c9e098-file2-20230603_181759.jpg","contentUrl":"https:\/\/www.salon-medecinedouce.com\/paris\/wp-content\/uploads\/sites\/14\/2024\/12\/17344655019db9c9e098-file2-20230603_181759.jpg","width":1392,"height":1774,"caption":"Zen'Energie - homme"},{"@type":"BreadcrumbList","@id":"https:\/\/www.salon-medecinedouce.com\/paris\/blog\/2024\/12\/19\/zenenergie\/#breadcrumb","itemListElement":[{"@type":"ListItem","position":1,"name":"Accueil","item":"https:\/\/www.salon-medecinedouce.com\/paris\/"},{"@type":"ListItem","position":2,"name":"Zen&rsquo;Energie"}]},{"@type":"WebSite","@id":"https:\/\/www.salon-medecinedouce.com\/paris\/#website","url":"https:\/\/www.salon-medecinedouce.com\/paris\/","name":"Bien-\u00eatre Paris","description":"La sant\u00e9 au naturel : M\u00e9decines douces - Compl\u00e9ments alimentaires - Alimentation saine - Cosm\u00e9tiques naturelles - Art de vivre - Tourisme de sant\u00e9","publisher":{"@id":"https:\/\/www.salon-medecinedouce.com\/paris\/#organization"},"potentialAction":[{"@type":"SearchAction","target":{"@type":"EntryPoint","urlTemplate":"https:\/\/www.salon-medecinedouce.com\/paris\/?s={search_term_string}"},"query-input":{"@type":"PropertyValueSpecification","valueRequired":true,"valueName":"search_term_string"}}],"inLanguage":"fr-FR"},{"@type":"Organization","@id":"https:\/\/www.salon-medecinedouce.com\/paris\/#organization","name":"Bien-\u00eatre Paris","url":"https:\/\/www.salon-medecinedouce.com\/paris\/","logo":{"@type":"ImageObject","inLanguage":"fr-FR","@id":"https:\/\/www.salon-medecinedouce.com\/paris\/#\/schema\/logo\/image\/","url":"https:\/\/www.salon-medecinedouce.com\/paris\/wp-content\/uploads\/sites\/14\/2024\/05\/cropped-logo-orange-bemd.png","contentUrl":"https:\/\/www.salon-medecinedouce.com\/paris\/wp-content\/uploads\/sites\/14\/2024\/05\/cropped-logo-orange-bemd.png","width":591,"height":591,"caption":"Bien-\u00eatre Paris"},"image":{"@id":"https:\/\/www.salon-medecinedouce.com\/paris\/#\/schema\/logo\/image\/"}},{"@type":"Person","@id":"https:\/\/www.salon-medecinedouce.com\/paris\/#\/schema\/person\/ae137e79c551ab78ea22fb35759cb9f8","name":"communication","image":{"@type":"ImageObject","inLanguage":"fr-FR","@id":"https:\/\/secure.gravatar.com\/avatar\/0f49d5b7ab56355ffa797b3ce25e4f2375cedf6bc9afe416fe669342c3524275?s=96&d=mm&r=g","url":"https:\/\/secure.gravatar.com\/avatar\/0f49d5b7ab56355ffa797b3ce25e4f2375cedf6bc9afe416fe669342c3524275?s=96&d=mm&r=g","contentUrl":"https:\/\/secure.gravatar.com\/avatar\/0f49d5b7ab56355ffa797b3ce25e4f2375cedf6bc9afe416fe669342c3524275?s=96&d=mm&r=g","caption":"communication"},"url":"https:\/\/www.salon-medecinedouce.com\/paris\/blog\/author\/communication\/"}]}},"rttpg_featured_image_url":{"full":["https:\/\/www.salon-medecinedouce.com\/paris\/wp-content\/uploads\/sites\/14\/2024\/12\/17344655019db9c9e098-file2-20230603_181759.jpg",1392,1774,false],"landscape":["https:\/\/www.salon-medecinedouce.com\/paris\/wp-content\/uploads\/sites\/14\/2024\/12\/17344655019db9c9e098-file2-20230603_181759.jpg",1392,1774,false],"portraits":["https:\/\/www.salon-medecinedouce.com\/paris\/wp-content\/uploads\/sites\/14\/2024\/12\/17344655019db9c9e098-file2-20230603_181759.jpg",1392,1774,false],"thumbnail":["https:\/\/www.salon-medecinedouce.com\/paris\/wp-content\/uploads\/sites\/14\/2024\/12\/17344655019db9c9e098-file2-20230603_181759-150x150.jpg",150,150,true],"medium":["https:\/\/www.salon-medecinedouce.com\/paris\/wp-content\/uploads\/sites\/14\/2024\/12\/17344655019db9c9e098-file2-20230603_181759-235x300.jpg",235,300,true],"large":["https:\/\/www.salon-medecinedouce.com\/paris\/wp-content\/uploads\/sites\/14\/2024\/12\/17344655019db9c9e098-file2-20230603_181759-803x1024.jpg",790,1007,true],"1536x1536":["https:\/\/www.salon-medecinedouce.com\/paris\/wp-content\/uploads\/sites\/14\/2024\/12\/17344655019db9c9e098-file2-20230603_181759-1205x1536.jpg",1205,1536,true],"2048x2048":["https:\/\/www.salon-medecinedouce.com\/paris\/wp-content\/uploads\/sites\/14\/2024\/12\/17344655019db9c9e098-file2-20230603_181759.jpg",1392,1774,false],"gg_gallery_thumbnail":["https:\/\/www.salon-medecinedouce.com\/paris\/wp-content\/uploads\/sites\/14\/2024\/12\/17344655019db9c9e098-file2-20230603_181759-450x250.jpg",450,250,true],"rpwe-thumbnail":["https:\/\/www.salon-medecinedouce.com\/paris\/wp-content\/uploads\/sites\/14\/2024\/12\/17344655019db9c9e098-file2-20230603_181759-45x45.jpg",45,45,true]},"rttpg_author":{"display_name":"communication","author_link":"https:\/\/www.salon-medecinedouce.com\/paris\/blog\/author\/communication\/"},"rttpg_comment":0,"rttpg_category":"<a href=\"https:\/\/www.salon-medecinedouce.com\/paris\/blog\/category\/portraits-exposants\/\" rel=\"category tag\">Portraits exposants<\/a>","rttpg_excerpt":"Pr\u00e9sentez-vous en quelques mots Depuis 19 ans, Landry Ducolombier exerce en tant que praticien sp\u00e9cialis\u00e9 dans la m\u00e9decine chinoise traditionnelle. Passionn\u00e9 par les nouvelles approches th\u00e9rapeutiques, il a d\u00e9velopp\u00e9 l&rsquo;acupuncture vibratoire, une m\u00e9thode innovante alliant les bienfaits de l&rsquo;acupuncture classique augment\u00e9 par les vibrations et les fr\u00e9quences sonores. Formations: Diplom\u00e9 : ECOLE CETC &#8211; Institut&hellip;","_links":{"self":[{"href":"https:\/\/www.salon-medecinedouce.com\/paris\/wp-json\/wp\/v2\/posts\/17744","targetHints":{"allow":["GET"]}}],"collection":[{"href":"https:\/\/www.salon-medecinedouce.com\/paris\/wp-json\/wp\/v2\/posts"}],"about":[{"href":"https:\/\/www.salon-medecinedouce.com\/paris\/wp-json\/wp\/v2\/types\/post"}],"author":[{"embeddable":true,"href":"https:\/\/www.salon-medecinedouce.com\/paris\/wp-json\/wp\/v2\/users\/6"}],"replies":[{"embeddable":true,"href":"https:\/\/www.salon-medecinedouce.com\/paris\/wp-json\/wp\/v2\/comments?post=17744"}],"version-history":[{"count":7,"href":"https:\/\/www.salon-medecinedouce.com\/paris\/wp-json\/wp\/v2\/posts\/17744\/revisions"}],"predecessor-version":[{"id":17910,"href":"https:\/\/www.salon-medecinedouce.com\/paris\/wp-json\/wp\/v2\/posts\/17744\/revisions\/17910"}],"wp:featuredmedia":[{"embeddable":true,"href":"https:\/\/www.salon-medecinedouce.com\/paris\/wp-json\/wp\/v2\/media\/17746"}],"wp:attachment":[{"href":"https:\/\/www.salon-medecinedouce.com\/paris\/wp-json\/wp\/v2\/media?parent=17744"}],"wp:term":[{"taxonomy":"category","embeddable":true,"href":"https:\/\/www.salon-medecinedouce.com\/paris\/wp-json\/wp\/v2\/categories?post=17744"},{"taxonomy":"post_tag","embeddable":true,"href":"https:\/\/www.salon-medecinedouce.com\/paris\/wp-json\/wp\/v2\/tags?post=17744"}],"curies":[{"name":"wp","href":"https:\/\/api.w.org\/{rel}","templated":true}]}}