{"id":17667,"date":"2024-12-19T16:43:32","date_gmt":"2024-12-19T15:43:32","guid":{"rendered":"https:\/\/www.salon-medecinedouce.com\/paris\/?p=17667"},"modified":"2024-12-19T16:43:33","modified_gmt":"2024-12-19T15:43:33","slug":"association-aphn","status":"publish","type":"post","link":"https:\/\/www.salon-medecinedouce.com\/paris\/blog\/2024\/12\/19\/association-aphn\/","title":{"rendered":"Association APHN"},"content":{"rendered":"<h2>Pr\u00e9sentez-vous en quelques mots<\/h2>\n<p>L\u2019APHN est une association de <a href=\"https:\/\/aphn.fr\/\" target=\"_blank\" rel=\"noopener\">professionnels<\/a> et d\u2019\u00e9tudiants Naturopathes qui a pour but de promouvoir la naturopathie aupr\u00e8s du grand public.<\/p>\n<p>Cette association a \u00e9t\u00e9 cr\u00e9\u00e9e en 1983, par Alain Rousseaux, c\u00e9l\u00e8bre naturopathe fran\u00e7ais qui a permis le d\u00e9veloppement de la naturopathie en France avec Pierre Valentin Marchesseau.<\/p>\n<h2><a href=\"https:\/\/www.salon-medecinedouce.com\/paris\/blog\/2024\/12\/19\/association-aphn\/1733773488ff92f49c47-file1-rock-4234793_1280\/\" rel=\"attachment wp-att-17668\"><img fetchpriority=\"high\" decoding=\"async\" class=\"alignnone wp-image-17668 \" src=\"https:\/\/www.salon-medecinedouce.com\/paris\/wp-content\/uploads\/sites\/14\/2024\/12\/1733773488ff92f49c47-file1-rock-4234793_1280.jpg\" alt=\"Association APHN -\u00e9quilibre\" width=\"501\" height=\"334\" srcset=\"https:\/\/www.salon-medecinedouce.com\/paris\/wp-content\/uploads\/sites\/14\/2024\/12\/1733773488ff92f49c47-file1-rock-4234793_1280.jpg 1280w, https:\/\/www.salon-medecinedouce.com\/paris\/wp-content\/uploads\/sites\/14\/2024\/12\/1733773488ff92f49c47-file1-rock-4234793_1280-300x200.jpg 300w, https:\/\/www.salon-medecinedouce.com\/paris\/wp-content\/uploads\/sites\/14\/2024\/12\/1733773488ff92f49c47-file1-rock-4234793_1280-1024x682.jpg 1024w, https:\/\/www.salon-medecinedouce.com\/paris\/wp-content\/uploads\/sites\/14\/2024\/12\/1733773488ff92f49c47-file1-rock-4234793_1280-768x512.jpg 768w, https:\/\/www.salon-medecinedouce.com\/paris\/wp-content\/uploads\/sites\/14\/2024\/12\/1733773488ff92f49c47-file1-rock-4234793_1280-150x100.jpg 150w, https:\/\/www.salon-medecinedouce.com\/paris\/wp-content\/uploads\/sites\/14\/2024\/12\/1733773488ff92f49c47-file1-rock-4234793_1280-500x333.jpg 500w\" sizes=\"(max-width: 501px) 100vw, 501px\" \/><\/a><\/h2>\n<h2>Que propose l&rsquo;Association APHN ?<\/h2>\n<p>Sur notre stand, nous proposons des minis bilans de vitalit\u00e9, iridologie et morphologie.<\/p>\n<p>Notre objectif est de faire d\u00e9couvrir au public, les techniques utilis\u00e9es par les naturopathes, pour \u00e9valuer le terrain des consultants.<\/p>\n<h2>\u00a0<\/h2>\n<h2>Parlez-nous de votre relation avec le salon<\/h2>\n<p>L\u2019APHN est pr\u00e9sente sur le salon depuis 2015 !<br \/>\nCela fera donc 10 ans en 2025, un bel anniversaire pour une belle collaboration !\ud83c\udf81<\/p>\n<p>&nbsp;<\/p>\n<h2>Une citation qui vous inspire, une pens\u00e9e positive \u00e0 partager ?<\/h2>\n<p>Le bien-\u00eatre est la sensation de pl\u00e9nitude et d\u2019harmonie entre le corps et l\u2019esprit \ud83d\ude4f<\/p>\n<p><a href=\"https:\/\/www.salon-medecinedouce.com\/paris\/blog\/2024\/12\/19\/association-aphn\/1733773488ff92f49c47-file2-sunrise-3848628_1280-1\/\" rel=\"attachment wp-att-17669\"><img decoding=\"async\" class=\"alignnone wp-image-17669 \" src=\"https:\/\/www.salon-medecinedouce.com\/paris\/wp-content\/uploads\/sites\/14\/2024\/12\/1733773488ff92f49c47-file2-sunrise-3848628_1280-1.jpg\" alt=\"Association APHN - femme zen\" width=\"514\" height=\"289\" srcset=\"https:\/\/www.salon-medecinedouce.com\/paris\/wp-content\/uploads\/sites\/14\/2024\/12\/1733773488ff92f49c47-file2-sunrise-3848628_1280-1.jpg 1280w, https:\/\/www.salon-medecinedouce.com\/paris\/wp-content\/uploads\/sites\/14\/2024\/12\/1733773488ff92f49c47-file2-sunrise-3848628_1280-1-300x169.jpg 300w, https:\/\/www.salon-medecinedouce.com\/paris\/wp-content\/uploads\/sites\/14\/2024\/12\/1733773488ff92f49c47-file2-sunrise-3848628_1280-1-1024x575.jpg 1024w, https:\/\/www.salon-medecinedouce.com\/paris\/wp-content\/uploads\/sites\/14\/2024\/12\/1733773488ff92f49c47-file2-sunrise-3848628_1280-1-768x431.jpg 768w, https:\/\/www.salon-medecinedouce.com\/paris\/wp-content\/uploads\/sites\/14\/2024\/12\/1733773488ff92f49c47-file2-sunrise-3848628_1280-1-150x84.jpg 150w, https:\/\/www.salon-medecinedouce.com\/paris\/wp-content\/uploads\/sites\/14\/2024\/12\/1733773488ff92f49c47-file2-sunrise-3848628_1280-1-500x281.jpg 500w\" sizes=\"(max-width: 514px) 100vw, 514px\" \/><\/a><\/p>\n<p>&nbsp;<\/p>\n<p>&nbsp;<\/p>\n<p><a href=\"https:\/\/www.salon-medecinedouce.com\/paris\/visiteurs\/liste-des-exposants\/\" target=\"_blank\" rel=\"noopener\"><em>Consultez la liste des exposants<\/em><\/a><\/p>\n<div class=\"salon-pubs-hp-bas-de-page salon-entity-placement\" id=\"salon-572369806\"><div id=\"salon-3285880702\"><a data-no-instant=\"1\" href=\"https:\/\/www.adntv.fr\/home?request_origin=tv_app\" rel=\"noopener\" class=\"a2t-link\" target=\"_blank\"><p><a href=\"https:\/\/www.salondesseniors.com\/\"><img decoding=\"async\" class=\"wp-image-22417 aligncenter\" src=\"https:\/\/www.salon-medecinedouce.com\/paris\/wp-content\/uploads\/sites\/14\/2026\/02\/Banniere-728x90-1-300x37.png\" alt=\"\" width=\"754\" height=\"93\" srcset=\"https:\/\/www.salon-medecinedouce.com\/paris\/wp-content\/uploads\/sites\/14\/2026\/02\/Banniere-728x90-1-300x37.png 300w, https:\/\/www.salon-medecinedouce.com\/paris\/wp-content\/uploads\/sites\/14\/2026\/02\/Banniere-728x90-1-1024x127.png 1024w, https:\/\/www.salon-medecinedouce.com\/paris\/wp-content\/uploads\/sites\/14\/2026\/02\/Banniere-728x90-1-768x95.png 768w, https:\/\/www.salon-medecinedouce.com\/paris\/wp-content\/uploads\/sites\/14\/2026\/02\/Banniere-728x90-1-1536x190.png 1536w, https:\/\/www.salon-medecinedouce.com\/paris\/wp-content\/uploads\/sites\/14\/2026\/02\/Banniere-728x90-1-2048x253.png 2048w, https:\/\/www.salon-medecinedouce.com\/paris\/wp-content\/uploads\/sites\/14\/2026\/02\/Banniere-728x90-1-150x19.png 150w, https:\/\/www.salon-medecinedouce.com\/paris\/wp-content\/uploads\/sites\/14\/2026\/02\/Banniere-728x90-1-500x62.png 500w\" sizes=\"(max-width: 754px) 100vw, 754px\" \/><\/a><\/p>\n<\/a><\/div><\/div>","protected":false},"excerpt":{"rendered":"<p>Pr\u00e9sentez-vous en quelques mots L\u2019APHN est une association de professionnels et d\u2019\u00e9tudiants Naturopathes qui a pour but de promouvoir la naturopathie aupr\u00e8s du grand public. Cette association a \u00e9t\u00e9 cr\u00e9\u00e9e en 1983, par Alain Rousseaux, c\u00e9l\u00e8bre naturopathe fran\u00e7ais qui a permis le d\u00e9veloppement de la naturopathie en France avec Pierre Valentin Marchesseau. Que propose l&rsquo;Association&hellip; <\/p>\n","protected":false},"author":6,"featured_media":17668,"comment_status":"closed","ping_status":"closed","sticky":false,"template":"","format":"standard","meta":{"_monsterinsights_skip_tracking":false,"_monsterinsights_sitenote_active":false,"_monsterinsights_sitenote_note":"","_monsterinsights_sitenote_category":0,"footnotes":""},"categories":[992],"tags":[],"class_list":["post-17667","post","type-post","status-publish","format-standard","has-post-thumbnail","hentry","category-portraits-exposants"],"yoast_head":"<!-- This site is optimized with the Yoast SEO plugin v27.3 - https:\/\/yoast.com\/product\/yoast-seo-wordpress\/ -->\n<title>Association APHN - Bien-\u00eatre Paris<\/title>\n<meta name=\"description\" content=\"Venez d\u00e9couvrir ou red\u00e9couvrir Association APHN lors du salon Bien-\u00catre M\u00e9decine Douce Paris du 30 janvier au 3 f\u00e9vrier 2025 !\" \/>\n<meta name=\"robots\" content=\"index, follow, max-snippet:-1, max-image-preview:large, max-video-preview:-1\" \/>\n<link rel=\"canonical\" href=\"https:\/\/www.salon-medecinedouce.com\/paris\/blog\/2024\/12\/19\/association-aphn\/\" \/>\n<meta property=\"og:locale\" content=\"fr_FR\" \/>\n<meta property=\"og:type\" content=\"article\" \/>\n<meta property=\"og:title\" content=\"Association APHN - Bien-\u00eatre Paris\" \/>\n<meta property=\"og:description\" content=\"Venez d\u00e9couvrir ou red\u00e9couvrir Association APHN lors du salon Bien-\u00catre M\u00e9decine Douce Paris du 30 janvier au 3 f\u00e9vrier 2025 !\" \/>\n<meta property=\"og:url\" content=\"https:\/\/www.salon-medecinedouce.com\/paris\/blog\/2024\/12\/19\/association-aphn\/\" \/>\n<meta property=\"og:site_name\" content=\"Bien-\u00eatre Paris\" \/>\n<meta property=\"article:published_time\" content=\"2024-12-19T15:43:32+00:00\" \/>\n<meta property=\"article:modified_time\" content=\"2024-12-19T15:43:33+00:00\" \/>\n<meta property=\"og:image\" content=\"https:\/\/www.salon-medecinedouce.com\/paris\/wp-content\/uploads\/sites\/14\/2024\/12\/1733773488ff92f49c47-file1-rock-4234793_1280.jpg\" \/>\n\t<meta property=\"og:image:width\" content=\"1280\" \/>\n\t<meta property=\"og:image:height\" content=\"853\" \/>\n\t<meta property=\"og:image:type\" content=\"image\/jpeg\" \/>\n<meta name=\"author\" content=\"communication\" \/>\n<meta name=\"twitter:card\" content=\"summary_large_image\" \/>\n<meta name=\"twitter:label1\" content=\"\u00c9crit par\" \/>\n\t<meta name=\"twitter:data1\" content=\"communication\" \/>\n\t<meta name=\"twitter:label2\" content=\"Dur\u00e9e de lecture estim\u00e9e\" \/>\n\t<meta name=\"twitter:data2\" content=\"2 minutes\" \/>\n<script type=\"application\/ld+json\" class=\"yoast-schema-graph\">{\"@context\":\"https:\\\/\\\/schema.org\",\"@graph\":[{\"@type\":\"Article\",\"@id\":\"https:\\\/\\\/www.salon-medecinedouce.com\\\/paris\\\/blog\\\/2024\\\/12\\\/19\\\/association-aphn\\\/#article\",\"isPartOf\":{\"@id\":\"https:\\\/\\\/www.salon-medecinedouce.com\\\/paris\\\/blog\\\/2024\\\/12\\\/19\\\/association-aphn\\\/\"},\"author\":{\"name\":\"communication\",\"@id\":\"https:\\\/\\\/www.salon-medecinedouce.com\\\/paris\\\/#\\\/schema\\\/person\\\/ae137e79c551ab78ea22fb35759cb9f8\"},\"headline\":\"Association APHN\",\"datePublished\":\"2024-12-19T15:43:32+00:00\",\"dateModified\":\"2024-12-19T15:43:33+00:00\",\"mainEntityOfPage\":{\"@id\":\"https:\\\/\\\/www.salon-medecinedouce.com\\\/paris\\\/blog\\\/2024\\\/12\\\/19\\\/association-aphn\\\/\"},\"wordCount\":165,\"publisher\":{\"@id\":\"https:\\\/\\\/www.salon-medecinedouce.com\\\/paris\\\/#organization\"},\"image\":{\"@id\":\"https:\\\/\\\/www.salon-medecinedouce.com\\\/paris\\\/blog\\\/2024\\\/12\\\/19\\\/association-aphn\\\/#primaryimage\"},\"thumbnailUrl\":\"https:\\\/\\\/www.salon-medecinedouce.com\\\/paris\\\/wp-content\\\/uploads\\\/sites\\\/14\\\/2024\\\/12\\\/1733773488ff92f49c47-file1-rock-4234793_1280.jpg\",\"articleSection\":[\"Portraits exposants\"],\"inLanguage\":\"fr-FR\"},{\"@type\":\"WebPage\",\"@id\":\"https:\\\/\\\/www.salon-medecinedouce.com\\\/paris\\\/blog\\\/2024\\\/12\\\/19\\\/association-aphn\\\/\",\"url\":\"https:\\\/\\\/www.salon-medecinedouce.com\\\/paris\\\/blog\\\/2024\\\/12\\\/19\\\/association-aphn\\\/\",\"name\":\"Association APHN - Bien-\u00eatre Paris\",\"isPartOf\":{\"@id\":\"https:\\\/\\\/www.salon-medecinedouce.com\\\/paris\\\/#website\"},\"primaryImageOfPage\":{\"@id\":\"https:\\\/\\\/www.salon-medecinedouce.com\\\/paris\\\/blog\\\/2024\\\/12\\\/19\\\/association-aphn\\\/#primaryimage\"},\"image\":{\"@id\":\"https:\\\/\\\/www.salon-medecinedouce.com\\\/paris\\\/blog\\\/2024\\\/12\\\/19\\\/association-aphn\\\/#primaryimage\"},\"thumbnailUrl\":\"https:\\\/\\\/www.salon-medecinedouce.com\\\/paris\\\/wp-content\\\/uploads\\\/sites\\\/14\\\/2024\\\/12\\\/1733773488ff92f49c47-file1-rock-4234793_1280.jpg\",\"datePublished\":\"2024-12-19T15:43:32+00:00\",\"dateModified\":\"2024-12-19T15:43:33+00:00\",\"description\":\"Venez d\u00e9couvrir ou red\u00e9couvrir Association APHN lors du salon Bien-\u00catre M\u00e9decine Douce Paris du 30 janvier au 3 f\u00e9vrier 2025 !\",\"breadcrumb\":{\"@id\":\"https:\\\/\\\/www.salon-medecinedouce.com\\\/paris\\\/blog\\\/2024\\\/12\\\/19\\\/association-aphn\\\/#breadcrumb\"},\"inLanguage\":\"fr-FR\",\"potentialAction\":[{\"@type\":\"ReadAction\",\"target\":[\"https:\\\/\\\/www.salon-medecinedouce.com\\\/paris\\\/blog\\\/2024\\\/12\\\/19\\\/association-aphn\\\/\"]}]},{\"@type\":\"ImageObject\",\"inLanguage\":\"fr-FR\",\"@id\":\"https:\\\/\\\/www.salon-medecinedouce.com\\\/paris\\\/blog\\\/2024\\\/12\\\/19\\\/association-aphn\\\/#primaryimage\",\"url\":\"https:\\\/\\\/www.salon-medecinedouce.com\\\/paris\\\/wp-content\\\/uploads\\\/sites\\\/14\\\/2024\\\/12\\\/1733773488ff92f49c47-file1-rock-4234793_1280.jpg\",\"contentUrl\":\"https:\\\/\\\/www.salon-medecinedouce.com\\\/paris\\\/wp-content\\\/uploads\\\/sites\\\/14\\\/2024\\\/12\\\/1733773488ff92f49c47-file1-rock-4234793_1280.jpg\",\"width\":1280,\"height\":853,\"caption\":\"Association APHN -\u00e9quilibre\"},{\"@type\":\"BreadcrumbList\",\"@id\":\"https:\\\/\\\/www.salon-medecinedouce.com\\\/paris\\\/blog\\\/2024\\\/12\\\/19\\\/association-aphn\\\/#breadcrumb\",\"itemListElement\":[{\"@type\":\"ListItem\",\"position\":1,\"name\":\"Accueil\",\"item\":\"https:\\\/\\\/www.salon-medecinedouce.com\\\/paris\\\/\"},{\"@type\":\"ListItem\",\"position\":2,\"name\":\"Association APHN\"}]},{\"@type\":\"WebSite\",\"@id\":\"https:\\\/\\\/www.salon-medecinedouce.com\\\/paris\\\/#website\",\"url\":\"https:\\\/\\\/www.salon-medecinedouce.com\\\/paris\\\/\",\"name\":\"Bien-\u00eatre Paris\",\"description\":\"La sant\u00e9 au naturel : M\u00e9decines douces - Compl\u00e9ments alimentaires - Alimentation saine - Cosm\u00e9tiques naturelles - Art de vivre - Tourisme de sant\u00e9\",\"publisher\":{\"@id\":\"https:\\\/\\\/www.salon-medecinedouce.com\\\/paris\\\/#organization\"},\"potentialAction\":[{\"@type\":\"SearchAction\",\"target\":{\"@type\":\"EntryPoint\",\"urlTemplate\":\"https:\\\/\\\/www.salon-medecinedouce.com\\\/paris\\\/?s={search_term_string}\"},\"query-input\":{\"@type\":\"PropertyValueSpecification\",\"valueRequired\":true,\"valueName\":\"search_term_string\"}}],\"inLanguage\":\"fr-FR\"},{\"@type\":\"Organization\",\"@id\":\"https:\\\/\\\/www.salon-medecinedouce.com\\\/paris\\\/#organization\",\"name\":\"Bien-\u00eatre Paris\",\"url\":\"https:\\\/\\\/www.salon-medecinedouce.com\\\/paris\\\/\",\"logo\":{\"@type\":\"ImageObject\",\"inLanguage\":\"fr-FR\",\"@id\":\"https:\\\/\\\/www.salon-medecinedouce.com\\\/paris\\\/#\\\/schema\\\/logo\\\/image\\\/\",\"url\":\"https:\\\/\\\/www.salon-medecinedouce.com\\\/paris\\\/wp-content\\\/uploads\\\/sites\\\/14\\\/2024\\\/05\\\/cropped-logo-orange-bemd.png\",\"contentUrl\":\"https:\\\/\\\/www.salon-medecinedouce.com\\\/paris\\\/wp-content\\\/uploads\\\/sites\\\/14\\\/2024\\\/05\\\/cropped-logo-orange-bemd.png\",\"width\":591,\"height\":591,\"caption\":\"Bien-\u00eatre Paris\"},\"image\":{\"@id\":\"https:\\\/\\\/www.salon-medecinedouce.com\\\/paris\\\/#\\\/schema\\\/logo\\\/image\\\/\"}},{\"@type\":\"Person\",\"@id\":\"https:\\\/\\\/www.salon-medecinedouce.com\\\/paris\\\/#\\\/schema\\\/person\\\/ae137e79c551ab78ea22fb35759cb9f8\",\"name\":\"communication\",\"image\":{\"@type\":\"ImageObject\",\"inLanguage\":\"fr-FR\",\"@id\":\"https:\\\/\\\/secure.gravatar.com\\\/avatar\\\/0f49d5b7ab56355ffa797b3ce25e4f2375cedf6bc9afe416fe669342c3524275?s=96&d=mm&r=g\",\"url\":\"https:\\\/\\\/secure.gravatar.com\\\/avatar\\\/0f49d5b7ab56355ffa797b3ce25e4f2375cedf6bc9afe416fe669342c3524275?s=96&d=mm&r=g\",\"contentUrl\":\"https:\\\/\\\/secure.gravatar.com\\\/avatar\\\/0f49d5b7ab56355ffa797b3ce25e4f2375cedf6bc9afe416fe669342c3524275?s=96&d=mm&r=g\",\"caption\":\"communication\"},\"url\":\"https:\\\/\\\/www.salon-medecinedouce.com\\\/paris\\\/blog\\\/author\\\/communication\\\/\"}]}<\/script>\n<!-- \/ Yoast SEO plugin. -->","yoast_head_json":{"title":"Association APHN - Bien-\u00eatre Paris","description":"Venez d\u00e9couvrir ou red\u00e9couvrir Association APHN lors du salon Bien-\u00catre M\u00e9decine Douce Paris du 30 janvier au 3 f\u00e9vrier 2025 !","robots":{"index":"index","follow":"follow","max-snippet":"max-snippet:-1","max-image-preview":"max-image-preview:large","max-video-preview":"max-video-preview:-1"},"canonical":"https:\/\/www.salon-medecinedouce.com\/paris\/blog\/2024\/12\/19\/association-aphn\/","og_locale":"fr_FR","og_type":"article","og_title":"Association APHN - Bien-\u00eatre Paris","og_description":"Venez d\u00e9couvrir ou red\u00e9couvrir Association APHN lors du salon Bien-\u00catre M\u00e9decine Douce Paris du 30 janvier au 3 f\u00e9vrier 2025 !","og_url":"https:\/\/www.salon-medecinedouce.com\/paris\/blog\/2024\/12\/19\/association-aphn\/","og_site_name":"Bien-\u00eatre Paris","article_published_time":"2024-12-19T15:43:32+00:00","article_modified_time":"2024-12-19T15:43:33+00:00","og_image":[{"width":1280,"height":853,"url":"https:\/\/www.salon-medecinedouce.com\/paris\/wp-content\/uploads\/sites\/14\/2024\/12\/1733773488ff92f49c47-file1-rock-4234793_1280.jpg","type":"image\/jpeg"}],"author":"communication","twitter_card":"summary_large_image","twitter_misc":{"\u00c9crit par":"communication","Dur\u00e9e de lecture estim\u00e9e":"2 minutes"},"schema":{"@context":"https:\/\/schema.org","@graph":[{"@type":"Article","@id":"https:\/\/www.salon-medecinedouce.com\/paris\/blog\/2024\/12\/19\/association-aphn\/#article","isPartOf":{"@id":"https:\/\/www.salon-medecinedouce.com\/paris\/blog\/2024\/12\/19\/association-aphn\/"},"author":{"name":"communication","@id":"https:\/\/www.salon-medecinedouce.com\/paris\/#\/schema\/person\/ae137e79c551ab78ea22fb35759cb9f8"},"headline":"Association APHN","datePublished":"2024-12-19T15:43:32+00:00","dateModified":"2024-12-19T15:43:33+00:00","mainEntityOfPage":{"@id":"https:\/\/www.salon-medecinedouce.com\/paris\/blog\/2024\/12\/19\/association-aphn\/"},"wordCount":165,"publisher":{"@id":"https:\/\/www.salon-medecinedouce.com\/paris\/#organization"},"image":{"@id":"https:\/\/www.salon-medecinedouce.com\/paris\/blog\/2024\/12\/19\/association-aphn\/#primaryimage"},"thumbnailUrl":"https:\/\/www.salon-medecinedouce.com\/paris\/wp-content\/uploads\/sites\/14\/2024\/12\/1733773488ff92f49c47-file1-rock-4234793_1280.jpg","articleSection":["Portraits exposants"],"inLanguage":"fr-FR"},{"@type":"WebPage","@id":"https:\/\/www.salon-medecinedouce.com\/paris\/blog\/2024\/12\/19\/association-aphn\/","url":"https:\/\/www.salon-medecinedouce.com\/paris\/blog\/2024\/12\/19\/association-aphn\/","name":"Association APHN - Bien-\u00eatre Paris","isPartOf":{"@id":"https:\/\/www.salon-medecinedouce.com\/paris\/#website"},"primaryImageOfPage":{"@id":"https:\/\/www.salon-medecinedouce.com\/paris\/blog\/2024\/12\/19\/association-aphn\/#primaryimage"},"image":{"@id":"https:\/\/www.salon-medecinedouce.com\/paris\/blog\/2024\/12\/19\/association-aphn\/#primaryimage"},"thumbnailUrl":"https:\/\/www.salon-medecinedouce.com\/paris\/wp-content\/uploads\/sites\/14\/2024\/12\/1733773488ff92f49c47-file1-rock-4234793_1280.jpg","datePublished":"2024-12-19T15:43:32+00:00","dateModified":"2024-12-19T15:43:33+00:00","description":"Venez d\u00e9couvrir ou red\u00e9couvrir Association APHN lors du salon Bien-\u00catre M\u00e9decine Douce Paris du 30 janvier au 3 f\u00e9vrier 2025 !","breadcrumb":{"@id":"https:\/\/www.salon-medecinedouce.com\/paris\/blog\/2024\/12\/19\/association-aphn\/#breadcrumb"},"inLanguage":"fr-FR","potentialAction":[{"@type":"ReadAction","target":["https:\/\/www.salon-medecinedouce.com\/paris\/blog\/2024\/12\/19\/association-aphn\/"]}]},{"@type":"ImageObject","inLanguage":"fr-FR","@id":"https:\/\/www.salon-medecinedouce.com\/paris\/blog\/2024\/12\/19\/association-aphn\/#primaryimage","url":"https:\/\/www.salon-medecinedouce.com\/paris\/wp-content\/uploads\/sites\/14\/2024\/12\/1733773488ff92f49c47-file1-rock-4234793_1280.jpg","contentUrl":"https:\/\/www.salon-medecinedouce.com\/paris\/wp-content\/uploads\/sites\/14\/2024\/12\/1733773488ff92f49c47-file1-rock-4234793_1280.jpg","width":1280,"height":853,"caption":"Association APHN -\u00e9quilibre"},{"@type":"BreadcrumbList","@id":"https:\/\/www.salon-medecinedouce.com\/paris\/blog\/2024\/12\/19\/association-aphn\/#breadcrumb","itemListElement":[{"@type":"ListItem","position":1,"name":"Accueil","item":"https:\/\/www.salon-medecinedouce.com\/paris\/"},{"@type":"ListItem","position":2,"name":"Association APHN"}]},{"@type":"WebSite","@id":"https:\/\/www.salon-medecinedouce.com\/paris\/#website","url":"https:\/\/www.salon-medecinedouce.com\/paris\/","name":"Bien-\u00eatre Paris","description":"La sant\u00e9 au naturel : M\u00e9decines douces - Compl\u00e9ments alimentaires - Alimentation saine - Cosm\u00e9tiques naturelles - Art de vivre - Tourisme de sant\u00e9","publisher":{"@id":"https:\/\/www.salon-medecinedouce.com\/paris\/#organization"},"potentialAction":[{"@type":"SearchAction","target":{"@type":"EntryPoint","urlTemplate":"https:\/\/www.salon-medecinedouce.com\/paris\/?s={search_term_string}"},"query-input":{"@type":"PropertyValueSpecification","valueRequired":true,"valueName":"search_term_string"}}],"inLanguage":"fr-FR"},{"@type":"Organization","@id":"https:\/\/www.salon-medecinedouce.com\/paris\/#organization","name":"Bien-\u00eatre Paris","url":"https:\/\/www.salon-medecinedouce.com\/paris\/","logo":{"@type":"ImageObject","inLanguage":"fr-FR","@id":"https:\/\/www.salon-medecinedouce.com\/paris\/#\/schema\/logo\/image\/","url":"https:\/\/www.salon-medecinedouce.com\/paris\/wp-content\/uploads\/sites\/14\/2024\/05\/cropped-logo-orange-bemd.png","contentUrl":"https:\/\/www.salon-medecinedouce.com\/paris\/wp-content\/uploads\/sites\/14\/2024\/05\/cropped-logo-orange-bemd.png","width":591,"height":591,"caption":"Bien-\u00eatre Paris"},"image":{"@id":"https:\/\/www.salon-medecinedouce.com\/paris\/#\/schema\/logo\/image\/"}},{"@type":"Person","@id":"https:\/\/www.salon-medecinedouce.com\/paris\/#\/schema\/person\/ae137e79c551ab78ea22fb35759cb9f8","name":"communication","image":{"@type":"ImageObject","inLanguage":"fr-FR","@id":"https:\/\/secure.gravatar.com\/avatar\/0f49d5b7ab56355ffa797b3ce25e4f2375cedf6bc9afe416fe669342c3524275?s=96&d=mm&r=g","url":"https:\/\/secure.gravatar.com\/avatar\/0f49d5b7ab56355ffa797b3ce25e4f2375cedf6bc9afe416fe669342c3524275?s=96&d=mm&r=g","contentUrl":"https:\/\/secure.gravatar.com\/avatar\/0f49d5b7ab56355ffa797b3ce25e4f2375cedf6bc9afe416fe669342c3524275?s=96&d=mm&r=g","caption":"communication"},"url":"https:\/\/www.salon-medecinedouce.com\/paris\/blog\/author\/communication\/"}]}},"rttpg_featured_image_url":{"full":["https:\/\/www.salon-medecinedouce.com\/paris\/wp-content\/uploads\/sites\/14\/2024\/12\/1733773488ff92f49c47-file1-rock-4234793_1280.jpg",1280,853,false],"landscape":["https:\/\/www.salon-medecinedouce.com\/paris\/wp-content\/uploads\/sites\/14\/2024\/12\/1733773488ff92f49c47-file1-rock-4234793_1280.jpg",1280,853,false],"portraits":["https:\/\/www.salon-medecinedouce.com\/paris\/wp-content\/uploads\/sites\/14\/2024\/12\/1733773488ff92f49c47-file1-rock-4234793_1280.jpg",1280,853,false],"thumbnail":["https:\/\/www.salon-medecinedouce.com\/paris\/wp-content\/uploads\/sites\/14\/2024\/12\/1733773488ff92f49c47-file1-rock-4234793_1280-150x150.jpg",150,150,true],"medium":["https:\/\/www.salon-medecinedouce.com\/paris\/wp-content\/uploads\/sites\/14\/2024\/12\/1733773488ff92f49c47-file1-rock-4234793_1280-300x200.jpg",300,200,true],"large":["https:\/\/www.salon-medecinedouce.com\/paris\/wp-content\/uploads\/sites\/14\/2024\/12\/1733773488ff92f49c47-file1-rock-4234793_1280-1024x682.jpg",790,526,true],"1536x1536":["https:\/\/www.salon-medecinedouce.com\/paris\/wp-content\/uploads\/sites\/14\/2024\/12\/1733773488ff92f49c47-file1-rock-4234793_1280.jpg",1280,853,false],"2048x2048":["https:\/\/www.salon-medecinedouce.com\/paris\/wp-content\/uploads\/sites\/14\/2024\/12\/1733773488ff92f49c47-file1-rock-4234793_1280.jpg",1280,853,false],"gg_gallery_thumbnail":["https:\/\/www.salon-medecinedouce.com\/paris\/wp-content\/uploads\/sites\/14\/2024\/12\/1733773488ff92f49c47-file1-rock-4234793_1280-450x250.jpg",450,250,true],"rpwe-thumbnail":["https:\/\/www.salon-medecinedouce.com\/paris\/wp-content\/uploads\/sites\/14\/2024\/12\/1733773488ff92f49c47-file1-rock-4234793_1280-45x45.jpg",45,45,true]},"rttpg_author":{"display_name":"communication","author_link":"https:\/\/www.salon-medecinedouce.com\/paris\/blog\/author\/communication\/"},"rttpg_comment":0,"rttpg_category":"<a href=\"https:\/\/www.salon-medecinedouce.com\/paris\/blog\/category\/portraits-exposants\/\" rel=\"category tag\">Portraits exposants<\/a>","rttpg_excerpt":"Pr\u00e9sentez-vous en quelques mots L\u2019APHN est une association de professionnels et d\u2019\u00e9tudiants Naturopathes qui a pour but de promouvoir la naturopathie aupr\u00e8s du grand public. Cette association a \u00e9t\u00e9 cr\u00e9\u00e9e en 1983, par Alain Rousseaux, c\u00e9l\u00e8bre naturopathe fran\u00e7ais qui a permis le d\u00e9veloppement de la naturopathie en France avec Pierre Valentin Marchesseau. Que propose l&rsquo;Association&hellip;","_links":{"self":[{"href":"https:\/\/www.salon-medecinedouce.com\/paris\/wp-json\/wp\/v2\/posts\/17667","targetHints":{"allow":["GET"]}}],"collection":[{"href":"https:\/\/www.salon-medecinedouce.com\/paris\/wp-json\/wp\/v2\/posts"}],"about":[{"href":"https:\/\/www.salon-medecinedouce.com\/paris\/wp-json\/wp\/v2\/types\/post"}],"author":[{"embeddable":true,"href":"https:\/\/www.salon-medecinedouce.com\/paris\/wp-json\/wp\/v2\/users\/6"}],"replies":[{"embeddable":true,"href":"https:\/\/www.salon-medecinedouce.com\/paris\/wp-json\/wp\/v2\/comments?post=17667"}],"version-history":[{"count":5,"href":"https:\/\/www.salon-medecinedouce.com\/paris\/wp-json\/wp\/v2\/posts\/17667\/revisions"}],"predecessor-version":[{"id":17916,"href":"https:\/\/www.salon-medecinedouce.com\/paris\/wp-json\/wp\/v2\/posts\/17667\/revisions\/17916"}],"wp:featuredmedia":[{"embeddable":true,"href":"https:\/\/www.salon-medecinedouce.com\/paris\/wp-json\/wp\/v2\/media\/17668"}],"wp:attachment":[{"href":"https:\/\/www.salon-medecinedouce.com\/paris\/wp-json\/wp\/v2\/media?parent=17667"}],"wp:term":[{"taxonomy":"category","embeddable":true,"href":"https:\/\/www.salon-medecinedouce.com\/paris\/wp-json\/wp\/v2\/categories?post=17667"},{"taxonomy":"post_tag","embeddable":true,"href":"https:\/\/www.salon-medecinedouce.com\/paris\/wp-json\/wp\/v2\/tags?post=17667"}],"curies":[{"name":"wp","href":"https:\/\/api.w.org\/{rel}","templated":true}]}}