{"id":12079,"date":"2022-01-10T09:30:15","date_gmt":"2022-01-10T08:30:15","guid":{"rendered":"https:\/\/www.salon-medecinedouce.com\/paris\/?p=12079"},"modified":"2022-01-11T18:26:02","modified_gmt":"2022-01-11T17:26:02","slug":"portraits-dexposants-du-secteur-medecines-douces","status":"publish","type":"post","link":"https:\/\/www.salon-medecinedouce.com\/paris\/blog\/2022\/01\/10\/portraits-dexposants-du-secteur-medecines-douces\/","title":{"rendered":"Le secteur M\u00e9decines douces \u00e0 l&rsquo;honneur en 2022"},"content":{"rendered":"<p>D\u00e9couvrez quelques exposants pr\u00e9sent dans le secteur des M\u00e9decines douces, leurs nouveaut\u00e9s et leurs animations sur le salon<\/p>\n<h2><strong>BODY AND BRAIN <\/strong><strong>(nouveau sur le salon)<\/strong><\/h2>\n<p>Body &amp; Brain Yoga et Ki Gong se fondent sur la tradition tao\u00efste cor\u00e9enne qui d\u00e9veloppe le plein potentiel du cerveau, \u00e9limine le stress et revitalise le corps.<\/p>\n<p><img fetchpriority=\"high\" decoding=\"async\" class=\"size-medium wp-image-12722 alignright\" src=\"https:\/\/www.salon-medecinedouce.com\/paris\/wp-content\/uploads\/sites\/14\/2022\/01\/body-and-brain-300x225.jpg\" alt=\"body and brain\" width=\"300\" height=\"225\" srcset=\"https:\/\/www.salon-medecinedouce.com\/paris\/wp-content\/uploads\/sites\/14\/2022\/01\/body-and-brain-300x225.jpg 300w, https:\/\/www.salon-medecinedouce.com\/paris\/wp-content\/uploads\/sites\/14\/2022\/01\/body-and-brain-150x113.jpg 150w, https:\/\/www.salon-medecinedouce.com\/paris\/wp-content\/uploads\/sites\/14\/2022\/01\/body-and-brain-500x375.jpg 500w, https:\/\/www.salon-medecinedouce.com\/paris\/wp-content\/uploads\/sites\/14\/2022\/01\/body-and-brain.jpg 650w\" sizes=\"(max-width: 300px) 100vw, 300px\" \/><\/p>\n<p><strong>Animations salon<\/strong><\/p>\n<p>Atelier de 50 minutes pour exp\u00e9rimenter les bienfaits du Body &amp; Brain Yoga et Ki Gong. Les cours de Yoga, Ki Gong, M\u00e9ditation et Vibration combinent les philosophies de gu\u00e9rison et d\u2019\u00e9nergie de l\u2019Asie de l\u2019Est. Gr\u00e2ce \u00e0 cet entra\u00eenement physique, les tensions profondes des articulations et des muscles sont lib\u00e9r\u00e9es, renforcement et d\u00e9toxification du corps et d\u00e9veloppement de la flexibilit\u00e9. Cela permet au corps et \u00e0 l\u2019esprit de devenir heureux, sains et paisibles.<\/p>\n<p><strong>Nouveaut\u00e9 2022<\/strong><\/p>\n<p><strong>Pr\u00e9sentation de la \u00ab\u00a0gu\u00e9rison du nombril\u00a0\u00bb<\/strong>, une m\u00e9thode simple pour stimuler les intestins et renforcer l\u2019immunit\u00e9.<\/p>\n<blockquote>\n<p>Dimanche 6 f\u00e9vrier \u00e0 16h00 &#8211; <strong>Atelier corps et esprit<\/strong><\/p>\n<\/blockquote>\n<h2><strong>LABORATOIRES COPMED<\/strong><\/h2>\n<p>Les Laboratoires COPMED b\u00e9n\u00e9ficient d&rsquo;une expertise technique et scientifique reconnue par les praticiens de sant\u00e9 naturelle dans la conception et la commercialisation de produits innovants. Ils se sont positionn\u00e9s d\u00e8s leur cr\u00e9ation en France il y a presque 30 ans sur le march\u00e9 des produits de Sant\u00e9 Naturelle.<\/p>\n<p>La justesse et la naturalit\u00e9 de leurs formulations permettent d\u2019apporter des solutions saines et naturelles. Leurs produits allient ainsi s\u00fbret\u00e9, performance et parfaite biodisponibilit\u00e9. Ils b\u00e9n\u00e9ficient des derni\u00e8res avanc\u00e9es scientifiques et technologiques et pr\u00e9sentent les meilleures sources naturelles d\u2019actifs, rigoureusement s\u00e9lectionn\u00e9es et contr\u00f4l\u00e9es et b\u00e9n\u00e9ficiant d\u2019une parfaite tra\u00e7abilit\u00e9.<\/p>\n<p><strong>Animations salon<\/strong><\/p>\n<p><img decoding=\"async\" class=\"size-medium wp-image-12723 alignleft\" src=\"https:\/\/www.salon-medecinedouce.com\/paris\/wp-content\/uploads\/sites\/14\/2022\/01\/copmed-300x169.png\" alt=\"laboratoire copmed\" width=\"300\" height=\"169\" srcset=\"https:\/\/www.salon-medecinedouce.com\/paris\/wp-content\/uploads\/sites\/14\/2022\/01\/copmed-300x169.png 300w, https:\/\/www.salon-medecinedouce.com\/paris\/wp-content\/uploads\/sites\/14\/2022\/01\/copmed-150x85.png 150w, https:\/\/www.salon-medecinedouce.com\/paris\/wp-content\/uploads\/sites\/14\/2022\/01\/copmed-500x282.png 500w, https:\/\/www.salon-medecinedouce.com\/paris\/wp-content\/uploads\/sites\/14\/2022\/01\/copmed.png 611w\" sizes=\"(max-width: 300px) 100vw, 300px\" \/><br \/>\nL\u2019\u00e9quipe des Laboratoires COPMED accueillera les visiteurs (praticiens de sant\u00e9 ou consommateurs finaux) pour r\u00e9pondre \u00e0 leurs questions, leur apporter des conseils et leur pr\u00e9senter les derni\u00e8res innovations.<\/p>\n<p>&nbsp;<\/p>\n<p>&nbsp;<\/p>\n<p><strong>Nouveaut\u00e9s<\/strong><\/p>\n<p>En 2021, 5 innovations ont vu le jour\u00a0:<\/p>\n<ul>\n<li><strong>MITO REGEN\u00ae\u00a0:<\/strong> une formule innovante au mode d\u2019action complet pour la protection et le soutien des mitochondries (centrales \u00e9nerg\u00e9tiques des cellules, chefs d\u2019orchestre de toutes les fonctions de l\u2019organisme\u00a0: production d\u2019\u00e9nergie, cycle de vie cellulaire, synth\u00e8se hormonale, communication intercellulaire\u2026).<\/li>\n<li><strong>CBD 500 PREMIUM :<\/strong> une huile de CBD pur isolat, isol\u00e9e par extraction CO2 supercritique. Garantie sans aucune trace de THC et sans effet psychotrope.<\/li>\n<\/ul>\n<p><strong>CORTIREGUL\u00ae, LADYNAT\u00ae et ANDRONAT\u00a0: <\/strong>3 r\u00e9f\u00e9rences formul\u00e9es en collaboration avec un m\u00e9decin nutritionniste expert, le Dr Vincent Renaud, auteur du livre \u00ab\u00a0Hormones, arr\u00eatez de vous g\u00e2cher la vie !\u00a0\u00bb. Ces 3 formules r\u00e9pondent respectivement aux probl\u00e9matiques de stress\/burn-out, de m\u00e9nopause et d\u2019andropause.<\/p>\n<h2><strong>L&rsquo;APHN<\/strong><\/h2>\n<p>L\u2019Association pour la promotion de l\u2019hygi\u00e8ne vitale et de la naturopathie (APHN) est une association cr\u00e9\u00e9e \u00e0 la fin des ann\u00e9es 80 par le c\u00e9l\u00e8bre naturopathe Alain Rousseaux. L&rsquo;APHN regroupe les naturopathes qui ont suivi une formation professionnelle compl\u00e8te et s\u00e9rieuse dans les \u00e9coles de naturopathie affili\u00e9es \u00e0 la FENA. Elle propose \u00e0 ses adh\u00e9rents de les aider dans leur installation professionnelle, de les aider juridiquement (assurance professionnelle, m\u00e9diateur etc.) et leur donne acc\u00e8s \u00e0 des formations en ligne. Elle participe \u00e0 des salons, afin de faire d\u00e9couvrir au grand public, la naturopathie, m\u00e9decine traditionnelle pr\u00e9ventive.<\/p>\n<p><strong>Animations salon<\/strong><\/p>\n<p><img decoding=\"async\" class=\"size-thumbnail wp-image-12721 alignleft\" src=\"https:\/\/www.salon-medecinedouce.com\/paris\/wp-content\/uploads\/sites\/14\/2022\/01\/aphn-150x150.png\" alt=\"aphn\" width=\"150\" height=\"150\" srcset=\"https:\/\/www.salon-medecinedouce.com\/paris\/wp-content\/uploads\/sites\/14\/2022\/01\/aphn-150x150.png 150w, https:\/\/www.salon-medecinedouce.com\/paris\/wp-content\/uploads\/sites\/14\/2022\/01\/aphn-200x200.png 200w, https:\/\/www.salon-medecinedouce.com\/paris\/wp-content\/uploads\/sites\/14\/2022\/01\/aphn-100x100.png 100w, https:\/\/www.salon-medecinedouce.com\/paris\/wp-content\/uploads\/sites\/14\/2022\/01\/aphn-45x45.png 45w\" sizes=\"(max-width: 150px) 100vw, 150px\" \/><br \/>\nSur son stand, l\u2019APHN proposera des mini-bilans iridologique et morphologique, pour faire d\u00e9couvrir au grand public, la naturopathie. Les personnes int\u00e9ress\u00e9es pourront r\u00e9aliser les deux bilans \u00e0 la suite.<\/p>\n<h2>\u00a0<\/h2>\n<p>&nbsp;<\/p>\n<h2><strong>L\u2019HERBORISTERIE DU PALAIS ROYAL<\/strong><\/h2>\n<p><img loading=\"lazy\" decoding=\"async\" class=\"size-medium wp-image-12724 alignright\" src=\"https:\/\/www.salon-medecinedouce.com\/paris\/wp-content\/uploads\/sites\/14\/2022\/01\/herbo-300x225.jpg\" alt=\"herboristerie du palais royal\" width=\"300\" height=\"225\" srcset=\"https:\/\/www.salon-medecinedouce.com\/paris\/wp-content\/uploads\/sites\/14\/2022\/01\/herbo-300x225.jpg 300w, https:\/\/www.salon-medecinedouce.com\/paris\/wp-content\/uploads\/sites\/14\/2022\/01\/herbo-150x113.jpg 150w, https:\/\/www.salon-medecinedouce.com\/paris\/wp-content\/uploads\/sites\/14\/2022\/01\/herbo-500x375.jpg 500w, https:\/\/www.salon-medecinedouce.com\/paris\/wp-content\/uploads\/sites\/14\/2022\/01\/herbo.jpg 525w\" sizes=\"(max-width: 300px) 100vw, 300px\" \/>Depuis 1903, L&rsquo;Herboristerie du Palais Royal fait perdurer le m\u00e9tier d&rsquo;herboriste et l&rsquo;utilisation des plantes m\u00e9dicinales pour une sant\u00e9 plus naturelle. Dans leur boutique d&rsquo;antan situ\u00e9e au c\u0153ur de Paris, une \u00e9quipe de conseillers qualifi\u00e9s invite les clients \u00e0 d\u00e9couvrir plus de 500 plantes m\u00e9dicinales sous toutes leurs formes, de la tisane bien s\u00fbr, mais aussi des huiles essentielles, des compl\u00e9ments alimentaires, des cosm\u00e9tiques naturels&#8230; Une caverne d\u2019Ali Baba comme souvent qualifi\u00e9e par les nombreux clients de cette boutique, avides de conseils avis\u00e9s et personnalis\u00e9s.<\/p>\n<p>&nbsp;<\/p>\n<p><strong>Animations\u00a0salon<\/strong><\/p>\n<p>L&rsquo;Herboristerie du Palais Royal propose de d\u00e9guster sur son stand les tisanes de sa gamme Plaisir, des m\u00e9langes qui raviront tous les palais, 100% naturels, avec toute la qualit\u00e9 et la finesse qui font sa r\u00e9putation. Et pour que le plaisir se prolonge, les visiteurs peuvent repartir avec des \u00e9chantillons de tisane \u00e0 d\u00e9guster chez eux.<\/p>\n<p><strong>Nouveaut\u00e9s 2022<\/strong><\/p>\n<ul>\n<li>De nombreuses surprises au cours de l&rsquo;ann\u00e9e pour f\u00eater les 50 ans de leur Herboriste en chef Michel Pierre \u00e0 la t\u00eate de l&rsquo;Herboristerie du Palais Royal, \u00e0 retrouver sur\u00a0<a href=\"http:\/\/www.herboristerie.com\/\">herboristerie.com<\/a><\/li>\n<li>Des plantes rares et qui \u00e9taient difficiles \u00e0 trouver reviennent, comme la feuille de Moringa, les semences d&rsquo;Ortie piquante, ou les aiguilles de Pin.<\/li>\n<li>Une gamme \u00e9largie de plantes \u00e0 br\u00fbler : de la fameuse Sauge blanche, en passant par le Palo Santo ou la Yerba Santa.<\/li>\n<\/ul>\n<blockquote>\n<p>Conf\u00e9rence de Michel Pierre : lundi 7 f\u00e9vrier \u00e0 12h00 &#8211;<strong style=\"color: #333333; font-size: 17px;\">\u00a0Secret d\u2019herboriste pour une bonne immunit\u00e9\u00a0\u00bb<\/strong><\/p>\n<\/blockquote>\n<h2><strong>MINDOLOGY France (nouveau sur le salon)<\/strong><\/h2>\n<p>Mindology change la donne dans le march\u00e9 du CBD en France. La routine de CBD est 100\u00a0% naturelle, made in France et soulage naturellement le stress, les insomnies et l&rsquo;anxi\u00e9t\u00e9. Une routine d\u2019huiles sublinguales et d\u2019infusions au CBD avec pour but d\u2019apaiser l&rsquo;anxi\u00e9t\u00e9, garder le moral et soulager le stress. Mindology associe le CBD avec des plantes m\u00e9dicinales cultiv\u00e9es en France. Les formules sont 100\u00a0% naturelles et contiennent 4 ingr\u00e9dients. Le CBD est Broad Spectrum (mode d&rsquo;extraction la plus premium du march\u00e9) pour garantir l\u2019absence de THC.<\/p>\n<p><strong>Animations salon<\/strong><\/p>\n<p><img loading=\"lazy\" decoding=\"async\" class=\"size-medium wp-image-12726 alignleft\" src=\"https:\/\/www.salon-medecinedouce.com\/paris\/wp-content\/uploads\/sites\/14\/2022\/01\/mindology-300x214.jpg\" alt=\"mindology\" width=\"300\" height=\"214\" srcset=\"https:\/\/www.salon-medecinedouce.com\/paris\/wp-content\/uploads\/sites\/14\/2022\/01\/mindology-300x214.jpg 300w, https:\/\/www.salon-medecinedouce.com\/paris\/wp-content\/uploads\/sites\/14\/2022\/01\/mindology-150x107.jpg 150w, https:\/\/www.salon-medecinedouce.com\/paris\/wp-content\/uploads\/sites\/14\/2022\/01\/mindology.jpg 354w\" sizes=\"(max-width: 300px) 100vw, 300px\" \/>Mindology propose des d\u00e9gustations de ses huiles sublinguales et de ses tisanes 100 % naturelles et Made in France. Mindology se d\u00e9marque par sa sensorialit\u00e9 gustative, pas d\u2019arri\u00e8re-go\u00fbt d\u2019huile amer : par exemple un go\u00fbt frais de menthe avec <em>Bon courage<\/em> pour se sentir \u00e0 l\u2019aise avant une r\u00e9union ou une touche de noisette dans <em>Bonne nuit<\/em>, comme une gourmandise du soir. Des ingr\u00e9dients 100\u00a0% naturels, 4 maximum par formule et 0\u00a0% de THC pour permettre de recommander ses produits \u00e0 sa maman, un(e) ami(e) ou coll\u00e8gue, les yeux ferm\u00e9s\u00a0!<\/p>\n<p><strong><br \/>\nNouveaut\u00e9s 2022<\/strong><\/p>\n<ul>\n<li>l&rsquo;huile <em>Bonne journ\u00e9e<\/em> : pour se lever du bon pied, aide \u00e0 soulager les petites baisses de moral.<\/li>\n<li>l&rsquo;huile <em>Bon courage<\/em> : aide \u00e0 soulager l&rsquo;anxi\u00e9t\u00e9 et les pics de stress.<\/li>\n<li>l&rsquo;huile <em>Bonne nuit<\/em> : facilite l&rsquo;endormissement et am\u00e9liore les cycles du sommeil<\/li>\n<\/ul>\n<p>La nouveaut\u00e9\u00a0: les tisanes Mindology au CBD :<\/p>\n<ul>\n<li>l\u2019infusion <em>Bonne nuit<\/em>: quelques minutes de d\u00e9tente \u00e0 infuser\u00a0\u2013 m\u00e9lisse, verveine, tilleul, CBD<\/li>\n<li>l\u2019infusion <em>Bon courage<\/em> : quelques minutes d\u2019apaisement \u00e0 infuser\u00a0\u2013 menthe poivr\u00e9e, menthe nanah, CBD<\/li>\n<\/ul>\n<p>&nbsp;<\/p>\n<div class=\"salon-pubs-hp-bas-de-page salon-entity-placement\" id=\"salon-894116522\"><div id=\"salon-3624098804\"><a data-no-instant=\"1\" href=\"https:\/\/www.adntv.fr\/home?request_origin=tv_app\" rel=\"noopener\" class=\"a2t-link\" target=\"_blank\"><p><a href=\"https:\/\/www.salondesseniors.com\/\"><img loading=\"lazy\" decoding=\"async\" class=\"wp-image-22417 aligncenter\" src=\"https:\/\/www.salon-medecinedouce.com\/paris\/wp-content\/uploads\/sites\/14\/2026\/02\/Banniere-728x90-1-300x37.png\" alt=\"\" width=\"754\" height=\"93\" srcset=\"https:\/\/www.salon-medecinedouce.com\/paris\/wp-content\/uploads\/sites\/14\/2026\/02\/Banniere-728x90-1-300x37.png 300w, https:\/\/www.salon-medecinedouce.com\/paris\/wp-content\/uploads\/sites\/14\/2026\/02\/Banniere-728x90-1-1024x127.png 1024w, https:\/\/www.salon-medecinedouce.com\/paris\/wp-content\/uploads\/sites\/14\/2026\/02\/Banniere-728x90-1-768x95.png 768w, https:\/\/www.salon-medecinedouce.com\/paris\/wp-content\/uploads\/sites\/14\/2026\/02\/Banniere-728x90-1-1536x190.png 1536w, https:\/\/www.salon-medecinedouce.com\/paris\/wp-content\/uploads\/sites\/14\/2026\/02\/Banniere-728x90-1-2048x253.png 2048w, https:\/\/www.salon-medecinedouce.com\/paris\/wp-content\/uploads\/sites\/14\/2026\/02\/Banniere-728x90-1-150x19.png 150w, https:\/\/www.salon-medecinedouce.com\/paris\/wp-content\/uploads\/sites\/14\/2026\/02\/Banniere-728x90-1-500x62.png 500w\" sizes=\"(max-width: 754px) 100vw, 754px\" \/><\/a><\/p>\n<\/a><\/div><\/div>","protected":false},"excerpt":{"rendered":"<p>D\u00e9couvrez quelques exposants pr\u00e9sent dans le secteur des M\u00e9decines douces, leurs nouveaut\u00e9s et leurs animations sur le salon BODY AND BRAIN (nouveau sur le salon) Body &amp; Brain Yoga et Ki Gong se fondent sur la tradition tao\u00efste cor\u00e9enne qui d\u00e9veloppe le plein potentiel du cerveau, \u00e9limine le stress et revitalise le corps. Animations salon&hellip; <\/p>\n","protected":false},"author":5,"featured_media":11567,"comment_status":"closed","ping_status":"closed","sticky":false,"template":"","format":"standard","meta":{"_monsterinsights_skip_tracking":false,"_monsterinsights_sitenote_active":false,"_monsterinsights_sitenote_note":"","_monsterinsights_sitenote_category":0,"footnotes":""},"categories":[1],"tags":[],"class_list":["post-12079","post","type-post","status-publish","format-standard","has-post-thumbnail","hentry","category-non-classe"],"yoast_head":"<!-- This site is optimized with the Yoast SEO plugin v27.3 - https:\/\/yoast.com\/product\/yoast-seo-wordpress\/ -->\n<title>Le secteur M\u00e9decines douces \u00e0 l&#039;honneur en 2022 - Bien-\u00eatre Paris<\/title>\n<meta name=\"robots\" content=\"index, follow, max-snippet:-1, max-image-preview:large, max-video-preview:-1\" \/>\n<link rel=\"canonical\" href=\"https:\/\/www.salon-medecinedouce.com\/paris\/blog\/2022\/01\/10\/portraits-dexposants-du-secteur-medecines-douces\/\" \/>\n<meta property=\"og:locale\" content=\"fr_FR\" \/>\n<meta property=\"og:type\" content=\"article\" \/>\n<meta property=\"og:title\" content=\"Le secteur M\u00e9decines douces \u00e0 l&#039;honneur en 2022 - Bien-\u00eatre Paris\" \/>\n<meta property=\"og:description\" content=\"D\u00e9couvrez quelques exposants pr\u00e9sent dans le secteur des M\u00e9decines douces, leurs nouveaut\u00e9s et leurs animations sur le salon BODY AND BRAIN (nouveau sur le salon) Body &amp; Brain Yoga et Ki Gong se fondent sur la tradition tao\u00efste cor\u00e9enne qui d\u00e9veloppe le plein potentiel du cerveau, \u00e9limine le stress et revitalise le corps. Animations salon&hellip;\" \/>\n<meta property=\"og:url\" content=\"https:\/\/www.salon-medecinedouce.com\/paris\/blog\/2022\/01\/10\/portraits-dexposants-du-secteur-medecines-douces\/\" \/>\n<meta property=\"og:site_name\" content=\"Bien-\u00eatre Paris\" \/>\n<meta property=\"article:published_time\" content=\"2022-01-10T08:30:15+00:00\" \/>\n<meta property=\"article:modified_time\" content=\"2022-01-11T17:26:02+00:00\" \/>\n<meta property=\"og:image\" content=\"https:\/\/www.salon-medecinedouce.com\/paris\/wp-content\/uploads\/sites\/14\/2021\/06\/denys-nevozhai-z0nVqfrOqWA-unsplash.jpg\" \/>\n\t<meta property=\"og:image:width\" content=\"800\" \/>\n\t<meta property=\"og:image:height\" content=\"800\" \/>\n\t<meta property=\"og:image:type\" content=\"image\/jpeg\" \/>\n<meta name=\"author\" content=\"nadia\" \/>\n<meta name=\"twitter:card\" content=\"summary_large_image\" \/>\n<meta name=\"twitter:label1\" content=\"\u00c9crit par\" \/>\n\t<meta name=\"twitter:data1\" content=\"nadia\" \/>\n\t<meta name=\"twitter:label2\" content=\"Dur\u00e9e de lecture estim\u00e9e\" \/>\n\t<meta name=\"twitter:data2\" content=\"7 minutes\" \/>\n<script type=\"application\/ld+json\" class=\"yoast-schema-graph\">{\"@context\":\"https:\\\/\\\/schema.org\",\"@graph\":[{\"@type\":\"Article\",\"@id\":\"https:\\\/\\\/www.salon-medecinedouce.com\\\/paris\\\/blog\\\/2022\\\/01\\\/10\\\/portraits-dexposants-du-secteur-medecines-douces\\\/#article\",\"isPartOf\":{\"@id\":\"https:\\\/\\\/www.salon-medecinedouce.com\\\/paris\\\/blog\\\/2022\\\/01\\\/10\\\/portraits-dexposants-du-secteur-medecines-douces\\\/\"},\"author\":{\"name\":\"nadia\",\"@id\":\"https:\\\/\\\/www.salon-medecinedouce.com\\\/paris\\\/#\\\/schema\\\/person\\\/5183b711590539cde8972bf8245f8ace\"},\"headline\":\"Le secteur M\u00e9decines douces \u00e0 l&rsquo;honneur en 2022\",\"datePublished\":\"2022-01-10T08:30:15+00:00\",\"dateModified\":\"2022-01-11T17:26:02+00:00\",\"mainEntityOfPage\":{\"@id\":\"https:\\\/\\\/www.salon-medecinedouce.com\\\/paris\\\/blog\\\/2022\\\/01\\\/10\\\/portraits-dexposants-du-secteur-medecines-douces\\\/\"},\"wordCount\":1142,\"publisher\":{\"@id\":\"https:\\\/\\\/www.salon-medecinedouce.com\\\/paris\\\/#organization\"},\"image\":{\"@id\":\"https:\\\/\\\/www.salon-medecinedouce.com\\\/paris\\\/blog\\\/2022\\\/01\\\/10\\\/portraits-dexposants-du-secteur-medecines-douces\\\/#primaryimage\"},\"thumbnailUrl\":\"https:\\\/\\\/www.salon-medecinedouce.com\\\/paris\\\/wp-content\\\/uploads\\\/sites\\\/14\\\/2021\\\/06\\\/denys-nevozhai-z0nVqfrOqWA-unsplash.jpg\",\"inLanguage\":\"fr-FR\"},{\"@type\":\"WebPage\",\"@id\":\"https:\\\/\\\/www.salon-medecinedouce.com\\\/paris\\\/blog\\\/2022\\\/01\\\/10\\\/portraits-dexposants-du-secteur-medecines-douces\\\/\",\"url\":\"https:\\\/\\\/www.salon-medecinedouce.com\\\/paris\\\/blog\\\/2022\\\/01\\\/10\\\/portraits-dexposants-du-secteur-medecines-douces\\\/\",\"name\":\"Le secteur M\u00e9decines douces \u00e0 l'honneur en 2022 - Bien-\u00eatre Paris\",\"isPartOf\":{\"@id\":\"https:\\\/\\\/www.salon-medecinedouce.com\\\/paris\\\/#website\"},\"primaryImageOfPage\":{\"@id\":\"https:\\\/\\\/www.salon-medecinedouce.com\\\/paris\\\/blog\\\/2022\\\/01\\\/10\\\/portraits-dexposants-du-secteur-medecines-douces\\\/#primaryimage\"},\"image\":{\"@id\":\"https:\\\/\\\/www.salon-medecinedouce.com\\\/paris\\\/blog\\\/2022\\\/01\\\/10\\\/portraits-dexposants-du-secteur-medecines-douces\\\/#primaryimage\"},\"thumbnailUrl\":\"https:\\\/\\\/www.salon-medecinedouce.com\\\/paris\\\/wp-content\\\/uploads\\\/sites\\\/14\\\/2021\\\/06\\\/denys-nevozhai-z0nVqfrOqWA-unsplash.jpg\",\"datePublished\":\"2022-01-10T08:30:15+00:00\",\"dateModified\":\"2022-01-11T17:26:02+00:00\",\"breadcrumb\":{\"@id\":\"https:\\\/\\\/www.salon-medecinedouce.com\\\/paris\\\/blog\\\/2022\\\/01\\\/10\\\/portraits-dexposants-du-secteur-medecines-douces\\\/#breadcrumb\"},\"inLanguage\":\"fr-FR\",\"potentialAction\":[{\"@type\":\"ReadAction\",\"target\":[\"https:\\\/\\\/www.salon-medecinedouce.com\\\/paris\\\/blog\\\/2022\\\/01\\\/10\\\/portraits-dexposants-du-secteur-medecines-douces\\\/\"]}]},{\"@type\":\"ImageObject\",\"inLanguage\":\"fr-FR\",\"@id\":\"https:\\\/\\\/www.salon-medecinedouce.com\\\/paris\\\/blog\\\/2022\\\/01\\\/10\\\/portraits-dexposants-du-secteur-medecines-douces\\\/#primaryimage\",\"url\":\"https:\\\/\\\/www.salon-medecinedouce.com\\\/paris\\\/wp-content\\\/uploads\\\/sites\\\/14\\\/2021\\\/06\\\/denys-nevozhai-z0nVqfrOqWA-unsplash.jpg\",\"contentUrl\":\"https:\\\/\\\/www.salon-medecinedouce.com\\\/paris\\\/wp-content\\\/uploads\\\/sites\\\/14\\\/2021\\\/06\\\/denys-nevozhai-z0nVqfrOqWA-unsplash.jpg\",\"width\":800,\"height\":800,\"caption\":\"image bien-\u00eatre salons BEMD 2022\"},{\"@type\":\"BreadcrumbList\",\"@id\":\"https:\\\/\\\/www.salon-medecinedouce.com\\\/paris\\\/blog\\\/2022\\\/01\\\/10\\\/portraits-dexposants-du-secteur-medecines-douces\\\/#breadcrumb\",\"itemListElement\":[{\"@type\":\"ListItem\",\"position\":1,\"name\":\"Accueil\",\"item\":\"https:\\\/\\\/www.salon-medecinedouce.com\\\/paris\\\/\"},{\"@type\":\"ListItem\",\"position\":2,\"name\":\"Le secteur M\u00e9decines douces \u00e0 l&rsquo;honneur en 2022\"}]},{\"@type\":\"WebSite\",\"@id\":\"https:\\\/\\\/www.salon-medecinedouce.com\\\/paris\\\/#website\",\"url\":\"https:\\\/\\\/www.salon-medecinedouce.com\\\/paris\\\/\",\"name\":\"Bien-\u00eatre Paris\",\"description\":\"La sant\u00e9 au naturel : M\u00e9decines douces - Compl\u00e9ments alimentaires - Alimentation saine - Cosm\u00e9tiques naturelles - Art de vivre - Tourisme de sant\u00e9\",\"publisher\":{\"@id\":\"https:\\\/\\\/www.salon-medecinedouce.com\\\/paris\\\/#organization\"},\"potentialAction\":[{\"@type\":\"SearchAction\",\"target\":{\"@type\":\"EntryPoint\",\"urlTemplate\":\"https:\\\/\\\/www.salon-medecinedouce.com\\\/paris\\\/?s={search_term_string}\"},\"query-input\":{\"@type\":\"PropertyValueSpecification\",\"valueRequired\":true,\"valueName\":\"search_term_string\"}}],\"inLanguage\":\"fr-FR\"},{\"@type\":\"Organization\",\"@id\":\"https:\\\/\\\/www.salon-medecinedouce.com\\\/paris\\\/#organization\",\"name\":\"Bien-\u00eatre Paris\",\"url\":\"https:\\\/\\\/www.salon-medecinedouce.com\\\/paris\\\/\",\"logo\":{\"@type\":\"ImageObject\",\"inLanguage\":\"fr-FR\",\"@id\":\"https:\\\/\\\/www.salon-medecinedouce.com\\\/paris\\\/#\\\/schema\\\/logo\\\/image\\\/\",\"url\":\"https:\\\/\\\/www.salon-medecinedouce.com\\\/paris\\\/wp-content\\\/uploads\\\/sites\\\/14\\\/2024\\\/05\\\/cropped-logo-orange-bemd.png\",\"contentUrl\":\"https:\\\/\\\/www.salon-medecinedouce.com\\\/paris\\\/wp-content\\\/uploads\\\/sites\\\/14\\\/2024\\\/05\\\/cropped-logo-orange-bemd.png\",\"width\":591,\"height\":591,\"caption\":\"Bien-\u00eatre Paris\"},\"image\":{\"@id\":\"https:\\\/\\\/www.salon-medecinedouce.com\\\/paris\\\/#\\\/schema\\\/logo\\\/image\\\/\"}},{\"@type\":\"Person\",\"@id\":\"https:\\\/\\\/www.salon-medecinedouce.com\\\/paris\\\/#\\\/schema\\\/person\\\/5183b711590539cde8972bf8245f8ace\",\"name\":\"nadia\",\"image\":{\"@type\":\"ImageObject\",\"inLanguage\":\"fr-FR\",\"@id\":\"https:\\\/\\\/secure.gravatar.com\\\/avatar\\\/273a1e694f60b461bc5befb9507339d6901788b51004590ae8b8b96b3303aa28?s=96&d=mm&r=g\",\"url\":\"https:\\\/\\\/secure.gravatar.com\\\/avatar\\\/273a1e694f60b461bc5befb9507339d6901788b51004590ae8b8b96b3303aa28?s=96&d=mm&r=g\",\"contentUrl\":\"https:\\\/\\\/secure.gravatar.com\\\/avatar\\\/273a1e694f60b461bc5befb9507339d6901788b51004590ae8b8b96b3303aa28?s=96&d=mm&r=g\",\"caption\":\"nadia\"},\"url\":\"https:\\\/\\\/www.salon-medecinedouce.com\\\/paris\\\/blog\\\/author\\\/nadia\\\/\"}]}<\/script>\n<!-- \/ Yoast SEO plugin. -->","yoast_head_json":{"title":"Le secteur M\u00e9decines douces \u00e0 l'honneur en 2022 - Bien-\u00eatre Paris","robots":{"index":"index","follow":"follow","max-snippet":"max-snippet:-1","max-image-preview":"max-image-preview:large","max-video-preview":"max-video-preview:-1"},"canonical":"https:\/\/www.salon-medecinedouce.com\/paris\/blog\/2022\/01\/10\/portraits-dexposants-du-secteur-medecines-douces\/","og_locale":"fr_FR","og_type":"article","og_title":"Le secteur M\u00e9decines douces \u00e0 l'honneur en 2022 - Bien-\u00eatre Paris","og_description":"D\u00e9couvrez quelques exposants pr\u00e9sent dans le secteur des M\u00e9decines douces, leurs nouveaut\u00e9s et leurs animations sur le salon BODY AND BRAIN (nouveau sur le salon) Body &amp; Brain Yoga et Ki Gong se fondent sur la tradition tao\u00efste cor\u00e9enne qui d\u00e9veloppe le plein potentiel du cerveau, \u00e9limine le stress et revitalise le corps. Animations salon&hellip;","og_url":"https:\/\/www.salon-medecinedouce.com\/paris\/blog\/2022\/01\/10\/portraits-dexposants-du-secteur-medecines-douces\/","og_site_name":"Bien-\u00eatre Paris","article_published_time":"2022-01-10T08:30:15+00:00","article_modified_time":"2022-01-11T17:26:02+00:00","og_image":[{"width":800,"height":800,"url":"https:\/\/www.salon-medecinedouce.com\/paris\/wp-content\/uploads\/sites\/14\/2021\/06\/denys-nevozhai-z0nVqfrOqWA-unsplash.jpg","type":"image\/jpeg"}],"author":"nadia","twitter_card":"summary_large_image","twitter_misc":{"\u00c9crit par":"nadia","Dur\u00e9e de lecture estim\u00e9e":"7 minutes"},"schema":{"@context":"https:\/\/schema.org","@graph":[{"@type":"Article","@id":"https:\/\/www.salon-medecinedouce.com\/paris\/blog\/2022\/01\/10\/portraits-dexposants-du-secteur-medecines-douces\/#article","isPartOf":{"@id":"https:\/\/www.salon-medecinedouce.com\/paris\/blog\/2022\/01\/10\/portraits-dexposants-du-secteur-medecines-douces\/"},"author":{"name":"nadia","@id":"https:\/\/www.salon-medecinedouce.com\/paris\/#\/schema\/person\/5183b711590539cde8972bf8245f8ace"},"headline":"Le secteur M\u00e9decines douces \u00e0 l&rsquo;honneur en 2022","datePublished":"2022-01-10T08:30:15+00:00","dateModified":"2022-01-11T17:26:02+00:00","mainEntityOfPage":{"@id":"https:\/\/www.salon-medecinedouce.com\/paris\/blog\/2022\/01\/10\/portraits-dexposants-du-secteur-medecines-douces\/"},"wordCount":1142,"publisher":{"@id":"https:\/\/www.salon-medecinedouce.com\/paris\/#organization"},"image":{"@id":"https:\/\/www.salon-medecinedouce.com\/paris\/blog\/2022\/01\/10\/portraits-dexposants-du-secteur-medecines-douces\/#primaryimage"},"thumbnailUrl":"https:\/\/www.salon-medecinedouce.com\/paris\/wp-content\/uploads\/sites\/14\/2021\/06\/denys-nevozhai-z0nVqfrOqWA-unsplash.jpg","inLanguage":"fr-FR"},{"@type":"WebPage","@id":"https:\/\/www.salon-medecinedouce.com\/paris\/blog\/2022\/01\/10\/portraits-dexposants-du-secteur-medecines-douces\/","url":"https:\/\/www.salon-medecinedouce.com\/paris\/blog\/2022\/01\/10\/portraits-dexposants-du-secteur-medecines-douces\/","name":"Le secteur M\u00e9decines douces \u00e0 l'honneur en 2022 - Bien-\u00eatre Paris","isPartOf":{"@id":"https:\/\/www.salon-medecinedouce.com\/paris\/#website"},"primaryImageOfPage":{"@id":"https:\/\/www.salon-medecinedouce.com\/paris\/blog\/2022\/01\/10\/portraits-dexposants-du-secteur-medecines-douces\/#primaryimage"},"image":{"@id":"https:\/\/www.salon-medecinedouce.com\/paris\/blog\/2022\/01\/10\/portraits-dexposants-du-secteur-medecines-douces\/#primaryimage"},"thumbnailUrl":"https:\/\/www.salon-medecinedouce.com\/paris\/wp-content\/uploads\/sites\/14\/2021\/06\/denys-nevozhai-z0nVqfrOqWA-unsplash.jpg","datePublished":"2022-01-10T08:30:15+00:00","dateModified":"2022-01-11T17:26:02+00:00","breadcrumb":{"@id":"https:\/\/www.salon-medecinedouce.com\/paris\/blog\/2022\/01\/10\/portraits-dexposants-du-secteur-medecines-douces\/#breadcrumb"},"inLanguage":"fr-FR","potentialAction":[{"@type":"ReadAction","target":["https:\/\/www.salon-medecinedouce.com\/paris\/blog\/2022\/01\/10\/portraits-dexposants-du-secteur-medecines-douces\/"]}]},{"@type":"ImageObject","inLanguage":"fr-FR","@id":"https:\/\/www.salon-medecinedouce.com\/paris\/blog\/2022\/01\/10\/portraits-dexposants-du-secteur-medecines-douces\/#primaryimage","url":"https:\/\/www.salon-medecinedouce.com\/paris\/wp-content\/uploads\/sites\/14\/2021\/06\/denys-nevozhai-z0nVqfrOqWA-unsplash.jpg","contentUrl":"https:\/\/www.salon-medecinedouce.com\/paris\/wp-content\/uploads\/sites\/14\/2021\/06\/denys-nevozhai-z0nVqfrOqWA-unsplash.jpg","width":800,"height":800,"caption":"image bien-\u00eatre salons BEMD 2022"},{"@type":"BreadcrumbList","@id":"https:\/\/www.salon-medecinedouce.com\/paris\/blog\/2022\/01\/10\/portraits-dexposants-du-secteur-medecines-douces\/#breadcrumb","itemListElement":[{"@type":"ListItem","position":1,"name":"Accueil","item":"https:\/\/www.salon-medecinedouce.com\/paris\/"},{"@type":"ListItem","position":2,"name":"Le secteur M\u00e9decines douces \u00e0 l&rsquo;honneur en 2022"}]},{"@type":"WebSite","@id":"https:\/\/www.salon-medecinedouce.com\/paris\/#website","url":"https:\/\/www.salon-medecinedouce.com\/paris\/","name":"Bien-\u00eatre Paris","description":"La sant\u00e9 au naturel : M\u00e9decines douces - Compl\u00e9ments alimentaires - Alimentation saine - Cosm\u00e9tiques naturelles - Art de vivre - Tourisme de sant\u00e9","publisher":{"@id":"https:\/\/www.salon-medecinedouce.com\/paris\/#organization"},"potentialAction":[{"@type":"SearchAction","target":{"@type":"EntryPoint","urlTemplate":"https:\/\/www.salon-medecinedouce.com\/paris\/?s={search_term_string}"},"query-input":{"@type":"PropertyValueSpecification","valueRequired":true,"valueName":"search_term_string"}}],"inLanguage":"fr-FR"},{"@type":"Organization","@id":"https:\/\/www.salon-medecinedouce.com\/paris\/#organization","name":"Bien-\u00eatre Paris","url":"https:\/\/www.salon-medecinedouce.com\/paris\/","logo":{"@type":"ImageObject","inLanguage":"fr-FR","@id":"https:\/\/www.salon-medecinedouce.com\/paris\/#\/schema\/logo\/image\/","url":"https:\/\/www.salon-medecinedouce.com\/paris\/wp-content\/uploads\/sites\/14\/2024\/05\/cropped-logo-orange-bemd.png","contentUrl":"https:\/\/www.salon-medecinedouce.com\/paris\/wp-content\/uploads\/sites\/14\/2024\/05\/cropped-logo-orange-bemd.png","width":591,"height":591,"caption":"Bien-\u00eatre Paris"},"image":{"@id":"https:\/\/www.salon-medecinedouce.com\/paris\/#\/schema\/logo\/image\/"}},{"@type":"Person","@id":"https:\/\/www.salon-medecinedouce.com\/paris\/#\/schema\/person\/5183b711590539cde8972bf8245f8ace","name":"nadia","image":{"@type":"ImageObject","inLanguage":"fr-FR","@id":"https:\/\/secure.gravatar.com\/avatar\/273a1e694f60b461bc5befb9507339d6901788b51004590ae8b8b96b3303aa28?s=96&d=mm&r=g","url":"https:\/\/secure.gravatar.com\/avatar\/273a1e694f60b461bc5befb9507339d6901788b51004590ae8b8b96b3303aa28?s=96&d=mm&r=g","contentUrl":"https:\/\/secure.gravatar.com\/avatar\/273a1e694f60b461bc5befb9507339d6901788b51004590ae8b8b96b3303aa28?s=96&d=mm&r=g","caption":"nadia"},"url":"https:\/\/www.salon-medecinedouce.com\/paris\/blog\/author\/nadia\/"}]}},"rttpg_featured_image_url":{"full":["https:\/\/www.salon-medecinedouce.com\/paris\/wp-content\/uploads\/sites\/14\/2021\/06\/denys-nevozhai-z0nVqfrOqWA-unsplash.jpg",800,800,false],"landscape":["https:\/\/www.salon-medecinedouce.com\/paris\/wp-content\/uploads\/sites\/14\/2021\/06\/denys-nevozhai-z0nVqfrOqWA-unsplash.jpg",800,800,false],"portraits":["https:\/\/www.salon-medecinedouce.com\/paris\/wp-content\/uploads\/sites\/14\/2021\/06\/denys-nevozhai-z0nVqfrOqWA-unsplash.jpg",800,800,false],"thumbnail":["https:\/\/www.salon-medecinedouce.com\/paris\/wp-content\/uploads\/sites\/14\/2021\/06\/denys-nevozhai-z0nVqfrOqWA-unsplash-150x150.jpg",150,150,true],"medium":["https:\/\/www.salon-medecinedouce.com\/paris\/wp-content\/uploads\/sites\/14\/2021\/06\/denys-nevozhai-z0nVqfrOqWA-unsplash-300x300.jpg",300,300,true],"large":["https:\/\/www.salon-medecinedouce.com\/paris\/wp-content\/uploads\/sites\/14\/2021\/06\/denys-nevozhai-z0nVqfrOqWA-unsplash.jpg",790,790,false],"1536x1536":["https:\/\/www.salon-medecinedouce.com\/paris\/wp-content\/uploads\/sites\/14\/2021\/06\/denys-nevozhai-z0nVqfrOqWA-unsplash.jpg",800,800,false],"2048x2048":["https:\/\/www.salon-medecinedouce.com\/paris\/wp-content\/uploads\/sites\/14\/2021\/06\/denys-nevozhai-z0nVqfrOqWA-unsplash.jpg",800,800,false],"gg_gallery_thumbnail":["https:\/\/www.salon-medecinedouce.com\/paris\/wp-content\/uploads\/sites\/14\/2021\/06\/denys-nevozhai-z0nVqfrOqWA-unsplash-450x250.jpg",450,250,true],"rpwe-thumbnail":["https:\/\/www.salon-medecinedouce.com\/paris\/wp-content\/uploads\/sites\/14\/2021\/06\/denys-nevozhai-z0nVqfrOqWA-unsplash-45x45.jpg",45,45,true]},"rttpg_author":{"display_name":"nadia","author_link":"https:\/\/www.salon-medecinedouce.com\/paris\/blog\/author\/nadia\/"},"rttpg_comment":0,"rttpg_category":"<a href=\"https:\/\/www.salon-medecinedouce.com\/paris\/blog\/category\/non-classe\/\" rel=\"category tag\">Non class\u00e9<\/a>","rttpg_excerpt":"D\u00e9couvrez quelques exposants pr\u00e9sent dans le secteur des M\u00e9decines douces, leurs nouveaut\u00e9s et leurs animations sur le salon BODY AND BRAIN (nouveau sur le salon) Body &amp; Brain Yoga et Ki Gong se fondent sur la tradition tao\u00efste cor\u00e9enne qui d\u00e9veloppe le plein potentiel du cerveau, \u00e9limine le stress et revitalise le corps. Animations salon&hellip;","_links":{"self":[{"href":"https:\/\/www.salon-medecinedouce.com\/paris\/wp-json\/wp\/v2\/posts\/12079","targetHints":{"allow":["GET"]}}],"collection":[{"href":"https:\/\/www.salon-medecinedouce.com\/paris\/wp-json\/wp\/v2\/posts"}],"about":[{"href":"https:\/\/www.salon-medecinedouce.com\/paris\/wp-json\/wp\/v2\/types\/post"}],"author":[{"embeddable":true,"href":"https:\/\/www.salon-medecinedouce.com\/paris\/wp-json\/wp\/v2\/users\/5"}],"replies":[{"embeddable":true,"href":"https:\/\/www.salon-medecinedouce.com\/paris\/wp-json\/wp\/v2\/comments?post=12079"}],"version-history":[{"count":14,"href":"https:\/\/www.salon-medecinedouce.com\/paris\/wp-json\/wp\/v2\/posts\/12079\/revisions"}],"predecessor-version":[{"id":12773,"href":"https:\/\/www.salon-medecinedouce.com\/paris\/wp-json\/wp\/v2\/posts\/12079\/revisions\/12773"}],"wp:featuredmedia":[{"embeddable":true,"href":"https:\/\/www.salon-medecinedouce.com\/paris\/wp-json\/wp\/v2\/media\/11567"}],"wp:attachment":[{"href":"https:\/\/www.salon-medecinedouce.com\/paris\/wp-json\/wp\/v2\/media?parent=12079"}],"wp:term":[{"taxonomy":"category","embeddable":true,"href":"https:\/\/www.salon-medecinedouce.com\/paris\/wp-json\/wp\/v2\/categories?post=12079"},{"taxonomy":"post_tag","embeddable":true,"href":"https:\/\/www.salon-medecinedouce.com\/paris\/wp-json\/wp\/v2\/tags?post=12079"}],"curies":[{"name":"wp","href":"https:\/\/api.w.org\/{rel}","templated":true}]}}