{"id":11697,"date":"2021-06-28T17:54:53","date_gmt":"2021-06-28T15:54:53","guid":{"rendered":"https:\/\/www.salon-medecinedouce.com\/paris\/?p=11697"},"modified":"2021-06-28T17:59:08","modified_gmt":"2021-06-28T15:59:08","slug":"cette-annee-le-rendez-vous-de-la-conscience-devient-un-secteur-a-part-entiere-du-salon-bien-etre-medecine-douce","status":"publish","type":"post","link":"https:\/\/www.salon-medecinedouce.com\/paris\/blog\/2021\/06\/28\/cette-annee-le-rendez-vous-de-la-conscience-devient-un-secteur-a-part-entiere-du-salon-bien-etre-medecine-douce\/","title":{"rendered":"Le Rendez-vous de la Conscience"},"content":{"rendered":"<h3 class=\"name post-title entry-title\">Cette ann\u00e9e le Rendez-vous de la Conscience devient un secteur \u00e0 part enti\u00e8re du Salon Bien-\u00catre M\u00e9decine Douce.\u00a0<\/h3>\n<div class=\"clear\">\u00a0<\/div>\n<div class=\"entry\">\n<p>Le Rendez-vous de la Conscience est d\u00e9sormais un secteur d&rsquo;exposition du salon sur lequel sont rassembl\u00e9s les th\u00e9rapeutes, les coachs et les enseignants engag\u00e9s au service de l\u2019\u00e9panouissement individuel et collectif. Il participe \u00e0 promouvoir la diversit\u00e9 de ces pratiques et de cr\u00e9er une <br \/>\n<strong>dynamique de changement, d\u2019\u00e9veil et d\u2019ouverture des consciences.<\/p>\n<p><\/strong><img fetchpriority=\"high\" decoding=\"async\" class=\"size-medium wp-image-11637 alignleft\" src=\"https:\/\/www.salon-medecinedouce.com\/paris\/wp-content\/uploads\/sites\/14\/2021\/06\/Insta-JBEsage-friedman-HS5CLnQbCOc-unsplash-300x300.jpg\" alt=\"\" width=\"300\" height=\"300\" srcset=\"https:\/\/www.salon-medecinedouce.com\/paris\/wp-content\/uploads\/sites\/14\/2021\/06\/Insta-JBEsage-friedman-HS5CLnQbCOc-unsplash-300x300.jpg 300w, https:\/\/www.salon-medecinedouce.com\/paris\/wp-content\/uploads\/sites\/14\/2021\/06\/Insta-JBEsage-friedman-HS5CLnQbCOc-unsplash-150x150.jpg 150w, https:\/\/www.salon-medecinedouce.com\/paris\/wp-content\/uploads\/sites\/14\/2021\/06\/Insta-JBEsage-friedman-HS5CLnQbCOc-unsplash-768x768.jpg 768w, https:\/\/www.salon-medecinedouce.com\/paris\/wp-content\/uploads\/sites\/14\/2021\/06\/Insta-JBEsage-friedman-HS5CLnQbCOc-unsplash-200x200.jpg 200w, https:\/\/www.salon-medecinedouce.com\/paris\/wp-content\/uploads\/sites\/14\/2021\/06\/Insta-JBEsage-friedman-HS5CLnQbCOc-unsplash-100x100.jpg 100w, https:\/\/www.salon-medecinedouce.com\/paris\/wp-content\/uploads\/sites\/14\/2021\/06\/Insta-JBEsage-friedman-HS5CLnQbCOc-unsplash-50x50.jpg 50w, https:\/\/www.salon-medecinedouce.com\/paris\/wp-content\/uploads\/sites\/14\/2021\/06\/Insta-JBEsage-friedman-HS5CLnQbCOc-unsplash-500x500.jpg 500w, https:\/\/www.salon-medecinedouce.com\/paris\/wp-content\/uploads\/sites\/14\/2021\/06\/Insta-JBEsage-friedman-HS5CLnQbCOc-unsplash-45x45.jpg 45w, https:\/\/www.salon-medecinedouce.com\/paris\/wp-content\/uploads\/sites\/14\/2021\/06\/Insta-JBEsage-friedman-HS5CLnQbCOc-unsplash.jpg 800w\" sizes=\"(max-width: 300px) 100vw, 300px\" \/>Le Rendez-vous de la Conscience fait la part belle aux approches fond\u00e9es sur la<strong>\u00a0spiritualit\u00e9<\/strong>, l\u2019<strong>\u00e9nergie<\/strong>, la\u00a0<strong>intuition<\/strong>. L\u2019art, l\u2019\u00e9copsychologie, les communications intuitives, la pens\u00e9e positive, les th\u00e9rapies informationnelles offrent de nouveaux chemins \u00e0 la gu\u00e9rison et \u00e0 l\u2019\u00e9volution personnelle.<\/p>\n<p>Venez comprendre, d\u00e9couvrir, exp\u00e9rimenter et vibrer avec des professionnels rassembl\u00e9s pour venir vous informer et r\u00e9pondre \u00e0 vos questions.<\/p>\n<p><strong>Un moment id\u00e9al pour se rencontrer, et \u00e9voluer, ensemble et en conscience !<\/strong><\/p>\n<p><a href=\"https:\/\/www.salon-medecinedouce.com\/paris\/visiteur_invitation\/\">&gt;&gt; Demandez votre entr\u00e9e gratuite<\/a><\/p>\n<div>\u00a0<\/div>\n<\/div>\n<div class=\"salon-pubs-hp-bas-de-page salon-entity-placement\" id=\"salon-495917050\"><div id=\"salon-434735614\"><a data-no-instant=\"1\" href=\"https:\/\/www.adntv.fr\/home?request_origin=tv_app\" rel=\"noopener\" class=\"a2t-link\" target=\"_blank\"><p><a href=\"https:\/\/www.salondesseniors.com\/\"><img decoding=\"async\" class=\"wp-image-22417 aligncenter\" src=\"https:\/\/www.salon-medecinedouce.com\/paris\/wp-content\/uploads\/sites\/14\/2026\/02\/Banniere-728x90-1-300x37.png\" alt=\"\" width=\"754\" height=\"93\" srcset=\"https:\/\/www.salon-medecinedouce.com\/paris\/wp-content\/uploads\/sites\/14\/2026\/02\/Banniere-728x90-1-300x37.png 300w, https:\/\/www.salon-medecinedouce.com\/paris\/wp-content\/uploads\/sites\/14\/2026\/02\/Banniere-728x90-1-1024x127.png 1024w, https:\/\/www.salon-medecinedouce.com\/paris\/wp-content\/uploads\/sites\/14\/2026\/02\/Banniere-728x90-1-768x95.png 768w, https:\/\/www.salon-medecinedouce.com\/paris\/wp-content\/uploads\/sites\/14\/2026\/02\/Banniere-728x90-1-1536x190.png 1536w, https:\/\/www.salon-medecinedouce.com\/paris\/wp-content\/uploads\/sites\/14\/2026\/02\/Banniere-728x90-1-2048x253.png 2048w, https:\/\/www.salon-medecinedouce.com\/paris\/wp-content\/uploads\/sites\/14\/2026\/02\/Banniere-728x90-1-150x19.png 150w, https:\/\/www.salon-medecinedouce.com\/paris\/wp-content\/uploads\/sites\/14\/2026\/02\/Banniere-728x90-1-500x62.png 500w\" sizes=\"(max-width: 754px) 100vw, 754px\" \/><\/a><\/p>\n<\/a><\/div><\/div>","protected":false},"excerpt":{"rendered":"<p>Cette ann\u00e9e le Rendez-vous de la Conscience devient un secteur \u00e0 part enti\u00e8re du Salon Bien-\u00catre M\u00e9decine Douce.\u00a0 \u00a0 Le Rendez-vous de la Conscience est d\u00e9sormais un secteur d&rsquo;exposition du salon sur lequel sont rassembl\u00e9s les th\u00e9rapeutes, les coachs et les enseignants engag\u00e9s au service de l\u2019\u00e9panouissement individuel et collectif. Il participe \u00e0 promouvoir la&hellip; <\/p>\n","protected":false},"author":5,"featured_media":11698,"comment_status":"closed","ping_status":"closed","sticky":false,"template":"","format":"standard","meta":{"_monsterinsights_skip_tracking":false,"_monsterinsights_sitenote_active":false,"_monsterinsights_sitenote_note":"","_monsterinsights_sitenote_category":0,"footnotes":""},"categories":[377],"tags":[],"class_list":["post-11697","post","type-post","status-publish","format-standard","has-post-thumbnail","hentry","category-actualites-fr"],"yoast_head":"<!-- This site is optimized with the Yoast SEO plugin v27.3 - https:\/\/yoast.com\/product\/yoast-seo-wordpress\/ -->\n<title>Le Rendez-vous de la Conscience - Bien-\u00eatre Paris<\/title>\n<meta name=\"robots\" content=\"index, follow, max-snippet:-1, max-image-preview:large, max-video-preview:-1\" \/>\n<link rel=\"canonical\" href=\"https:\/\/www.salon-medecinedouce.com\/paris\/blog\/2021\/06\/28\/cette-annee-le-rendez-vous-de-la-conscience-devient-un-secteur-a-part-entiere-du-salon-bien-etre-medecine-douce\/\" \/>\n<meta property=\"og:locale\" content=\"fr_FR\" \/>\n<meta property=\"og:type\" content=\"article\" \/>\n<meta property=\"og:title\" content=\"Le Rendez-vous de la Conscience - Bien-\u00eatre Paris\" \/>\n<meta property=\"og:description\" content=\"Cette ann\u00e9e le Rendez-vous de la Conscience devient un secteur \u00e0 part enti\u00e8re du Salon Bien-\u00catre M\u00e9decine Douce.\u00a0 \u00a0 Le Rendez-vous de la Conscience est d\u00e9sormais un secteur d&rsquo;exposition du salon sur lequel sont rassembl\u00e9s les th\u00e9rapeutes, les coachs et les enseignants engag\u00e9s au service de l\u2019\u00e9panouissement individuel et collectif. Il participe \u00e0 promouvoir la&hellip;\" \/>\n<meta property=\"og:url\" content=\"https:\/\/www.salon-medecinedouce.com\/paris\/blog\/2021\/06\/28\/cette-annee-le-rendez-vous-de-la-conscience-devient-un-secteur-a-part-entiere-du-salon-bien-etre-medecine-douce\/\" \/>\n<meta property=\"og:site_name\" content=\"Bien-\u00eatre Paris\" \/>\n<meta property=\"article:published_time\" content=\"2021-06-28T15:54:53+00:00\" \/>\n<meta property=\"article:modified_time\" content=\"2021-06-28T15:59:08+00:00\" \/>\n<meta property=\"og:image\" content=\"https:\/\/www.salon-medecinedouce.com\/paris\/wp-content\/uploads\/sites\/14\/2021\/06\/800x800-ashley-batz-betmVWGYcLY-unsplash.jpg\" \/>\n\t<meta property=\"og:image:width\" content=\"800\" \/>\n\t<meta property=\"og:image:height\" content=\"800\" \/>\n\t<meta property=\"og:image:type\" content=\"image\/jpeg\" \/>\n<meta name=\"author\" content=\"nadia\" \/>\n<meta name=\"twitter:card\" content=\"summary_large_image\" \/>\n<meta name=\"twitter:label1\" content=\"\u00c9crit par\" \/>\n\t<meta name=\"twitter:data1\" content=\"nadia\" \/>\n\t<meta name=\"twitter:label2\" content=\"Dur\u00e9e de lecture estim\u00e9e\" \/>\n\t<meta name=\"twitter:data2\" content=\"1 minute\" \/>\n<script type=\"application\/ld+json\" class=\"yoast-schema-graph\">{\"@context\":\"https:\\\/\\\/schema.org\",\"@graph\":[{\"@type\":\"Article\",\"@id\":\"https:\\\/\\\/www.salon-medecinedouce.com\\\/paris\\\/blog\\\/2021\\\/06\\\/28\\\/cette-annee-le-rendez-vous-de-la-conscience-devient-un-secteur-a-part-entiere-du-salon-bien-etre-medecine-douce\\\/#article\",\"isPartOf\":{\"@id\":\"https:\\\/\\\/www.salon-medecinedouce.com\\\/paris\\\/blog\\\/2021\\\/06\\\/28\\\/cette-annee-le-rendez-vous-de-la-conscience-devient-un-secteur-a-part-entiere-du-salon-bien-etre-medecine-douce\\\/\"},\"author\":{\"name\":\"nadia\",\"@id\":\"https:\\\/\\\/www.salon-medecinedouce.com\\\/paris\\\/#\\\/schema\\\/person\\\/5183b711590539cde8972bf8245f8ace\"},\"headline\":\"Le Rendez-vous de la Conscience\",\"datePublished\":\"2021-06-28T15:54:53+00:00\",\"dateModified\":\"2021-06-28T15:59:08+00:00\",\"mainEntityOfPage\":{\"@id\":\"https:\\\/\\\/www.salon-medecinedouce.com\\\/paris\\\/blog\\\/2021\\\/06\\\/28\\\/cette-annee-le-rendez-vous-de-la-conscience-devient-un-secteur-a-part-entiere-du-salon-bien-etre-medecine-douce\\\/\"},\"wordCount\":173,\"publisher\":{\"@id\":\"https:\\\/\\\/www.salon-medecinedouce.com\\\/paris\\\/#organization\"},\"image\":{\"@id\":\"https:\\\/\\\/www.salon-medecinedouce.com\\\/paris\\\/blog\\\/2021\\\/06\\\/28\\\/cette-annee-le-rendez-vous-de-la-conscience-devient-un-secteur-a-part-entiere-du-salon-bien-etre-medecine-douce\\\/#primaryimage\"},\"thumbnailUrl\":\"https:\\\/\\\/www.salon-medecinedouce.com\\\/paris\\\/wp-content\\\/uploads\\\/sites\\\/14\\\/2021\\\/06\\\/800x800-ashley-batz-betmVWGYcLY-unsplash.jpg\",\"articleSection\":[\"actualit\u00e9s\"],\"inLanguage\":\"fr-FR\"},{\"@type\":\"WebPage\",\"@id\":\"https:\\\/\\\/www.salon-medecinedouce.com\\\/paris\\\/blog\\\/2021\\\/06\\\/28\\\/cette-annee-le-rendez-vous-de-la-conscience-devient-un-secteur-a-part-entiere-du-salon-bien-etre-medecine-douce\\\/\",\"url\":\"https:\\\/\\\/www.salon-medecinedouce.com\\\/paris\\\/blog\\\/2021\\\/06\\\/28\\\/cette-annee-le-rendez-vous-de-la-conscience-devient-un-secteur-a-part-entiere-du-salon-bien-etre-medecine-douce\\\/\",\"name\":\"Le Rendez-vous de la Conscience - Bien-\u00eatre Paris\",\"isPartOf\":{\"@id\":\"https:\\\/\\\/www.salon-medecinedouce.com\\\/paris\\\/#website\"},\"primaryImageOfPage\":{\"@id\":\"https:\\\/\\\/www.salon-medecinedouce.com\\\/paris\\\/blog\\\/2021\\\/06\\\/28\\\/cette-annee-le-rendez-vous-de-la-conscience-devient-un-secteur-a-part-entiere-du-salon-bien-etre-medecine-douce\\\/#primaryimage\"},\"image\":{\"@id\":\"https:\\\/\\\/www.salon-medecinedouce.com\\\/paris\\\/blog\\\/2021\\\/06\\\/28\\\/cette-annee-le-rendez-vous-de-la-conscience-devient-un-secteur-a-part-entiere-du-salon-bien-etre-medecine-douce\\\/#primaryimage\"},\"thumbnailUrl\":\"https:\\\/\\\/www.salon-medecinedouce.com\\\/paris\\\/wp-content\\\/uploads\\\/sites\\\/14\\\/2021\\\/06\\\/800x800-ashley-batz-betmVWGYcLY-unsplash.jpg\",\"datePublished\":\"2021-06-28T15:54:53+00:00\",\"dateModified\":\"2021-06-28T15:59:08+00:00\",\"breadcrumb\":{\"@id\":\"https:\\\/\\\/www.salon-medecinedouce.com\\\/paris\\\/blog\\\/2021\\\/06\\\/28\\\/cette-annee-le-rendez-vous-de-la-conscience-devient-un-secteur-a-part-entiere-du-salon-bien-etre-medecine-douce\\\/#breadcrumb\"},\"inLanguage\":\"fr-FR\",\"potentialAction\":[{\"@type\":\"ReadAction\",\"target\":[\"https:\\\/\\\/www.salon-medecinedouce.com\\\/paris\\\/blog\\\/2021\\\/06\\\/28\\\/cette-annee-le-rendez-vous-de-la-conscience-devient-un-secteur-a-part-entiere-du-salon-bien-etre-medecine-douce\\\/\"]}]},{\"@type\":\"ImageObject\",\"inLanguage\":\"fr-FR\",\"@id\":\"https:\\\/\\\/www.salon-medecinedouce.com\\\/paris\\\/blog\\\/2021\\\/06\\\/28\\\/cette-annee-le-rendez-vous-de-la-conscience-devient-un-secteur-a-part-entiere-du-salon-bien-etre-medecine-douce\\\/#primaryimage\",\"url\":\"https:\\\/\\\/www.salon-medecinedouce.com\\\/paris\\\/wp-content\\\/uploads\\\/sites\\\/14\\\/2021\\\/06\\\/800x800-ashley-batz-betmVWGYcLY-unsplash.jpg\",\"contentUrl\":\"https:\\\/\\\/www.salon-medecinedouce.com\\\/paris\\\/wp-content\\\/uploads\\\/sites\\\/14\\\/2021\\\/06\\\/800x800-ashley-batz-betmVWGYcLY-unsplash.jpg\",\"width\":800,\"height\":800,\"caption\":\"Photo illustration rendez-vous de la conscience\"},{\"@type\":\"BreadcrumbList\",\"@id\":\"https:\\\/\\\/www.salon-medecinedouce.com\\\/paris\\\/blog\\\/2021\\\/06\\\/28\\\/cette-annee-le-rendez-vous-de-la-conscience-devient-un-secteur-a-part-entiere-du-salon-bien-etre-medecine-douce\\\/#breadcrumb\",\"itemListElement\":[{\"@type\":\"ListItem\",\"position\":1,\"name\":\"Accueil\",\"item\":\"https:\\\/\\\/www.salon-medecinedouce.com\\\/paris\\\/\"},{\"@type\":\"ListItem\",\"position\":2,\"name\":\"Le Rendez-vous de la Conscience\"}]},{\"@type\":\"WebSite\",\"@id\":\"https:\\\/\\\/www.salon-medecinedouce.com\\\/paris\\\/#website\",\"url\":\"https:\\\/\\\/www.salon-medecinedouce.com\\\/paris\\\/\",\"name\":\"Bien-\u00eatre Paris\",\"description\":\"La sant\u00e9 au naturel : M\u00e9decines douces - Compl\u00e9ments alimentaires - Alimentation saine - Cosm\u00e9tiques naturelles - Art de vivre - Tourisme de sant\u00e9\",\"publisher\":{\"@id\":\"https:\\\/\\\/www.salon-medecinedouce.com\\\/paris\\\/#organization\"},\"potentialAction\":[{\"@type\":\"SearchAction\",\"target\":{\"@type\":\"EntryPoint\",\"urlTemplate\":\"https:\\\/\\\/www.salon-medecinedouce.com\\\/paris\\\/?s={search_term_string}\"},\"query-input\":{\"@type\":\"PropertyValueSpecification\",\"valueRequired\":true,\"valueName\":\"search_term_string\"}}],\"inLanguage\":\"fr-FR\"},{\"@type\":\"Organization\",\"@id\":\"https:\\\/\\\/www.salon-medecinedouce.com\\\/paris\\\/#organization\",\"name\":\"Bien-\u00eatre Paris\",\"url\":\"https:\\\/\\\/www.salon-medecinedouce.com\\\/paris\\\/\",\"logo\":{\"@type\":\"ImageObject\",\"inLanguage\":\"fr-FR\",\"@id\":\"https:\\\/\\\/www.salon-medecinedouce.com\\\/paris\\\/#\\\/schema\\\/logo\\\/image\\\/\",\"url\":\"https:\\\/\\\/www.salon-medecinedouce.com\\\/paris\\\/wp-content\\\/uploads\\\/sites\\\/14\\\/2024\\\/05\\\/cropped-logo-orange-bemd.png\",\"contentUrl\":\"https:\\\/\\\/www.salon-medecinedouce.com\\\/paris\\\/wp-content\\\/uploads\\\/sites\\\/14\\\/2024\\\/05\\\/cropped-logo-orange-bemd.png\",\"width\":591,\"height\":591,\"caption\":\"Bien-\u00eatre Paris\"},\"image\":{\"@id\":\"https:\\\/\\\/www.salon-medecinedouce.com\\\/paris\\\/#\\\/schema\\\/logo\\\/image\\\/\"}},{\"@type\":\"Person\",\"@id\":\"https:\\\/\\\/www.salon-medecinedouce.com\\\/paris\\\/#\\\/schema\\\/person\\\/5183b711590539cde8972bf8245f8ace\",\"name\":\"nadia\",\"image\":{\"@type\":\"ImageObject\",\"inLanguage\":\"fr-FR\",\"@id\":\"https:\\\/\\\/secure.gravatar.com\\\/avatar\\\/273a1e694f60b461bc5befb9507339d6901788b51004590ae8b8b96b3303aa28?s=96&d=mm&r=g\",\"url\":\"https:\\\/\\\/secure.gravatar.com\\\/avatar\\\/273a1e694f60b461bc5befb9507339d6901788b51004590ae8b8b96b3303aa28?s=96&d=mm&r=g\",\"contentUrl\":\"https:\\\/\\\/secure.gravatar.com\\\/avatar\\\/273a1e694f60b461bc5befb9507339d6901788b51004590ae8b8b96b3303aa28?s=96&d=mm&r=g\",\"caption\":\"nadia\"},\"url\":\"https:\\\/\\\/www.salon-medecinedouce.com\\\/paris\\\/blog\\\/author\\\/nadia\\\/\"}]}<\/script>\n<!-- \/ Yoast SEO plugin. -->","yoast_head_json":{"title":"Le Rendez-vous de la Conscience - Bien-\u00eatre Paris","robots":{"index":"index","follow":"follow","max-snippet":"max-snippet:-1","max-image-preview":"max-image-preview:large","max-video-preview":"max-video-preview:-1"},"canonical":"https:\/\/www.salon-medecinedouce.com\/paris\/blog\/2021\/06\/28\/cette-annee-le-rendez-vous-de-la-conscience-devient-un-secteur-a-part-entiere-du-salon-bien-etre-medecine-douce\/","og_locale":"fr_FR","og_type":"article","og_title":"Le Rendez-vous de la Conscience - Bien-\u00eatre Paris","og_description":"Cette ann\u00e9e le Rendez-vous de la Conscience devient un secteur \u00e0 part enti\u00e8re du Salon Bien-\u00catre M\u00e9decine Douce.\u00a0 \u00a0 Le Rendez-vous de la Conscience est d\u00e9sormais un secteur d&rsquo;exposition du salon sur lequel sont rassembl\u00e9s les th\u00e9rapeutes, les coachs et les enseignants engag\u00e9s au service de l\u2019\u00e9panouissement individuel et collectif. Il participe \u00e0 promouvoir la&hellip;","og_url":"https:\/\/www.salon-medecinedouce.com\/paris\/blog\/2021\/06\/28\/cette-annee-le-rendez-vous-de-la-conscience-devient-un-secteur-a-part-entiere-du-salon-bien-etre-medecine-douce\/","og_site_name":"Bien-\u00eatre Paris","article_published_time":"2021-06-28T15:54:53+00:00","article_modified_time":"2021-06-28T15:59:08+00:00","og_image":[{"width":800,"height":800,"url":"https:\/\/www.salon-medecinedouce.com\/paris\/wp-content\/uploads\/sites\/14\/2021\/06\/800x800-ashley-batz-betmVWGYcLY-unsplash.jpg","type":"image\/jpeg"}],"author":"nadia","twitter_card":"summary_large_image","twitter_misc":{"\u00c9crit par":"nadia","Dur\u00e9e de lecture estim\u00e9e":"1 minute"},"schema":{"@context":"https:\/\/schema.org","@graph":[{"@type":"Article","@id":"https:\/\/www.salon-medecinedouce.com\/paris\/blog\/2021\/06\/28\/cette-annee-le-rendez-vous-de-la-conscience-devient-un-secteur-a-part-entiere-du-salon-bien-etre-medecine-douce\/#article","isPartOf":{"@id":"https:\/\/www.salon-medecinedouce.com\/paris\/blog\/2021\/06\/28\/cette-annee-le-rendez-vous-de-la-conscience-devient-un-secteur-a-part-entiere-du-salon-bien-etre-medecine-douce\/"},"author":{"name":"nadia","@id":"https:\/\/www.salon-medecinedouce.com\/paris\/#\/schema\/person\/5183b711590539cde8972bf8245f8ace"},"headline":"Le Rendez-vous de la Conscience","datePublished":"2021-06-28T15:54:53+00:00","dateModified":"2021-06-28T15:59:08+00:00","mainEntityOfPage":{"@id":"https:\/\/www.salon-medecinedouce.com\/paris\/blog\/2021\/06\/28\/cette-annee-le-rendez-vous-de-la-conscience-devient-un-secteur-a-part-entiere-du-salon-bien-etre-medecine-douce\/"},"wordCount":173,"publisher":{"@id":"https:\/\/www.salon-medecinedouce.com\/paris\/#organization"},"image":{"@id":"https:\/\/www.salon-medecinedouce.com\/paris\/blog\/2021\/06\/28\/cette-annee-le-rendez-vous-de-la-conscience-devient-un-secteur-a-part-entiere-du-salon-bien-etre-medecine-douce\/#primaryimage"},"thumbnailUrl":"https:\/\/www.salon-medecinedouce.com\/paris\/wp-content\/uploads\/sites\/14\/2021\/06\/800x800-ashley-batz-betmVWGYcLY-unsplash.jpg","articleSection":["actualit\u00e9s"],"inLanguage":"fr-FR"},{"@type":"WebPage","@id":"https:\/\/www.salon-medecinedouce.com\/paris\/blog\/2021\/06\/28\/cette-annee-le-rendez-vous-de-la-conscience-devient-un-secteur-a-part-entiere-du-salon-bien-etre-medecine-douce\/","url":"https:\/\/www.salon-medecinedouce.com\/paris\/blog\/2021\/06\/28\/cette-annee-le-rendez-vous-de-la-conscience-devient-un-secteur-a-part-entiere-du-salon-bien-etre-medecine-douce\/","name":"Le Rendez-vous de la Conscience - Bien-\u00eatre Paris","isPartOf":{"@id":"https:\/\/www.salon-medecinedouce.com\/paris\/#website"},"primaryImageOfPage":{"@id":"https:\/\/www.salon-medecinedouce.com\/paris\/blog\/2021\/06\/28\/cette-annee-le-rendez-vous-de-la-conscience-devient-un-secteur-a-part-entiere-du-salon-bien-etre-medecine-douce\/#primaryimage"},"image":{"@id":"https:\/\/www.salon-medecinedouce.com\/paris\/blog\/2021\/06\/28\/cette-annee-le-rendez-vous-de-la-conscience-devient-un-secteur-a-part-entiere-du-salon-bien-etre-medecine-douce\/#primaryimage"},"thumbnailUrl":"https:\/\/www.salon-medecinedouce.com\/paris\/wp-content\/uploads\/sites\/14\/2021\/06\/800x800-ashley-batz-betmVWGYcLY-unsplash.jpg","datePublished":"2021-06-28T15:54:53+00:00","dateModified":"2021-06-28T15:59:08+00:00","breadcrumb":{"@id":"https:\/\/www.salon-medecinedouce.com\/paris\/blog\/2021\/06\/28\/cette-annee-le-rendez-vous-de-la-conscience-devient-un-secteur-a-part-entiere-du-salon-bien-etre-medecine-douce\/#breadcrumb"},"inLanguage":"fr-FR","potentialAction":[{"@type":"ReadAction","target":["https:\/\/www.salon-medecinedouce.com\/paris\/blog\/2021\/06\/28\/cette-annee-le-rendez-vous-de-la-conscience-devient-un-secteur-a-part-entiere-du-salon-bien-etre-medecine-douce\/"]}]},{"@type":"ImageObject","inLanguage":"fr-FR","@id":"https:\/\/www.salon-medecinedouce.com\/paris\/blog\/2021\/06\/28\/cette-annee-le-rendez-vous-de-la-conscience-devient-un-secteur-a-part-entiere-du-salon-bien-etre-medecine-douce\/#primaryimage","url":"https:\/\/www.salon-medecinedouce.com\/paris\/wp-content\/uploads\/sites\/14\/2021\/06\/800x800-ashley-batz-betmVWGYcLY-unsplash.jpg","contentUrl":"https:\/\/www.salon-medecinedouce.com\/paris\/wp-content\/uploads\/sites\/14\/2021\/06\/800x800-ashley-batz-betmVWGYcLY-unsplash.jpg","width":800,"height":800,"caption":"Photo illustration rendez-vous de la conscience"},{"@type":"BreadcrumbList","@id":"https:\/\/www.salon-medecinedouce.com\/paris\/blog\/2021\/06\/28\/cette-annee-le-rendez-vous-de-la-conscience-devient-un-secteur-a-part-entiere-du-salon-bien-etre-medecine-douce\/#breadcrumb","itemListElement":[{"@type":"ListItem","position":1,"name":"Accueil","item":"https:\/\/www.salon-medecinedouce.com\/paris\/"},{"@type":"ListItem","position":2,"name":"Le Rendez-vous de la Conscience"}]},{"@type":"WebSite","@id":"https:\/\/www.salon-medecinedouce.com\/paris\/#website","url":"https:\/\/www.salon-medecinedouce.com\/paris\/","name":"Bien-\u00eatre Paris","description":"La sant\u00e9 au naturel : M\u00e9decines douces - Compl\u00e9ments alimentaires - Alimentation saine - Cosm\u00e9tiques naturelles - Art de vivre - Tourisme de sant\u00e9","publisher":{"@id":"https:\/\/www.salon-medecinedouce.com\/paris\/#organization"},"potentialAction":[{"@type":"SearchAction","target":{"@type":"EntryPoint","urlTemplate":"https:\/\/www.salon-medecinedouce.com\/paris\/?s={search_term_string}"},"query-input":{"@type":"PropertyValueSpecification","valueRequired":true,"valueName":"search_term_string"}}],"inLanguage":"fr-FR"},{"@type":"Organization","@id":"https:\/\/www.salon-medecinedouce.com\/paris\/#organization","name":"Bien-\u00eatre Paris","url":"https:\/\/www.salon-medecinedouce.com\/paris\/","logo":{"@type":"ImageObject","inLanguage":"fr-FR","@id":"https:\/\/www.salon-medecinedouce.com\/paris\/#\/schema\/logo\/image\/","url":"https:\/\/www.salon-medecinedouce.com\/paris\/wp-content\/uploads\/sites\/14\/2024\/05\/cropped-logo-orange-bemd.png","contentUrl":"https:\/\/www.salon-medecinedouce.com\/paris\/wp-content\/uploads\/sites\/14\/2024\/05\/cropped-logo-orange-bemd.png","width":591,"height":591,"caption":"Bien-\u00eatre Paris"},"image":{"@id":"https:\/\/www.salon-medecinedouce.com\/paris\/#\/schema\/logo\/image\/"}},{"@type":"Person","@id":"https:\/\/www.salon-medecinedouce.com\/paris\/#\/schema\/person\/5183b711590539cde8972bf8245f8ace","name":"nadia","image":{"@type":"ImageObject","inLanguage":"fr-FR","@id":"https:\/\/secure.gravatar.com\/avatar\/273a1e694f60b461bc5befb9507339d6901788b51004590ae8b8b96b3303aa28?s=96&d=mm&r=g","url":"https:\/\/secure.gravatar.com\/avatar\/273a1e694f60b461bc5befb9507339d6901788b51004590ae8b8b96b3303aa28?s=96&d=mm&r=g","contentUrl":"https:\/\/secure.gravatar.com\/avatar\/273a1e694f60b461bc5befb9507339d6901788b51004590ae8b8b96b3303aa28?s=96&d=mm&r=g","caption":"nadia"},"url":"https:\/\/www.salon-medecinedouce.com\/paris\/blog\/author\/nadia\/"}]}},"rttpg_featured_image_url":{"full":["https:\/\/www.salon-medecinedouce.com\/paris\/wp-content\/uploads\/sites\/14\/2021\/06\/800x800-ashley-batz-betmVWGYcLY-unsplash.jpg",800,800,false],"landscape":["https:\/\/www.salon-medecinedouce.com\/paris\/wp-content\/uploads\/sites\/14\/2021\/06\/800x800-ashley-batz-betmVWGYcLY-unsplash.jpg",800,800,false],"portraits":["https:\/\/www.salon-medecinedouce.com\/paris\/wp-content\/uploads\/sites\/14\/2021\/06\/800x800-ashley-batz-betmVWGYcLY-unsplash.jpg",800,800,false],"thumbnail":["https:\/\/www.salon-medecinedouce.com\/paris\/wp-content\/uploads\/sites\/14\/2021\/06\/800x800-ashley-batz-betmVWGYcLY-unsplash-150x150.jpg",150,150,true],"medium":["https:\/\/www.salon-medecinedouce.com\/paris\/wp-content\/uploads\/sites\/14\/2021\/06\/800x800-ashley-batz-betmVWGYcLY-unsplash-300x300.jpg",300,300,true],"large":["https:\/\/www.salon-medecinedouce.com\/paris\/wp-content\/uploads\/sites\/14\/2021\/06\/800x800-ashley-batz-betmVWGYcLY-unsplash.jpg",790,790,false],"1536x1536":["https:\/\/www.salon-medecinedouce.com\/paris\/wp-content\/uploads\/sites\/14\/2021\/06\/800x800-ashley-batz-betmVWGYcLY-unsplash.jpg",800,800,false],"2048x2048":["https:\/\/www.salon-medecinedouce.com\/paris\/wp-content\/uploads\/sites\/14\/2021\/06\/800x800-ashley-batz-betmVWGYcLY-unsplash.jpg",800,800,false],"gg_gallery_thumbnail":["https:\/\/www.salon-medecinedouce.com\/paris\/wp-content\/uploads\/sites\/14\/2021\/06\/800x800-ashley-batz-betmVWGYcLY-unsplash-450x250.jpg",450,250,true],"rpwe-thumbnail":["https:\/\/www.salon-medecinedouce.com\/paris\/wp-content\/uploads\/sites\/14\/2021\/06\/800x800-ashley-batz-betmVWGYcLY-unsplash-45x45.jpg",45,45,true]},"rttpg_author":{"display_name":"nadia","author_link":"https:\/\/www.salon-medecinedouce.com\/paris\/blog\/author\/nadia\/"},"rttpg_comment":0,"rttpg_category":"<a href=\"https:\/\/www.salon-medecinedouce.com\/paris\/blog\/category\/actualites-fr\/\" rel=\"category tag\">actualit\u00e9s<\/a>","rttpg_excerpt":"Cette ann\u00e9e le Rendez-vous de la Conscience devient un secteur \u00e0 part enti\u00e8re du Salon Bien-\u00catre M\u00e9decine Douce.\u00a0 \u00a0 Le Rendez-vous de la Conscience est d\u00e9sormais un secteur d&rsquo;exposition du salon sur lequel sont rassembl\u00e9s les th\u00e9rapeutes, les coachs et les enseignants engag\u00e9s au service de l\u2019\u00e9panouissement individuel et collectif. Il participe \u00e0 promouvoir la&hellip;","_links":{"self":[{"href":"https:\/\/www.salon-medecinedouce.com\/paris\/wp-json\/wp\/v2\/posts\/11697","targetHints":{"allow":["GET"]}}],"collection":[{"href":"https:\/\/www.salon-medecinedouce.com\/paris\/wp-json\/wp\/v2\/posts"}],"about":[{"href":"https:\/\/www.salon-medecinedouce.com\/paris\/wp-json\/wp\/v2\/types\/post"}],"author":[{"embeddable":true,"href":"https:\/\/www.salon-medecinedouce.com\/paris\/wp-json\/wp\/v2\/users\/5"}],"replies":[{"embeddable":true,"href":"https:\/\/www.salon-medecinedouce.com\/paris\/wp-json\/wp\/v2\/comments?post=11697"}],"version-history":[{"count":4,"href":"https:\/\/www.salon-medecinedouce.com\/paris\/wp-json\/wp\/v2\/posts\/11697\/revisions"}],"predecessor-version":[{"id":11702,"href":"https:\/\/www.salon-medecinedouce.com\/paris\/wp-json\/wp\/v2\/posts\/11697\/revisions\/11702"}],"wp:featuredmedia":[{"embeddable":true,"href":"https:\/\/www.salon-medecinedouce.com\/paris\/wp-json\/wp\/v2\/media\/11698"}],"wp:attachment":[{"href":"https:\/\/www.salon-medecinedouce.com\/paris\/wp-json\/wp\/v2\/media?parent=11697"}],"wp:term":[{"taxonomy":"category","embeddable":true,"href":"https:\/\/www.salon-medecinedouce.com\/paris\/wp-json\/wp\/v2\/categories?post=11697"},{"taxonomy":"post_tag","embeddable":true,"href":"https:\/\/www.salon-medecinedouce.com\/paris\/wp-json\/wp\/v2\/tags?post=11697"}],"curies":[{"name":"wp","href":"https:\/\/api.w.org\/{rel}","templated":true}]}}