{"id":9530,"date":"2020-02-24T12:01:20","date_gmt":"2020-02-24T11:01:20","guid":{"rendered":"https:\/\/www.salon-medecinedouce.com\/marseille\/?p=9530"},"modified":"2020-02-24T12:01:20","modified_gmt":"2020-02-24T11:01:20","slug":"portrait-dexposant-la-sittelle","status":"publish","type":"post","link":"https:\/\/www.salon-medecinedouce.com\/marseille\/blog\/2020\/02\/24\/portrait-dexposant-la-sittelle\/","title":{"rendered":"Portrait d&rsquo;exposant &#8211; La Sittelle"},"content":{"rendered":"<h3><img fetchpriority=\"high\" decoding=\"async\" class=\"alignnone  wp-image-9532\" src=\"https:\/\/www.salon-medecinedouce.com\/marseille\/wp-content\/uploads\/sites\/16\/2020\/02\/logo-la-sittelle.png\" alt=\"\" width=\"359\" height=\"144\" srcset=\"https:\/\/www.salon-medecinedouce.com\/marseille\/wp-content\/uploads\/sites\/16\/2020\/02\/logo-la-sittelle.png 900w, https:\/\/www.salon-medecinedouce.com\/marseille\/wp-content\/uploads\/sites\/16\/2020\/02\/logo-la-sittelle-300x120.png 300w, https:\/\/www.salon-medecinedouce.com\/marseille\/wp-content\/uploads\/sites\/16\/2020\/02\/logo-la-sittelle-768x308.png 768w, https:\/\/www.salon-medecinedouce.com\/marseille\/wp-content\/uploads\/sites\/16\/2020\/02\/logo-la-sittelle-150x60.png 150w, https:\/\/www.salon-medecinedouce.com\/marseille\/wp-content\/uploads\/sites\/16\/2020\/02\/logo-la-sittelle-500x201.png 500w\" sizes=\"(max-width: 359px) 100vw, 359px\" \/><\/h3>\n<h3>Pr\u00e9sentez-vous en quelques mots :<\/h3>\n<p class=\"p1\"><span class=\"s1\">La Sittelle, c&rsquo;est une fabrique artisanale de cosm\u00e9tiques botaniques. C&rsquo;est nich\u00e9 au c\u0153ur des C\u00e9vennes, que sont fabriqu\u00e9s les cosm\u00e9tiques bio. Savons, baumes, huiles pour le corps : tous les produits sont pens\u00e9s avec soin et fabriqu\u00e9s avec technique.<\/span><\/p>\n<p class=\"p1\"><span class=\"s1\">Odeurs, couleurs et plantes sauvages des C\u00e9vennes m\u2019inspirent dans la cr\u00e9ation des cosm\u00e9tiques. Les mati\u00e8res premi\u00e8res v\u00e9g\u00e9tales sont issues de l\u2019agriculture biologique, et de pr\u00e9f\u00e9rence locale.<\/span><\/p>\n<p class=\"p1\"><span class=\"s1\">Ici, le travail est artisanal, et dans le respect de la terre et du vivant.<br \/>\n<\/span><span class=\"s1\">C\u2019est pour toutes ces raisons que La Sittelle a la mention Nature &amp; Progr\u00e8s<\/span><\/p>\n<h3>Que proposez-vous sur le salon ?<\/h3>\n<p class=\"p1\"><span class=\"s1\">Savons saponifi\u00e9s \u00e0 froid, d\u00e9dorant naturel sous forme de baume, huiles et baumes botaniques.<\/span><\/p>\n<h3>Selon vous quelle serait la d\u00e9finition du bien-\u00eatre ?<\/h3>\n<p><span class=\"s1\">Le bien-\u00eatre c&rsquo;est lorsque le corps et l&rsquo;esprit sont paisibles. C&rsquo;est en prenant soin de son corps que l&rsquo;on peut arriver \u00e0 apaiser l&rsquo;esprit.<\/span><\/p>\n<h3>Et quel serait votre meilleur conseil bien-\u00eatre ?<\/h3>\n<p class=\"p1\"><span class=\"s1\">Les odeurs sont un v\u00e9ritable pilier dans le bien-\u00eatre. Gr\u00e2ce aux cosm\u00e9tiques quotidiens, c&rsquo;est une v\u00e9ritable sensation d&rsquo;apaisement que l&rsquo;on ressent gr\u00e2ce aux parfums des huiles essentielles, que l&rsquo;on retrouve dans les soins.<\/span><\/p>\n<div class=\"salon-accueil salon-entity-placement\" id=\"salon-3597501900\"><div id=\"salon-4271038251\"><a data-no-instant=\"1\" href=\"https:\/\/www.amac-formation.fr\/\" rel=\"noopener\" class=\"a2t-link\" target=\"_blank\"><p><img decoding=\"async\" class=\"aligncenter size-full wp-image-10787\" src=\"https:\/\/www.salon-medecinedouce.com\/marseille\/wp-content\/uploads\/sites\/16\/2023\/02\/Baniere-salon-du-bien-etre.png\" alt=\"amac-formation\" width=\"728\" height=\"90\" srcset=\"https:\/\/www.salon-medecinedouce.com\/marseille\/wp-content\/uploads\/sites\/16\/2023\/02\/Baniere-salon-du-bien-etre.png 728w, https:\/\/www.salon-medecinedouce.com\/marseille\/wp-content\/uploads\/sites\/16\/2023\/02\/Baniere-salon-du-bien-etre-300x37.png 300w, https:\/\/www.salon-medecinedouce.com\/marseille\/wp-content\/uploads\/sites\/16\/2023\/02\/Baniere-salon-du-bien-etre-150x19.png 150w, https:\/\/www.salon-medecinedouce.com\/marseille\/wp-content\/uploads\/sites\/16\/2023\/02\/Baniere-salon-du-bien-etre-500x62.png 500w\" sizes=\"(max-width: 728px) 100vw, 728px\" \/><\/p>\n<\/a><\/div><\/div>","protected":false},"excerpt":{"rendered":"<p>Pr\u00e9sentez-vous en quelques mots : La Sittelle, c&rsquo;est une fabrique artisanale de cosm\u00e9tiques botaniques. C&rsquo;est nich\u00e9 au c\u0153ur des C\u00e9vennes, que sont fabriqu\u00e9s les cosm\u00e9tiques bio. Savons, baumes, huiles pour le corps : tous les produits sont pens\u00e9s avec soin et fabriqu\u00e9s avec technique. Odeurs, couleurs et plantes sauvages des C\u00e9vennes m\u2019inspirent dans la cr\u00e9ation&hellip; <\/p>\n","protected":false},"author":1,"featured_media":9535,"comment_status":"closed","ping_status":"closed","sticky":false,"template":"","format":"standard","meta":{"_monsterinsights_skip_tracking":false,"_monsterinsights_sitenote_active":false,"_monsterinsights_sitenote_note":"","_monsterinsights_sitenote_category":0,"footnotes":""},"categories":[1],"tags":[],"class_list":["post-9530","post","type-post","status-publish","format-standard","has-post-thumbnail","hentry","category-non-classe"],"yoast_head":"<!-- This site is optimized with the Yoast SEO plugin v27.3 - https:\/\/yoast.com\/product\/yoast-seo-wordpress\/ -->\n<title>Portrait d&#039;exposant - La Sittelle - Bien-\u00eatre Marseille<\/title>\n<meta name=\"robots\" content=\"index, follow, max-snippet:-1, max-image-preview:large, max-video-preview:-1\" \/>\n<link rel=\"canonical\" href=\"https:\/\/www.salon-medecinedouce.com\/marseille\/blog\/2020\/02\/24\/portrait-dexposant-la-sittelle\/\" \/>\n<meta property=\"og:locale\" content=\"fr_FR\" \/>\n<meta property=\"og:type\" content=\"article\" \/>\n<meta property=\"og:title\" content=\"Portrait d&#039;exposant - La Sittelle - Bien-\u00eatre Marseille\" \/>\n<meta property=\"og:description\" content=\"Pr\u00e9sentez-vous en quelques mots : La Sittelle, c&rsquo;est une fabrique artisanale de cosm\u00e9tiques botaniques. C&rsquo;est nich\u00e9 au c\u0153ur des C\u00e9vennes, que sont fabriqu\u00e9s les cosm\u00e9tiques bio. Savons, baumes, huiles pour le corps : tous les produits sont pens\u00e9s avec soin et fabriqu\u00e9s avec technique. Odeurs, couleurs et plantes sauvages des C\u00e9vennes m\u2019inspirent dans la cr\u00e9ation&hellip;\" \/>\n<meta property=\"og:url\" content=\"https:\/\/www.salon-medecinedouce.com\/marseille\/blog\/2020\/02\/24\/portrait-dexposant-la-sittelle\/\" \/>\n<meta property=\"og:site_name\" content=\"Bien-\u00eatre Marseille\" \/>\n<meta property=\"article:published_time\" content=\"2020-02-24T11:01:20+00:00\" \/>\n<meta property=\"og:image\" content=\"https:\/\/www.salon-medecinedouce.com\/marseille\/wp-content\/uploads\/sites\/16\/2020\/02\/Photo-La_Sittelle-web.jpg\" \/>\n\t<meta property=\"og:image:width\" content=\"500\" \/>\n\t<meta property=\"og:image:height\" content=\"500\" \/>\n\t<meta property=\"og:image:type\" content=\"image\/jpeg\" \/>\n<meta name=\"author\" content=\"admin\" \/>\n<meta name=\"twitter:card\" content=\"summary_large_image\" \/>\n<meta name=\"twitter:label1\" content=\"\u00c9crit par\" \/>\n\t<meta name=\"twitter:data1\" content=\"admin\" \/>\n\t<meta name=\"twitter:label2\" content=\"Dur\u00e9e de lecture estim\u00e9e\" \/>\n\t<meta name=\"twitter:data2\" content=\"1 minute\" \/>\n<script type=\"application\/ld+json\" class=\"yoast-schema-graph\">{\"@context\":\"https:\\\/\\\/schema.org\",\"@graph\":[{\"@type\":\"Article\",\"@id\":\"https:\\\/\\\/www.salon-medecinedouce.com\\\/marseille\\\/blog\\\/2020\\\/02\\\/24\\\/portrait-dexposant-la-sittelle\\\/#article\",\"isPartOf\":{\"@id\":\"https:\\\/\\\/www.salon-medecinedouce.com\\\/marseille\\\/blog\\\/2020\\\/02\\\/24\\\/portrait-dexposant-la-sittelle\\\/\"},\"author\":{\"name\":\"admin\",\"@id\":\"https:\\\/\\\/www.salon-medecinedouce.com\\\/marseille\\\/#\\\/schema\\\/person\\\/fd603f85622bcbb2a2feb7394bd42eb3\"},\"headline\":\"Portrait d&rsquo;exposant &#8211; La Sittelle\",\"datePublished\":\"2020-02-24T11:01:20+00:00\",\"mainEntityOfPage\":{\"@id\":\"https:\\\/\\\/www.salon-medecinedouce.com\\\/marseille\\\/blog\\\/2020\\\/02\\\/24\\\/portrait-dexposant-la-sittelle\\\/\"},\"wordCount\":224,\"publisher\":{\"@id\":\"https:\\\/\\\/www.salon-medecinedouce.com\\\/marseille\\\/#organization\"},\"image\":{\"@id\":\"https:\\\/\\\/www.salon-medecinedouce.com\\\/marseille\\\/blog\\\/2020\\\/02\\\/24\\\/portrait-dexposant-la-sittelle\\\/#primaryimage\"},\"thumbnailUrl\":\"https:\\\/\\\/www.salon-medecinedouce.com\\\/marseille\\\/wp-content\\\/uploads\\\/sites\\\/16\\\/2020\\\/02\\\/Photo-La_Sittelle-web.jpg\",\"inLanguage\":\"fr-FR\"},{\"@type\":\"WebPage\",\"@id\":\"https:\\\/\\\/www.salon-medecinedouce.com\\\/marseille\\\/blog\\\/2020\\\/02\\\/24\\\/portrait-dexposant-la-sittelle\\\/\",\"url\":\"https:\\\/\\\/www.salon-medecinedouce.com\\\/marseille\\\/blog\\\/2020\\\/02\\\/24\\\/portrait-dexposant-la-sittelle\\\/\",\"name\":\"Portrait d'exposant - La Sittelle - Bien-\u00eatre Marseille\",\"isPartOf\":{\"@id\":\"https:\\\/\\\/www.salon-medecinedouce.com\\\/marseille\\\/#website\"},\"primaryImageOfPage\":{\"@id\":\"https:\\\/\\\/www.salon-medecinedouce.com\\\/marseille\\\/blog\\\/2020\\\/02\\\/24\\\/portrait-dexposant-la-sittelle\\\/#primaryimage\"},\"image\":{\"@id\":\"https:\\\/\\\/www.salon-medecinedouce.com\\\/marseille\\\/blog\\\/2020\\\/02\\\/24\\\/portrait-dexposant-la-sittelle\\\/#primaryimage\"},\"thumbnailUrl\":\"https:\\\/\\\/www.salon-medecinedouce.com\\\/marseille\\\/wp-content\\\/uploads\\\/sites\\\/16\\\/2020\\\/02\\\/Photo-La_Sittelle-web.jpg\",\"datePublished\":\"2020-02-24T11:01:20+00:00\",\"breadcrumb\":{\"@id\":\"https:\\\/\\\/www.salon-medecinedouce.com\\\/marseille\\\/blog\\\/2020\\\/02\\\/24\\\/portrait-dexposant-la-sittelle\\\/#breadcrumb\"},\"inLanguage\":\"fr-FR\",\"potentialAction\":[{\"@type\":\"ReadAction\",\"target\":[\"https:\\\/\\\/www.salon-medecinedouce.com\\\/marseille\\\/blog\\\/2020\\\/02\\\/24\\\/portrait-dexposant-la-sittelle\\\/\"]}]},{\"@type\":\"ImageObject\",\"inLanguage\":\"fr-FR\",\"@id\":\"https:\\\/\\\/www.salon-medecinedouce.com\\\/marseille\\\/blog\\\/2020\\\/02\\\/24\\\/portrait-dexposant-la-sittelle\\\/#primaryimage\",\"url\":\"https:\\\/\\\/www.salon-medecinedouce.com\\\/marseille\\\/wp-content\\\/uploads\\\/sites\\\/16\\\/2020\\\/02\\\/Photo-La_Sittelle-web.jpg\",\"contentUrl\":\"https:\\\/\\\/www.salon-medecinedouce.com\\\/marseille\\\/wp-content\\\/uploads\\\/sites\\\/16\\\/2020\\\/02\\\/Photo-La_Sittelle-web.jpg\",\"width\":500,\"height\":500,\"caption\":\"Photo-La_Sittelle-web\"},{\"@type\":\"BreadcrumbList\",\"@id\":\"https:\\\/\\\/www.salon-medecinedouce.com\\\/marseille\\\/blog\\\/2020\\\/02\\\/24\\\/portrait-dexposant-la-sittelle\\\/#breadcrumb\",\"itemListElement\":[{\"@type\":\"ListItem\",\"position\":1,\"name\":\"Accueil\",\"item\":\"https:\\\/\\\/www.salon-medecinedouce.com\\\/marseille\\\/\"},{\"@type\":\"ListItem\",\"position\":2,\"name\":\"Portrait d&rsquo;exposant &#8211; La Sittelle\"}]},{\"@type\":\"WebSite\",\"@id\":\"https:\\\/\\\/www.salon-medecinedouce.com\\\/marseille\\\/#website\",\"url\":\"https:\\\/\\\/www.salon-medecinedouce.com\\\/marseille\\\/\",\"name\":\"Bien-\u00eatre Marseille\",\"description\":\"La sant\u00e9 au naturel : M\u00e9decines douces - Compl\u00e9ments alimentaires - Alimentation saine - Cosm\u00e9tiques naturelles - Art de vivre - Tourisme de sant\u00e9\",\"publisher\":{\"@id\":\"https:\\\/\\\/www.salon-medecinedouce.com\\\/marseille\\\/#organization\"},\"potentialAction\":[{\"@type\":\"SearchAction\",\"target\":{\"@type\":\"EntryPoint\",\"urlTemplate\":\"https:\\\/\\\/www.salon-medecinedouce.com\\\/marseille\\\/?s={search_term_string}\"},\"query-input\":{\"@type\":\"PropertyValueSpecification\",\"valueRequired\":true,\"valueName\":\"search_term_string\"}}],\"inLanguage\":\"fr-FR\"},{\"@type\":\"Organization\",\"@id\":\"https:\\\/\\\/www.salon-medecinedouce.com\\\/marseille\\\/#organization\",\"name\":\"Bien-\u00eatre Marseille\",\"url\":\"https:\\\/\\\/www.salon-medecinedouce.com\\\/marseille\\\/\",\"logo\":{\"@type\":\"ImageObject\",\"inLanguage\":\"fr-FR\",\"@id\":\"https:\\\/\\\/www.salon-medecinedouce.com\\\/marseille\\\/#\\\/schema\\\/logo\\\/image\\\/\",\"url\":\"https:\\\/\\\/www.salon-medecinedouce.com\\\/marseille\\\/wp-content\\\/uploads\\\/sites\\\/16\\\/2023\\\/10\\\/logo-BEMD.png\",\"contentUrl\":\"https:\\\/\\\/www.salon-medecinedouce.com\\\/marseille\\\/wp-content\\\/uploads\\\/sites\\\/16\\\/2023\\\/10\\\/logo-BEMD.png\",\"width\":199,\"height\":184,\"caption\":\"Bien-\u00eatre Marseille\"},\"image\":{\"@id\":\"https:\\\/\\\/www.salon-medecinedouce.com\\\/marseille\\\/#\\\/schema\\\/logo\\\/image\\\/\"}},{\"@type\":\"Person\",\"@id\":\"https:\\\/\\\/www.salon-medecinedouce.com\\\/marseille\\\/#\\\/schema\\\/person\\\/fd603f85622bcbb2a2feb7394bd42eb3\",\"name\":\"admin\",\"image\":{\"@type\":\"ImageObject\",\"inLanguage\":\"fr-FR\",\"@id\":\"https:\\\/\\\/secure.gravatar.com\\\/avatar\\\/bdec238283f0ae74f0c0dc844c4dddd9689b95e8e5f6c5a8ee96dea3cf51061e?s=96&d=mm&r=g\",\"url\":\"https:\\\/\\\/secure.gravatar.com\\\/avatar\\\/bdec238283f0ae74f0c0dc844c4dddd9689b95e8e5f6c5a8ee96dea3cf51061e?s=96&d=mm&r=g\",\"contentUrl\":\"https:\\\/\\\/secure.gravatar.com\\\/avatar\\\/bdec238283f0ae74f0c0dc844c4dddd9689b95e8e5f6c5a8ee96dea3cf51061e?s=96&d=mm&r=g\",\"caption\":\"admin\"},\"url\":\"https:\\\/\\\/www.salon-medecinedouce.com\\\/marseille\\\/blog\\\/author\\\/admin\\\/\"}]}<\/script>\n<!-- \/ Yoast SEO plugin. -->","yoast_head_json":{"title":"Portrait d'exposant - La Sittelle - Bien-\u00eatre Marseille","robots":{"index":"index","follow":"follow","max-snippet":"max-snippet:-1","max-image-preview":"max-image-preview:large","max-video-preview":"max-video-preview:-1"},"canonical":"https:\/\/www.salon-medecinedouce.com\/marseille\/blog\/2020\/02\/24\/portrait-dexposant-la-sittelle\/","og_locale":"fr_FR","og_type":"article","og_title":"Portrait d'exposant - La Sittelle - Bien-\u00eatre Marseille","og_description":"Pr\u00e9sentez-vous en quelques mots : La Sittelle, c&rsquo;est une fabrique artisanale de cosm\u00e9tiques botaniques. C&rsquo;est nich\u00e9 au c\u0153ur des C\u00e9vennes, que sont fabriqu\u00e9s les cosm\u00e9tiques bio. Savons, baumes, huiles pour le corps : tous les produits sont pens\u00e9s avec soin et fabriqu\u00e9s avec technique. Odeurs, couleurs et plantes sauvages des C\u00e9vennes m\u2019inspirent dans la cr\u00e9ation&hellip;","og_url":"https:\/\/www.salon-medecinedouce.com\/marseille\/blog\/2020\/02\/24\/portrait-dexposant-la-sittelle\/","og_site_name":"Bien-\u00eatre Marseille","article_published_time":"2020-02-24T11:01:20+00:00","og_image":[{"width":500,"height":500,"url":"https:\/\/www.salon-medecinedouce.com\/marseille\/wp-content\/uploads\/sites\/16\/2020\/02\/Photo-La_Sittelle-web.jpg","type":"image\/jpeg"}],"author":"admin","twitter_card":"summary_large_image","twitter_misc":{"\u00c9crit par":"admin","Dur\u00e9e de lecture estim\u00e9e":"1 minute"},"schema":{"@context":"https:\/\/schema.org","@graph":[{"@type":"Article","@id":"https:\/\/www.salon-medecinedouce.com\/marseille\/blog\/2020\/02\/24\/portrait-dexposant-la-sittelle\/#article","isPartOf":{"@id":"https:\/\/www.salon-medecinedouce.com\/marseille\/blog\/2020\/02\/24\/portrait-dexposant-la-sittelle\/"},"author":{"name":"admin","@id":"https:\/\/www.salon-medecinedouce.com\/marseille\/#\/schema\/person\/fd603f85622bcbb2a2feb7394bd42eb3"},"headline":"Portrait d&rsquo;exposant &#8211; La Sittelle","datePublished":"2020-02-24T11:01:20+00:00","mainEntityOfPage":{"@id":"https:\/\/www.salon-medecinedouce.com\/marseille\/blog\/2020\/02\/24\/portrait-dexposant-la-sittelle\/"},"wordCount":224,"publisher":{"@id":"https:\/\/www.salon-medecinedouce.com\/marseille\/#organization"},"image":{"@id":"https:\/\/www.salon-medecinedouce.com\/marseille\/blog\/2020\/02\/24\/portrait-dexposant-la-sittelle\/#primaryimage"},"thumbnailUrl":"https:\/\/www.salon-medecinedouce.com\/marseille\/wp-content\/uploads\/sites\/16\/2020\/02\/Photo-La_Sittelle-web.jpg","inLanguage":"fr-FR"},{"@type":"WebPage","@id":"https:\/\/www.salon-medecinedouce.com\/marseille\/blog\/2020\/02\/24\/portrait-dexposant-la-sittelle\/","url":"https:\/\/www.salon-medecinedouce.com\/marseille\/blog\/2020\/02\/24\/portrait-dexposant-la-sittelle\/","name":"Portrait d'exposant - La Sittelle - Bien-\u00eatre Marseille","isPartOf":{"@id":"https:\/\/www.salon-medecinedouce.com\/marseille\/#website"},"primaryImageOfPage":{"@id":"https:\/\/www.salon-medecinedouce.com\/marseille\/blog\/2020\/02\/24\/portrait-dexposant-la-sittelle\/#primaryimage"},"image":{"@id":"https:\/\/www.salon-medecinedouce.com\/marseille\/blog\/2020\/02\/24\/portrait-dexposant-la-sittelle\/#primaryimage"},"thumbnailUrl":"https:\/\/www.salon-medecinedouce.com\/marseille\/wp-content\/uploads\/sites\/16\/2020\/02\/Photo-La_Sittelle-web.jpg","datePublished":"2020-02-24T11:01:20+00:00","breadcrumb":{"@id":"https:\/\/www.salon-medecinedouce.com\/marseille\/blog\/2020\/02\/24\/portrait-dexposant-la-sittelle\/#breadcrumb"},"inLanguage":"fr-FR","potentialAction":[{"@type":"ReadAction","target":["https:\/\/www.salon-medecinedouce.com\/marseille\/blog\/2020\/02\/24\/portrait-dexposant-la-sittelle\/"]}]},{"@type":"ImageObject","inLanguage":"fr-FR","@id":"https:\/\/www.salon-medecinedouce.com\/marseille\/blog\/2020\/02\/24\/portrait-dexposant-la-sittelle\/#primaryimage","url":"https:\/\/www.salon-medecinedouce.com\/marseille\/wp-content\/uploads\/sites\/16\/2020\/02\/Photo-La_Sittelle-web.jpg","contentUrl":"https:\/\/www.salon-medecinedouce.com\/marseille\/wp-content\/uploads\/sites\/16\/2020\/02\/Photo-La_Sittelle-web.jpg","width":500,"height":500,"caption":"Photo-La_Sittelle-web"},{"@type":"BreadcrumbList","@id":"https:\/\/www.salon-medecinedouce.com\/marseille\/blog\/2020\/02\/24\/portrait-dexposant-la-sittelle\/#breadcrumb","itemListElement":[{"@type":"ListItem","position":1,"name":"Accueil","item":"https:\/\/www.salon-medecinedouce.com\/marseille\/"},{"@type":"ListItem","position":2,"name":"Portrait d&rsquo;exposant &#8211; La Sittelle"}]},{"@type":"WebSite","@id":"https:\/\/www.salon-medecinedouce.com\/marseille\/#website","url":"https:\/\/www.salon-medecinedouce.com\/marseille\/","name":"Bien-\u00eatre Marseille","description":"La sant\u00e9 au naturel : M\u00e9decines douces - Compl\u00e9ments alimentaires - Alimentation saine - Cosm\u00e9tiques naturelles - Art de vivre - Tourisme de sant\u00e9","publisher":{"@id":"https:\/\/www.salon-medecinedouce.com\/marseille\/#organization"},"potentialAction":[{"@type":"SearchAction","target":{"@type":"EntryPoint","urlTemplate":"https:\/\/www.salon-medecinedouce.com\/marseille\/?s={search_term_string}"},"query-input":{"@type":"PropertyValueSpecification","valueRequired":true,"valueName":"search_term_string"}}],"inLanguage":"fr-FR"},{"@type":"Organization","@id":"https:\/\/www.salon-medecinedouce.com\/marseille\/#organization","name":"Bien-\u00eatre Marseille","url":"https:\/\/www.salon-medecinedouce.com\/marseille\/","logo":{"@type":"ImageObject","inLanguage":"fr-FR","@id":"https:\/\/www.salon-medecinedouce.com\/marseille\/#\/schema\/logo\/image\/","url":"https:\/\/www.salon-medecinedouce.com\/marseille\/wp-content\/uploads\/sites\/16\/2023\/10\/logo-BEMD.png","contentUrl":"https:\/\/www.salon-medecinedouce.com\/marseille\/wp-content\/uploads\/sites\/16\/2023\/10\/logo-BEMD.png","width":199,"height":184,"caption":"Bien-\u00eatre Marseille"},"image":{"@id":"https:\/\/www.salon-medecinedouce.com\/marseille\/#\/schema\/logo\/image\/"}},{"@type":"Person","@id":"https:\/\/www.salon-medecinedouce.com\/marseille\/#\/schema\/person\/fd603f85622bcbb2a2feb7394bd42eb3","name":"admin","image":{"@type":"ImageObject","inLanguage":"fr-FR","@id":"https:\/\/secure.gravatar.com\/avatar\/bdec238283f0ae74f0c0dc844c4dddd9689b95e8e5f6c5a8ee96dea3cf51061e?s=96&d=mm&r=g","url":"https:\/\/secure.gravatar.com\/avatar\/bdec238283f0ae74f0c0dc844c4dddd9689b95e8e5f6c5a8ee96dea3cf51061e?s=96&d=mm&r=g","contentUrl":"https:\/\/secure.gravatar.com\/avatar\/bdec238283f0ae74f0c0dc844c4dddd9689b95e8e5f6c5a8ee96dea3cf51061e?s=96&d=mm&r=g","caption":"admin"},"url":"https:\/\/www.salon-medecinedouce.com\/marseille\/blog\/author\/admin\/"}]}},"rttpg_featured_image_url":{"full":["https:\/\/www.salon-medecinedouce.com\/marseille\/wp-content\/uploads\/sites\/16\/2020\/02\/Photo-La_Sittelle-web.jpg",500,500,false],"landscape":["https:\/\/www.salon-medecinedouce.com\/marseille\/wp-content\/uploads\/sites\/16\/2020\/02\/Photo-La_Sittelle-web.jpg",500,500,false],"portraits":["https:\/\/www.salon-medecinedouce.com\/marseille\/wp-content\/uploads\/sites\/16\/2020\/02\/Photo-La_Sittelle-web.jpg",500,500,false],"thumbnail":["https:\/\/www.salon-medecinedouce.com\/marseille\/wp-content\/uploads\/sites\/16\/2020\/02\/Photo-La_Sittelle-web-150x150.jpg",150,150,true],"medium":["https:\/\/www.salon-medecinedouce.com\/marseille\/wp-content\/uploads\/sites\/16\/2020\/02\/Photo-La_Sittelle-web-300x300.jpg",300,300,true],"large":["https:\/\/www.salon-medecinedouce.com\/marseille\/wp-content\/uploads\/sites\/16\/2020\/02\/Photo-La_Sittelle-web.jpg",500,500,false],"1536x1536":["https:\/\/www.salon-medecinedouce.com\/marseille\/wp-content\/uploads\/sites\/16\/2020\/02\/Photo-La_Sittelle-web.jpg",500,500,false],"2048x2048":["https:\/\/www.salon-medecinedouce.com\/marseille\/wp-content\/uploads\/sites\/16\/2020\/02\/Photo-La_Sittelle-web.jpg",500,500,false],"gg_gallery_thumbnail":["https:\/\/www.salon-medecinedouce.com\/marseille\/wp-content\/uploads\/sites\/16\/2020\/02\/Photo-La_Sittelle-web-450x250.jpg",450,250,true],"rpwe-thumbnail":["https:\/\/www.salon-medecinedouce.com\/marseille\/wp-content\/uploads\/sites\/16\/2020\/02\/Photo-La_Sittelle-web-45x45.jpg",45,45,true]},"rttpg_author":{"display_name":"admin","author_link":"https:\/\/www.salon-medecinedouce.com\/marseille\/blog\/author\/admin\/"},"rttpg_comment":0,"rttpg_category":"<a href=\"https:\/\/www.salon-medecinedouce.com\/marseille\/blog\/category\/non-classe\/\" rel=\"category tag\">Non class\u00e9<\/a>","rttpg_excerpt":"Pr\u00e9sentez-vous en quelques mots : La Sittelle, c&rsquo;est une fabrique artisanale de cosm\u00e9tiques botaniques. C&rsquo;est nich\u00e9 au c\u0153ur des C\u00e9vennes, que sont fabriqu\u00e9s les cosm\u00e9tiques bio. Savons, baumes, huiles pour le corps : tous les produits sont pens\u00e9s avec soin et fabriqu\u00e9s avec technique. Odeurs, couleurs et plantes sauvages des C\u00e9vennes m\u2019inspirent dans la cr\u00e9ation&hellip;","_links":{"self":[{"href":"https:\/\/www.salon-medecinedouce.com\/marseille\/wp-json\/wp\/v2\/posts\/9530","targetHints":{"allow":["GET"]}}],"collection":[{"href":"https:\/\/www.salon-medecinedouce.com\/marseille\/wp-json\/wp\/v2\/posts"}],"about":[{"href":"https:\/\/www.salon-medecinedouce.com\/marseille\/wp-json\/wp\/v2\/types\/post"}],"author":[{"embeddable":true,"href":"https:\/\/www.salon-medecinedouce.com\/marseille\/wp-json\/wp\/v2\/users\/1"}],"replies":[{"embeddable":true,"href":"https:\/\/www.salon-medecinedouce.com\/marseille\/wp-json\/wp\/v2\/comments?post=9530"}],"version-history":[{"count":3,"href":"https:\/\/www.salon-medecinedouce.com\/marseille\/wp-json\/wp\/v2\/posts\/9530\/revisions"}],"predecessor-version":[{"id":9537,"href":"https:\/\/www.salon-medecinedouce.com\/marseille\/wp-json\/wp\/v2\/posts\/9530\/revisions\/9537"}],"wp:featuredmedia":[{"embeddable":true,"href":"https:\/\/www.salon-medecinedouce.com\/marseille\/wp-json\/wp\/v2\/media\/9535"}],"wp:attachment":[{"href":"https:\/\/www.salon-medecinedouce.com\/marseille\/wp-json\/wp\/v2\/media?parent=9530"}],"wp:term":[{"taxonomy":"category","embeddable":true,"href":"https:\/\/www.salon-medecinedouce.com\/marseille\/wp-json\/wp\/v2\/categories?post=9530"},{"taxonomy":"post_tag","embeddable":true,"href":"https:\/\/www.salon-medecinedouce.com\/marseille\/wp-json\/wp\/v2\/tags?post=9530"}],"curies":[{"name":"wp","href":"https:\/\/api.w.org\/{rel}","templated":true}]}}