{"id":9477,"date":"2020-02-21T15:17:24","date_gmt":"2020-02-21T14:17:24","guid":{"rendered":"https:\/\/www.salon-medecinedouce.com\/marseille\/?p=9477"},"modified":"2020-02-21T15:17:24","modified_gmt":"2020-02-21T14:17:24","slug":"portrait-dexposant-coeur-thermal","status":"publish","type":"post","link":"https:\/\/www.salon-medecinedouce.com\/marseille\/blog\/2020\/02\/21\/portrait-dexposant-coeur-thermal\/","title":{"rendered":"Portrait d&rsquo;exposant &#8211; Coeur Thermal"},"content":{"rendered":"<h3>\u00a0<img decoding=\"async\" class=\"wp-image-9481 alignnone\" src=\"https:\/\/www.salon-medecinedouce.com\/marseille\/wp-content\/uploads\/sites\/16\/2020\/02\/logo-coeur-thermal.png\" alt=\"\" width=\"238\" height=\"164\" srcset=\"https:\/\/www.salon-medecinedouce.com\/marseille\/wp-content\/uploads\/sites\/16\/2020\/02\/logo-coeur-thermal.png 615w, https:\/\/www.salon-medecinedouce.com\/marseille\/wp-content\/uploads\/sites\/16\/2020\/02\/logo-coeur-thermal-300x207.png 300w, https:\/\/www.salon-medecinedouce.com\/marseille\/wp-content\/uploads\/sites\/16\/2020\/02\/logo-coeur-thermal-150x103.png 150w, https:\/\/www.salon-medecinedouce.com\/marseille\/wp-content\/uploads\/sites\/16\/2020\/02\/logo-coeur-thermal-500x345.png 500w\" sizes=\"(max-width: 238px) 100vw, 238px\" \/><\/h3>\n<h3>Pr\u00e9sentez-vous en quelques mots :<\/h3>\n<p class=\"p1\"><span class=\"s1\">Bienvenue chez C\u0153ur Thermal \u00e0 Dax !<\/span><\/p>\n<p class=\"p1\"><span class=\"s1\">Les \u00e9tablissements THERMES B\u00c9ROT, Les THERMES et 5 solutions d\u2019h\u00e9bergements (Les Thermes***, Thermotel***, l\u2019Espace Thermal***, Logeadax et le Camping Le Bascat ***) s\u2019unissent sous cette m\u00eame banni\u00e8re pour mettre en commun leur savoir-faire et vous proposer l\u2019offre thermale la plus vari\u00e9e et compl\u00e8te de la station, pour satisfaire toutes vos envies.<\/span><\/p>\n<p class=\"p1\"><span class=\"s1\">Chez C\u0153ur Thermal, nous-nous engageons pour que votre cure devienne une exp\u00e9rience humaine, source de bien \u00eatre.<\/span><\/p>\n<h3>Que proposez-vous sur le salon ?<\/h3>\n<p class=\"p1\"><span class=\"s1\">Cure thermale en Rhumatologie \u00e0 Dax<br \/>\n<\/span><span class=\"s1\">Cure thermale en Phl\u00e9bologie \u00e0 Dax<br \/>\n<\/span><span class=\"s1\">Solutions d&rsquo;h\u00e9bergements allant des studios int\u00e9gr\u00e9s \u00e0 la maison \u00e0 proximit\u00e9 des thermes en passant par le camping ***<br \/>\n<\/span><span class=\"s1\">Mini-Cures<br \/>\n<\/span><span class=\"s1\">Soins en Fibromyalgie<br \/>\n<\/span><span class=\"s1\">Activit\u00e9s compl\u00e9mentaires Slow bien-\u00eatre en groupe et en solo<br \/>\n<\/span><span class=\"s1\">Thermal Box<\/span><\/p>\n<h3>Selon vous quelle serait la d\u00e9finition du bien-\u00eatre ?<\/h3>\n<p class=\"p1\"><span class=\"s1\">Chez C\u0153ur Thermal, nous pensons que les petits d\u00e9tails sont essentiels \u00e0 votre bien-\u00eatre et pour une cure r\u00e9ussie, le cadre est aussi important que les soins . C&rsquo;est pourquoi nos \u00e9quipes apportent une attention toute particuli\u00e8re \u00e0 votre cure.<\/span><\/p>\n<h3>Et quel serait votre meilleur conseil bien-\u00eatre ?<\/h3>\n<p class=\"p1\"><span class=\"s1\">La cure est un moment de pause, loin des tracas quotidien. De retour \u00e0 la maison, mettez en pratique les conseils qui vous ont \u00e9t\u00e9 donn\u00e9s pour ne pas stresser \u00e0 nouveau et retomber dans la routine ! Respirez, dormez bien, reprenez une activit\u00e9 que vous avez d\u00e9couverte lors de votre cure thermale.<\/span><\/p>\n<div class=\"salon-accueil salon-entity-placement\" id=\"salon-3077812579\"><div id=\"salon-4092889106\"><a data-no-instant=\"1\" href=\"https:\/\/www.amac-formation.fr\/\" rel=\"noopener\" class=\"a2t-link\" target=\"_blank\"><p><img fetchpriority=\"high\" decoding=\"async\" class=\"aligncenter size-full wp-image-10787\" src=\"https:\/\/www.salon-medecinedouce.com\/marseille\/wp-content\/uploads\/sites\/16\/2023\/02\/Baniere-salon-du-bien-etre.png\" alt=\"amac-formation\" width=\"728\" height=\"90\" srcset=\"https:\/\/www.salon-medecinedouce.com\/marseille\/wp-content\/uploads\/sites\/16\/2023\/02\/Baniere-salon-du-bien-etre.png 728w, https:\/\/www.salon-medecinedouce.com\/marseille\/wp-content\/uploads\/sites\/16\/2023\/02\/Baniere-salon-du-bien-etre-300x37.png 300w, https:\/\/www.salon-medecinedouce.com\/marseille\/wp-content\/uploads\/sites\/16\/2023\/02\/Baniere-salon-du-bien-etre-150x19.png 150w, https:\/\/www.salon-medecinedouce.com\/marseille\/wp-content\/uploads\/sites\/16\/2023\/02\/Baniere-salon-du-bien-etre-500x62.png 500w\" sizes=\"(max-width: 728px) 100vw, 728px\" \/><\/p>\n<\/a><\/div><\/div>","protected":false},"excerpt":{"rendered":"<p>\u00a0 Pr\u00e9sentez-vous en quelques mots : Bienvenue chez C\u0153ur Thermal \u00e0 Dax ! Les \u00e9tablissements THERMES B\u00c9ROT, Les THERMES et 5 solutions d\u2019h\u00e9bergements (Les Thermes***, Thermotel***, l\u2019Espace Thermal***, Logeadax et le Camping Le Bascat ***) s\u2019unissent sous cette m\u00eame banni\u00e8re pour mettre en commun leur savoir-faire et vous proposer l\u2019offre thermale la plus vari\u00e9e et&hellip; <\/p>\n","protected":false},"author":1,"featured_media":9503,"comment_status":"closed","ping_status":"closed","sticky":false,"template":"","format":"standard","meta":{"_monsterinsights_skip_tracking":false,"_monsterinsights_sitenote_active":false,"_monsterinsights_sitenote_note":"","_monsterinsights_sitenote_category":0,"footnotes":""},"categories":[1],"tags":[],"class_list":["post-9477","post","type-post","status-publish","format-standard","has-post-thumbnail","hentry","category-non-classe"],"yoast_head":"<!-- This site is optimized with the Yoast SEO plugin v27.3 - https:\/\/yoast.com\/product\/yoast-seo-wordpress\/ -->\n<title>Portrait d&#039;exposant - Coeur Thermal - Bien-\u00eatre Marseille<\/title>\n<meta name=\"robots\" content=\"index, follow, max-snippet:-1, max-image-preview:large, max-video-preview:-1\" \/>\n<link rel=\"canonical\" href=\"https:\/\/www.salon-medecinedouce.com\/marseille\/blog\/2020\/02\/21\/portrait-dexposant-coeur-thermal\/\" \/>\n<meta property=\"og:locale\" content=\"fr_FR\" \/>\n<meta property=\"og:type\" content=\"article\" \/>\n<meta property=\"og:title\" content=\"Portrait d&#039;exposant - Coeur Thermal - Bien-\u00eatre Marseille\" \/>\n<meta property=\"og:description\" content=\"\u00a0 Pr\u00e9sentez-vous en quelques mots : Bienvenue chez C\u0153ur Thermal \u00e0 Dax ! Les \u00e9tablissements THERMES B\u00c9ROT, Les THERMES et 5 solutions d\u2019h\u00e9bergements (Les Thermes***, Thermotel***, l\u2019Espace Thermal***, Logeadax et le Camping Le Bascat ***) s\u2019unissent sous cette m\u00eame banni\u00e8re pour mettre en commun leur savoir-faire et vous proposer l\u2019offre thermale la plus vari\u00e9e et&hellip;\" \/>\n<meta property=\"og:url\" content=\"https:\/\/www.salon-medecinedouce.com\/marseille\/blog\/2020\/02\/21\/portrait-dexposant-coeur-thermal\/\" \/>\n<meta property=\"og:site_name\" content=\"Bien-\u00eatre Marseille\" \/>\n<meta property=\"article:published_time\" content=\"2020-02-21T14:17:24+00:00\" \/>\n<meta property=\"og:image\" content=\"https:\/\/www.salon-medecinedouce.com\/marseille\/wp-content\/uploads\/sites\/16\/2020\/02\/PHOTO-COEUR-THERMAL-WEB.jpg\" \/>\n\t<meta property=\"og:image:width\" content=\"500\" \/>\n\t<meta property=\"og:image:height\" content=\"500\" \/>\n\t<meta property=\"og:image:type\" content=\"image\/jpeg\" \/>\n<meta name=\"author\" content=\"admin\" \/>\n<meta name=\"twitter:card\" content=\"summary_large_image\" \/>\n<meta name=\"twitter:label1\" content=\"\u00c9crit par\" \/>\n\t<meta name=\"twitter:data1\" content=\"admin\" \/>\n\t<meta name=\"twitter:label2\" content=\"Dur\u00e9e de lecture estim\u00e9e\" \/>\n\t<meta name=\"twitter:data2\" content=\"1 minute\" \/>\n<script type=\"application\/ld+json\" class=\"yoast-schema-graph\">{\"@context\":\"https:\\\/\\\/schema.org\",\"@graph\":[{\"@type\":\"Article\",\"@id\":\"https:\\\/\\\/www.salon-medecinedouce.com\\\/marseille\\\/blog\\\/2020\\\/02\\\/21\\\/portrait-dexposant-coeur-thermal\\\/#article\",\"isPartOf\":{\"@id\":\"https:\\\/\\\/www.salon-medecinedouce.com\\\/marseille\\\/blog\\\/2020\\\/02\\\/21\\\/portrait-dexposant-coeur-thermal\\\/\"},\"author\":{\"name\":\"admin\",\"@id\":\"https:\\\/\\\/www.salon-medecinedouce.com\\\/marseille\\\/#\\\/schema\\\/person\\\/fd603f85622bcbb2a2feb7394bd42eb3\"},\"headline\":\"Portrait d&rsquo;exposant &#8211; Coeur Thermal\",\"datePublished\":\"2020-02-21T14:17:24+00:00\",\"mainEntityOfPage\":{\"@id\":\"https:\\\/\\\/www.salon-medecinedouce.com\\\/marseille\\\/blog\\\/2020\\\/02\\\/21\\\/portrait-dexposant-coeur-thermal\\\/\"},\"wordCount\":259,\"publisher\":{\"@id\":\"https:\\\/\\\/www.salon-medecinedouce.com\\\/marseille\\\/#organization\"},\"image\":{\"@id\":\"https:\\\/\\\/www.salon-medecinedouce.com\\\/marseille\\\/blog\\\/2020\\\/02\\\/21\\\/portrait-dexposant-coeur-thermal\\\/#primaryimage\"},\"thumbnailUrl\":\"https:\\\/\\\/www.salon-medecinedouce.com\\\/marseille\\\/wp-content\\\/uploads\\\/sites\\\/16\\\/2020\\\/02\\\/PHOTO-COEUR-THERMAL-WEB.jpg\",\"inLanguage\":\"fr-FR\"},{\"@type\":\"WebPage\",\"@id\":\"https:\\\/\\\/www.salon-medecinedouce.com\\\/marseille\\\/blog\\\/2020\\\/02\\\/21\\\/portrait-dexposant-coeur-thermal\\\/\",\"url\":\"https:\\\/\\\/www.salon-medecinedouce.com\\\/marseille\\\/blog\\\/2020\\\/02\\\/21\\\/portrait-dexposant-coeur-thermal\\\/\",\"name\":\"Portrait d'exposant - Coeur Thermal - Bien-\u00eatre Marseille\",\"isPartOf\":{\"@id\":\"https:\\\/\\\/www.salon-medecinedouce.com\\\/marseille\\\/#website\"},\"primaryImageOfPage\":{\"@id\":\"https:\\\/\\\/www.salon-medecinedouce.com\\\/marseille\\\/blog\\\/2020\\\/02\\\/21\\\/portrait-dexposant-coeur-thermal\\\/#primaryimage\"},\"image\":{\"@id\":\"https:\\\/\\\/www.salon-medecinedouce.com\\\/marseille\\\/blog\\\/2020\\\/02\\\/21\\\/portrait-dexposant-coeur-thermal\\\/#primaryimage\"},\"thumbnailUrl\":\"https:\\\/\\\/www.salon-medecinedouce.com\\\/marseille\\\/wp-content\\\/uploads\\\/sites\\\/16\\\/2020\\\/02\\\/PHOTO-COEUR-THERMAL-WEB.jpg\",\"datePublished\":\"2020-02-21T14:17:24+00:00\",\"breadcrumb\":{\"@id\":\"https:\\\/\\\/www.salon-medecinedouce.com\\\/marseille\\\/blog\\\/2020\\\/02\\\/21\\\/portrait-dexposant-coeur-thermal\\\/#breadcrumb\"},\"inLanguage\":\"fr-FR\",\"potentialAction\":[{\"@type\":\"ReadAction\",\"target\":[\"https:\\\/\\\/www.salon-medecinedouce.com\\\/marseille\\\/blog\\\/2020\\\/02\\\/21\\\/portrait-dexposant-coeur-thermal\\\/\"]}]},{\"@type\":\"ImageObject\",\"inLanguage\":\"fr-FR\",\"@id\":\"https:\\\/\\\/www.salon-medecinedouce.com\\\/marseille\\\/blog\\\/2020\\\/02\\\/21\\\/portrait-dexposant-coeur-thermal\\\/#primaryimage\",\"url\":\"https:\\\/\\\/www.salon-medecinedouce.com\\\/marseille\\\/wp-content\\\/uploads\\\/sites\\\/16\\\/2020\\\/02\\\/PHOTO-COEUR-THERMAL-WEB.jpg\",\"contentUrl\":\"https:\\\/\\\/www.salon-medecinedouce.com\\\/marseille\\\/wp-content\\\/uploads\\\/sites\\\/16\\\/2020\\\/02\\\/PHOTO-COEUR-THERMAL-WEB.jpg\",\"width\":500,\"height\":500},{\"@type\":\"BreadcrumbList\",\"@id\":\"https:\\\/\\\/www.salon-medecinedouce.com\\\/marseille\\\/blog\\\/2020\\\/02\\\/21\\\/portrait-dexposant-coeur-thermal\\\/#breadcrumb\",\"itemListElement\":[{\"@type\":\"ListItem\",\"position\":1,\"name\":\"Accueil\",\"item\":\"https:\\\/\\\/www.salon-medecinedouce.com\\\/marseille\\\/\"},{\"@type\":\"ListItem\",\"position\":2,\"name\":\"Portrait d&rsquo;exposant &#8211; Coeur Thermal\"}]},{\"@type\":\"WebSite\",\"@id\":\"https:\\\/\\\/www.salon-medecinedouce.com\\\/marseille\\\/#website\",\"url\":\"https:\\\/\\\/www.salon-medecinedouce.com\\\/marseille\\\/\",\"name\":\"Bien-\u00eatre Marseille\",\"description\":\"La sant\u00e9 au naturel : M\u00e9decines douces - Compl\u00e9ments alimentaires - Alimentation saine - Cosm\u00e9tiques naturelles - Art de vivre - Tourisme de sant\u00e9\",\"publisher\":{\"@id\":\"https:\\\/\\\/www.salon-medecinedouce.com\\\/marseille\\\/#organization\"},\"potentialAction\":[{\"@type\":\"SearchAction\",\"target\":{\"@type\":\"EntryPoint\",\"urlTemplate\":\"https:\\\/\\\/www.salon-medecinedouce.com\\\/marseille\\\/?s={search_term_string}\"},\"query-input\":{\"@type\":\"PropertyValueSpecification\",\"valueRequired\":true,\"valueName\":\"search_term_string\"}}],\"inLanguage\":\"fr-FR\"},{\"@type\":\"Organization\",\"@id\":\"https:\\\/\\\/www.salon-medecinedouce.com\\\/marseille\\\/#organization\",\"name\":\"Bien-\u00eatre Marseille\",\"url\":\"https:\\\/\\\/www.salon-medecinedouce.com\\\/marseille\\\/\",\"logo\":{\"@type\":\"ImageObject\",\"inLanguage\":\"fr-FR\",\"@id\":\"https:\\\/\\\/www.salon-medecinedouce.com\\\/marseille\\\/#\\\/schema\\\/logo\\\/image\\\/\",\"url\":\"https:\\\/\\\/www.salon-medecinedouce.com\\\/marseille\\\/wp-content\\\/uploads\\\/sites\\\/16\\\/2023\\\/10\\\/logo-BEMD.png\",\"contentUrl\":\"https:\\\/\\\/www.salon-medecinedouce.com\\\/marseille\\\/wp-content\\\/uploads\\\/sites\\\/16\\\/2023\\\/10\\\/logo-BEMD.png\",\"width\":199,\"height\":184,\"caption\":\"Bien-\u00eatre Marseille\"},\"image\":{\"@id\":\"https:\\\/\\\/www.salon-medecinedouce.com\\\/marseille\\\/#\\\/schema\\\/logo\\\/image\\\/\"}},{\"@type\":\"Person\",\"@id\":\"https:\\\/\\\/www.salon-medecinedouce.com\\\/marseille\\\/#\\\/schema\\\/person\\\/fd603f85622bcbb2a2feb7394bd42eb3\",\"name\":\"admin\",\"image\":{\"@type\":\"ImageObject\",\"inLanguage\":\"fr-FR\",\"@id\":\"https:\\\/\\\/secure.gravatar.com\\\/avatar\\\/bdec238283f0ae74f0c0dc844c4dddd9689b95e8e5f6c5a8ee96dea3cf51061e?s=96&d=mm&r=g\",\"url\":\"https:\\\/\\\/secure.gravatar.com\\\/avatar\\\/bdec238283f0ae74f0c0dc844c4dddd9689b95e8e5f6c5a8ee96dea3cf51061e?s=96&d=mm&r=g\",\"contentUrl\":\"https:\\\/\\\/secure.gravatar.com\\\/avatar\\\/bdec238283f0ae74f0c0dc844c4dddd9689b95e8e5f6c5a8ee96dea3cf51061e?s=96&d=mm&r=g\",\"caption\":\"admin\"},\"url\":\"https:\\\/\\\/www.salon-medecinedouce.com\\\/marseille\\\/blog\\\/author\\\/admin\\\/\"}]}<\/script>\n<!-- \/ Yoast SEO plugin. -->","yoast_head_json":{"title":"Portrait d'exposant - Coeur Thermal - Bien-\u00eatre Marseille","robots":{"index":"index","follow":"follow","max-snippet":"max-snippet:-1","max-image-preview":"max-image-preview:large","max-video-preview":"max-video-preview:-1"},"canonical":"https:\/\/www.salon-medecinedouce.com\/marseille\/blog\/2020\/02\/21\/portrait-dexposant-coeur-thermal\/","og_locale":"fr_FR","og_type":"article","og_title":"Portrait d'exposant - Coeur Thermal - Bien-\u00eatre Marseille","og_description":"\u00a0 Pr\u00e9sentez-vous en quelques mots : Bienvenue chez C\u0153ur Thermal \u00e0 Dax ! Les \u00e9tablissements THERMES B\u00c9ROT, Les THERMES et 5 solutions d\u2019h\u00e9bergements (Les Thermes***, Thermotel***, l\u2019Espace Thermal***, Logeadax et le Camping Le Bascat ***) s\u2019unissent sous cette m\u00eame banni\u00e8re pour mettre en commun leur savoir-faire et vous proposer l\u2019offre thermale la plus vari\u00e9e et&hellip;","og_url":"https:\/\/www.salon-medecinedouce.com\/marseille\/blog\/2020\/02\/21\/portrait-dexposant-coeur-thermal\/","og_site_name":"Bien-\u00eatre Marseille","article_published_time":"2020-02-21T14:17:24+00:00","og_image":[{"width":500,"height":500,"url":"https:\/\/www.salon-medecinedouce.com\/marseille\/wp-content\/uploads\/sites\/16\/2020\/02\/PHOTO-COEUR-THERMAL-WEB.jpg","type":"image\/jpeg"}],"author":"admin","twitter_card":"summary_large_image","twitter_misc":{"\u00c9crit par":"admin","Dur\u00e9e de lecture estim\u00e9e":"1 minute"},"schema":{"@context":"https:\/\/schema.org","@graph":[{"@type":"Article","@id":"https:\/\/www.salon-medecinedouce.com\/marseille\/blog\/2020\/02\/21\/portrait-dexposant-coeur-thermal\/#article","isPartOf":{"@id":"https:\/\/www.salon-medecinedouce.com\/marseille\/blog\/2020\/02\/21\/portrait-dexposant-coeur-thermal\/"},"author":{"name":"admin","@id":"https:\/\/www.salon-medecinedouce.com\/marseille\/#\/schema\/person\/fd603f85622bcbb2a2feb7394bd42eb3"},"headline":"Portrait d&rsquo;exposant &#8211; Coeur Thermal","datePublished":"2020-02-21T14:17:24+00:00","mainEntityOfPage":{"@id":"https:\/\/www.salon-medecinedouce.com\/marseille\/blog\/2020\/02\/21\/portrait-dexposant-coeur-thermal\/"},"wordCount":259,"publisher":{"@id":"https:\/\/www.salon-medecinedouce.com\/marseille\/#organization"},"image":{"@id":"https:\/\/www.salon-medecinedouce.com\/marseille\/blog\/2020\/02\/21\/portrait-dexposant-coeur-thermal\/#primaryimage"},"thumbnailUrl":"https:\/\/www.salon-medecinedouce.com\/marseille\/wp-content\/uploads\/sites\/16\/2020\/02\/PHOTO-COEUR-THERMAL-WEB.jpg","inLanguage":"fr-FR"},{"@type":"WebPage","@id":"https:\/\/www.salon-medecinedouce.com\/marseille\/blog\/2020\/02\/21\/portrait-dexposant-coeur-thermal\/","url":"https:\/\/www.salon-medecinedouce.com\/marseille\/blog\/2020\/02\/21\/portrait-dexposant-coeur-thermal\/","name":"Portrait d'exposant - Coeur Thermal - Bien-\u00eatre Marseille","isPartOf":{"@id":"https:\/\/www.salon-medecinedouce.com\/marseille\/#website"},"primaryImageOfPage":{"@id":"https:\/\/www.salon-medecinedouce.com\/marseille\/blog\/2020\/02\/21\/portrait-dexposant-coeur-thermal\/#primaryimage"},"image":{"@id":"https:\/\/www.salon-medecinedouce.com\/marseille\/blog\/2020\/02\/21\/portrait-dexposant-coeur-thermal\/#primaryimage"},"thumbnailUrl":"https:\/\/www.salon-medecinedouce.com\/marseille\/wp-content\/uploads\/sites\/16\/2020\/02\/PHOTO-COEUR-THERMAL-WEB.jpg","datePublished":"2020-02-21T14:17:24+00:00","breadcrumb":{"@id":"https:\/\/www.salon-medecinedouce.com\/marseille\/blog\/2020\/02\/21\/portrait-dexposant-coeur-thermal\/#breadcrumb"},"inLanguage":"fr-FR","potentialAction":[{"@type":"ReadAction","target":["https:\/\/www.salon-medecinedouce.com\/marseille\/blog\/2020\/02\/21\/portrait-dexposant-coeur-thermal\/"]}]},{"@type":"ImageObject","inLanguage":"fr-FR","@id":"https:\/\/www.salon-medecinedouce.com\/marseille\/blog\/2020\/02\/21\/portrait-dexposant-coeur-thermal\/#primaryimage","url":"https:\/\/www.salon-medecinedouce.com\/marseille\/wp-content\/uploads\/sites\/16\/2020\/02\/PHOTO-COEUR-THERMAL-WEB.jpg","contentUrl":"https:\/\/www.salon-medecinedouce.com\/marseille\/wp-content\/uploads\/sites\/16\/2020\/02\/PHOTO-COEUR-THERMAL-WEB.jpg","width":500,"height":500},{"@type":"BreadcrumbList","@id":"https:\/\/www.salon-medecinedouce.com\/marseille\/blog\/2020\/02\/21\/portrait-dexposant-coeur-thermal\/#breadcrumb","itemListElement":[{"@type":"ListItem","position":1,"name":"Accueil","item":"https:\/\/www.salon-medecinedouce.com\/marseille\/"},{"@type":"ListItem","position":2,"name":"Portrait d&rsquo;exposant &#8211; Coeur Thermal"}]},{"@type":"WebSite","@id":"https:\/\/www.salon-medecinedouce.com\/marseille\/#website","url":"https:\/\/www.salon-medecinedouce.com\/marseille\/","name":"Bien-\u00eatre Marseille","description":"La sant\u00e9 au naturel : M\u00e9decines douces - Compl\u00e9ments alimentaires - Alimentation saine - Cosm\u00e9tiques naturelles - Art de vivre - Tourisme de sant\u00e9","publisher":{"@id":"https:\/\/www.salon-medecinedouce.com\/marseille\/#organization"},"potentialAction":[{"@type":"SearchAction","target":{"@type":"EntryPoint","urlTemplate":"https:\/\/www.salon-medecinedouce.com\/marseille\/?s={search_term_string}"},"query-input":{"@type":"PropertyValueSpecification","valueRequired":true,"valueName":"search_term_string"}}],"inLanguage":"fr-FR"},{"@type":"Organization","@id":"https:\/\/www.salon-medecinedouce.com\/marseille\/#organization","name":"Bien-\u00eatre Marseille","url":"https:\/\/www.salon-medecinedouce.com\/marseille\/","logo":{"@type":"ImageObject","inLanguage":"fr-FR","@id":"https:\/\/www.salon-medecinedouce.com\/marseille\/#\/schema\/logo\/image\/","url":"https:\/\/www.salon-medecinedouce.com\/marseille\/wp-content\/uploads\/sites\/16\/2023\/10\/logo-BEMD.png","contentUrl":"https:\/\/www.salon-medecinedouce.com\/marseille\/wp-content\/uploads\/sites\/16\/2023\/10\/logo-BEMD.png","width":199,"height":184,"caption":"Bien-\u00eatre Marseille"},"image":{"@id":"https:\/\/www.salon-medecinedouce.com\/marseille\/#\/schema\/logo\/image\/"}},{"@type":"Person","@id":"https:\/\/www.salon-medecinedouce.com\/marseille\/#\/schema\/person\/fd603f85622bcbb2a2feb7394bd42eb3","name":"admin","image":{"@type":"ImageObject","inLanguage":"fr-FR","@id":"https:\/\/secure.gravatar.com\/avatar\/bdec238283f0ae74f0c0dc844c4dddd9689b95e8e5f6c5a8ee96dea3cf51061e?s=96&d=mm&r=g","url":"https:\/\/secure.gravatar.com\/avatar\/bdec238283f0ae74f0c0dc844c4dddd9689b95e8e5f6c5a8ee96dea3cf51061e?s=96&d=mm&r=g","contentUrl":"https:\/\/secure.gravatar.com\/avatar\/bdec238283f0ae74f0c0dc844c4dddd9689b95e8e5f6c5a8ee96dea3cf51061e?s=96&d=mm&r=g","caption":"admin"},"url":"https:\/\/www.salon-medecinedouce.com\/marseille\/blog\/author\/admin\/"}]}},"rttpg_featured_image_url":{"full":["https:\/\/www.salon-medecinedouce.com\/marseille\/wp-content\/uploads\/sites\/16\/2020\/02\/PHOTO-COEUR-THERMAL-WEB.jpg",500,500,false],"landscape":["https:\/\/www.salon-medecinedouce.com\/marseille\/wp-content\/uploads\/sites\/16\/2020\/02\/PHOTO-COEUR-THERMAL-WEB.jpg",500,500,false],"portraits":["https:\/\/www.salon-medecinedouce.com\/marseille\/wp-content\/uploads\/sites\/16\/2020\/02\/PHOTO-COEUR-THERMAL-WEB.jpg",500,500,false],"thumbnail":["https:\/\/www.salon-medecinedouce.com\/marseille\/wp-content\/uploads\/sites\/16\/2020\/02\/PHOTO-COEUR-THERMAL-WEB-150x150.jpg",150,150,true],"medium":["https:\/\/www.salon-medecinedouce.com\/marseille\/wp-content\/uploads\/sites\/16\/2020\/02\/PHOTO-COEUR-THERMAL-WEB-300x300.jpg",300,300,true],"large":["https:\/\/www.salon-medecinedouce.com\/marseille\/wp-content\/uploads\/sites\/16\/2020\/02\/PHOTO-COEUR-THERMAL-WEB.jpg",500,500,false],"1536x1536":["https:\/\/www.salon-medecinedouce.com\/marseille\/wp-content\/uploads\/sites\/16\/2020\/02\/PHOTO-COEUR-THERMAL-WEB.jpg",500,500,false],"2048x2048":["https:\/\/www.salon-medecinedouce.com\/marseille\/wp-content\/uploads\/sites\/16\/2020\/02\/PHOTO-COEUR-THERMAL-WEB.jpg",500,500,false],"gg_gallery_thumbnail":["https:\/\/www.salon-medecinedouce.com\/marseille\/wp-content\/uploads\/sites\/16\/2020\/02\/PHOTO-COEUR-THERMAL-WEB-450x250.jpg",450,250,true],"rpwe-thumbnail":["https:\/\/www.salon-medecinedouce.com\/marseille\/wp-content\/uploads\/sites\/16\/2020\/02\/PHOTO-COEUR-THERMAL-WEB-45x45.jpg",45,45,true]},"rttpg_author":{"display_name":"admin","author_link":"https:\/\/www.salon-medecinedouce.com\/marseille\/blog\/author\/admin\/"},"rttpg_comment":0,"rttpg_category":"<a href=\"https:\/\/www.salon-medecinedouce.com\/marseille\/blog\/category\/non-classe\/\" rel=\"category tag\">Non class\u00e9<\/a>","rttpg_excerpt":"\u00a0 Pr\u00e9sentez-vous en quelques mots : Bienvenue chez C\u0153ur Thermal \u00e0 Dax ! Les \u00e9tablissements THERMES B\u00c9ROT, Les THERMES et 5 solutions d\u2019h\u00e9bergements (Les Thermes***, Thermotel***, l\u2019Espace Thermal***, Logeadax et le Camping Le Bascat ***) s\u2019unissent sous cette m\u00eame banni\u00e8re pour mettre en commun leur savoir-faire et vous proposer l\u2019offre thermale la plus vari\u00e9e et&hellip;","_links":{"self":[{"href":"https:\/\/www.salon-medecinedouce.com\/marseille\/wp-json\/wp\/v2\/posts\/9477","targetHints":{"allow":["GET"]}}],"collection":[{"href":"https:\/\/www.salon-medecinedouce.com\/marseille\/wp-json\/wp\/v2\/posts"}],"about":[{"href":"https:\/\/www.salon-medecinedouce.com\/marseille\/wp-json\/wp\/v2\/types\/post"}],"author":[{"embeddable":true,"href":"https:\/\/www.salon-medecinedouce.com\/marseille\/wp-json\/wp\/v2\/users\/1"}],"replies":[{"embeddable":true,"href":"https:\/\/www.salon-medecinedouce.com\/marseille\/wp-json\/wp\/v2\/comments?post=9477"}],"version-history":[{"count":3,"href":"https:\/\/www.salon-medecinedouce.com\/marseille\/wp-json\/wp\/v2\/posts\/9477\/revisions"}],"predecessor-version":[{"id":9511,"href":"https:\/\/www.salon-medecinedouce.com\/marseille\/wp-json\/wp\/v2\/posts\/9477\/revisions\/9511"}],"wp:featuredmedia":[{"embeddable":true,"href":"https:\/\/www.salon-medecinedouce.com\/marseille\/wp-json\/wp\/v2\/media\/9503"}],"wp:attachment":[{"href":"https:\/\/www.salon-medecinedouce.com\/marseille\/wp-json\/wp\/v2\/media?parent=9477"}],"wp:term":[{"taxonomy":"category","embeddable":true,"href":"https:\/\/www.salon-medecinedouce.com\/marseille\/wp-json\/wp\/v2\/categories?post=9477"},{"taxonomy":"post_tag","embeddable":true,"href":"https:\/\/www.salon-medecinedouce.com\/marseille\/wp-json\/wp\/v2\/tags?post=9477"}],"curies":[{"name":"wp","href":"https:\/\/api.w.org\/{rel}","templated":true}]}}