{"id":9473,"date":"2020-02-21T15:18:08","date_gmt":"2020-02-21T14:18:08","guid":{"rendered":"https:\/\/www.salon-medecinedouce.com\/marseille\/?p=9473"},"modified":"2021-11-04T12:51:51","modified_gmt":"2021-11-04T11:51:51","slug":"portrait-dexposant-les-artistes-de-la-nature-le-pere-jean","status":"publish","type":"post","link":"https:\/\/www.salon-medecinedouce.com\/marseille\/blog\/2020\/02\/21\/portrait-dexposant-les-artistes-de-la-nature-le-pere-jean\/","title":{"rendered":"Portrait d&rsquo;exposant &#8211; Les artistes de nature\/Le p\u00e8re Jean"},"content":{"rendered":"<h3><img fetchpriority=\"high\" decoding=\"async\" class=\"alignnone  wp-image-9513\" src=\"https:\/\/www.salon-medecinedouce.com\/marseille\/wp-content\/uploads\/sites\/16\/2020\/02\/logo-adn-pere-jean.jpg\" alt=\"\" width=\"404\" height=\"143\" srcset=\"https:\/\/www.salon-medecinedouce.com\/marseille\/wp-content\/uploads\/sites\/16\/2020\/02\/logo-adn-pere-jean.jpg 370w, https:\/\/www.salon-medecinedouce.com\/marseille\/wp-content\/uploads\/sites\/16\/2020\/02\/logo-adn-pere-jean-300x106.jpg 300w, https:\/\/www.salon-medecinedouce.com\/marseille\/wp-content\/uploads\/sites\/16\/2020\/02\/logo-adn-pere-jean-150x53.jpg 150w\" sizes=\"(max-width: 404px) 100vw, 404px\" \/><\/h3>\n<h3>Pr\u00e9sentez-vous en quelques mots :<\/h3>\n<p class=\"p1\"><span class=\"s1\">Depuis vingt ans maintenant, mon fr\u00e8re et moi parcourons les salons et les foires bio de France et d\u2019Europe sur les traces de notre p\u00e8re, \u00ab Le P\u00e8re Jean \u00bb, dans la grande lign\u00e9e des herboristes. Cet amoureux de la nature a remis \u00e0 l\u2019honneur la racine de tamier qui fut un temps oubli\u00e9e, alors qu\u2019elle fut pendant tr\u00e8s longtemps le seul moyen pour les paysans de se soulager.<\/span><\/p>\n<p class=\"p1\"><span class=\"s1\">Nous tentons de faire passer le message de bon sens de notre nature. Je m\u2019applique avec l\u2019aide de notre laboratoire \u00e0 concevoir des produits de soin et des cosm\u00e9tiques \u00e9cologiques avec des plantes sauvages et biologiques de nos r\u00e9gions.<\/span><\/p>\n<p class=\"p1\"><span class=\"s1\">A l\u2019heure du commerce \u00e9quitable et du d\u00e9veloppement durable, je persiste \u00e0 travailler avec des petits producteurs fran\u00e7ais indispensables.<\/span><\/p>\n<h3>Que proposez-vous sur le salon ?<\/h3>\n<ul>\n<li class=\"p1\"><span class=\"s1\">SOINS APAISANTS ET CURES D&rsquo;HYGIENE : <br \/>\n<\/span>Ce sont les vertus ancestrales, anti-rhumatismales et anti-inflammatoires de la racine de tamier, qui font aujourd&rsquo;hui la renomm\u00e9e des produits de soins du P\u00e8re Jean.<br \/>\nC&rsquo;est le bon sens des simples de notre nature qui permettent d&rsquo;entretenir \u00e0 chaque saison notre organisme, gr\u00e2ce \u00e0 nos cures et compl\u00e9ments alimentaires.<\/li>\n<\/ul>\n<p>&nbsp;<\/p>\n<ul>\n<li class=\"p1\"><span class=\"s1\">COSMETIQUES ARTISTES DE NATURE<br \/>\n<\/span>La qualit\u00e9 et la quantit\u00e9 des ingr\u00e9dients entrant dans nos compositions leur conf\u00e8rent une efficacit\u00e9 remarquable.<br \/>\nD\u00e9couvrez nos cr\u00e8mes visage hydratantes, r\u00e9g\u00e9n\u00e9rantes, antirides.<br \/>\nAdoptez nos soins cheveux : Terre \u00e0 cheveux, Shampoing Herbes &amp; Racines et Lotion Capillaire<br \/>\nEt pour votre hygi\u00e8ne buccale, faites confiance \u00e0 notre soin Terre \u00e0 bouche.<\/li>\n<\/ul>\n<h3>Selon vous quelle serait la d\u00e9finition du bien-\u00eatre ?<\/h3>\n<p class=\"p1\"><span class=\"s1\">Bien manger, bien rire, bien dormir ! ne pas souffrir<\/span><\/p>\n<h3>Et quel serait votre meilleur conseil bien-\u00eatre ?<\/h3>\n<p class=\"p1\"><span class=\"s1\">Rien ne remplace une alimentation vivante et vari\u00e9e, et une tr\u00e8s bonne mastication des aliments.<\/span><\/p>\n<p class=\"p1\"><span class=\"s1\">Un m\u00e9decin intelligent, un peu de gymnastique et beaucoup de bon sens !<\/span><\/p>\n<p>&nbsp;<\/p>\n<div class=\"salon-accueil salon-entity-placement\" id=\"salon-1700975723\"><div id=\"salon-2115820764\"><a data-no-instant=\"1\" href=\"https:\/\/www.amac-formation.fr\/\" rel=\"noopener\" class=\"a2t-link\" target=\"_blank\"><p><img decoding=\"async\" class=\"aligncenter size-full wp-image-10787\" src=\"https:\/\/www.salon-medecinedouce.com\/marseille\/wp-content\/uploads\/sites\/16\/2023\/02\/Baniere-salon-du-bien-etre.png\" alt=\"amac-formation\" width=\"728\" height=\"90\" srcset=\"https:\/\/www.salon-medecinedouce.com\/marseille\/wp-content\/uploads\/sites\/16\/2023\/02\/Baniere-salon-du-bien-etre.png 728w, https:\/\/www.salon-medecinedouce.com\/marseille\/wp-content\/uploads\/sites\/16\/2023\/02\/Baniere-salon-du-bien-etre-300x37.png 300w, https:\/\/www.salon-medecinedouce.com\/marseille\/wp-content\/uploads\/sites\/16\/2023\/02\/Baniere-salon-du-bien-etre-150x19.png 150w, https:\/\/www.salon-medecinedouce.com\/marseille\/wp-content\/uploads\/sites\/16\/2023\/02\/Baniere-salon-du-bien-etre-500x62.png 500w\" sizes=\"(max-width: 728px) 100vw, 728px\" \/><\/p>\n<\/a><\/div><\/div>","protected":false},"excerpt":{"rendered":"<p>Pr\u00e9sentez-vous en quelques mots : Depuis vingt ans maintenant, mon fr\u00e8re et moi parcourons les salons et les foires bio de France et d\u2019Europe sur les traces de notre p\u00e8re, \u00ab Le P\u00e8re Jean \u00bb, dans la grande lign\u00e9e des herboristes. Cet amoureux de la nature a remis \u00e0 l\u2019honneur la racine de tamier qui&hellip; <\/p>\n","protected":false},"author":1,"featured_media":9504,"comment_status":"closed","ping_status":"closed","sticky":false,"template":"","format":"standard","meta":{"_monsterinsights_skip_tracking":false,"_monsterinsights_sitenote_active":false,"_monsterinsights_sitenote_note":"","_monsterinsights_sitenote_category":0,"footnotes":""},"categories":[1],"tags":[],"class_list":["post-9473","post","type-post","status-publish","format-standard","has-post-thumbnail","hentry","category-non-classe"],"yoast_head":"<!-- This site is optimized with the Yoast SEO plugin v27.3 - https:\/\/yoast.com\/product\/yoast-seo-wordpress\/ -->\n<title>Portrait d&#039;exposant - Les artistes de nature\/Le p\u00e8re Jean - Bien-\u00eatre Marseille<\/title>\n<meta name=\"robots\" content=\"index, follow, max-snippet:-1, max-image-preview:large, max-video-preview:-1\" \/>\n<link rel=\"canonical\" href=\"https:\/\/www.salon-medecinedouce.com\/marseille\/blog\/2020\/02\/21\/portrait-dexposant-les-artistes-de-la-nature-le-pere-jean\/\" \/>\n<meta property=\"og:locale\" content=\"fr_FR\" \/>\n<meta property=\"og:type\" content=\"article\" \/>\n<meta property=\"og:title\" content=\"Portrait d&#039;exposant - Les artistes de nature\/Le p\u00e8re Jean - Bien-\u00eatre Marseille\" \/>\n<meta property=\"og:description\" content=\"Pr\u00e9sentez-vous en quelques mots : Depuis vingt ans maintenant, mon fr\u00e8re et moi parcourons les salons et les foires bio de France et d\u2019Europe sur les traces de notre p\u00e8re, \u00ab Le P\u00e8re Jean \u00bb, dans la grande lign\u00e9e des herboristes. Cet amoureux de la nature a remis \u00e0 l\u2019honneur la racine de tamier qui&hellip;\" \/>\n<meta property=\"og:url\" content=\"https:\/\/www.salon-medecinedouce.com\/marseille\/blog\/2020\/02\/21\/portrait-dexposant-les-artistes-de-la-nature-le-pere-jean\/\" \/>\n<meta property=\"og:site_name\" content=\"Bien-\u00eatre Marseille\" \/>\n<meta property=\"article:published_time\" content=\"2020-02-21T14:18:08+00:00\" \/>\n<meta property=\"article:modified_time\" content=\"2021-11-04T11:51:51+00:00\" \/>\n<meta property=\"og:image\" content=\"https:\/\/www.salon-medecinedouce.com\/marseille\/wp-content\/uploads\/sites\/16\/2020\/02\/PHOTO-LE-PERE-JEAN-web.jpg\" \/>\n\t<meta property=\"og:image:width\" content=\"500\" \/>\n\t<meta property=\"og:image:height\" content=\"500\" \/>\n\t<meta property=\"og:image:type\" content=\"image\/jpeg\" \/>\n<meta name=\"author\" content=\"admin\" \/>\n<meta name=\"twitter:card\" content=\"summary_large_image\" \/>\n<meta name=\"twitter:label1\" content=\"\u00c9crit par\" \/>\n\t<meta name=\"twitter:data1\" content=\"admin\" \/>\n\t<meta name=\"twitter:label2\" content=\"Dur\u00e9e de lecture estim\u00e9e\" \/>\n\t<meta name=\"twitter:data2\" content=\"2 minutes\" \/>\n<script type=\"application\/ld+json\" class=\"yoast-schema-graph\">{\"@context\":\"https:\\\/\\\/schema.org\",\"@graph\":[{\"@type\":\"Article\",\"@id\":\"https:\\\/\\\/www.salon-medecinedouce.com\\\/marseille\\\/blog\\\/2020\\\/02\\\/21\\\/portrait-dexposant-les-artistes-de-la-nature-le-pere-jean\\\/#article\",\"isPartOf\":{\"@id\":\"https:\\\/\\\/www.salon-medecinedouce.com\\\/marseille\\\/blog\\\/2020\\\/02\\\/21\\\/portrait-dexposant-les-artistes-de-la-nature-le-pere-jean\\\/\"},\"author\":{\"name\":\"admin\",\"@id\":\"https:\\\/\\\/www.salon-medecinedouce.com\\\/marseille\\\/#\\\/schema\\\/person\\\/fd603f85622bcbb2a2feb7394bd42eb3\"},\"headline\":\"Portrait d&rsquo;exposant &#8211; Les artistes de nature\\\/Le p\u00e8re Jean\",\"datePublished\":\"2020-02-21T14:18:08+00:00\",\"dateModified\":\"2021-11-04T11:51:51+00:00\",\"mainEntityOfPage\":{\"@id\":\"https:\\\/\\\/www.salon-medecinedouce.com\\\/marseille\\\/blog\\\/2020\\\/02\\\/21\\\/portrait-dexposant-les-artistes-de-la-nature-le-pere-jean\\\/\"},\"wordCount\":333,\"publisher\":{\"@id\":\"https:\\\/\\\/www.salon-medecinedouce.com\\\/marseille\\\/#organization\"},\"image\":{\"@id\":\"https:\\\/\\\/www.salon-medecinedouce.com\\\/marseille\\\/blog\\\/2020\\\/02\\\/21\\\/portrait-dexposant-les-artistes-de-la-nature-le-pere-jean\\\/#primaryimage\"},\"thumbnailUrl\":\"https:\\\/\\\/www.salon-medecinedouce.com\\\/marseille\\\/wp-content\\\/uploads\\\/sites\\\/16\\\/2020\\\/02\\\/PHOTO-LE-PERE-JEAN-web.jpg\",\"inLanguage\":\"fr-FR\"},{\"@type\":\"WebPage\",\"@id\":\"https:\\\/\\\/www.salon-medecinedouce.com\\\/marseille\\\/blog\\\/2020\\\/02\\\/21\\\/portrait-dexposant-les-artistes-de-la-nature-le-pere-jean\\\/\",\"url\":\"https:\\\/\\\/www.salon-medecinedouce.com\\\/marseille\\\/blog\\\/2020\\\/02\\\/21\\\/portrait-dexposant-les-artistes-de-la-nature-le-pere-jean\\\/\",\"name\":\"Portrait d'exposant - Les artistes de nature\\\/Le p\u00e8re Jean - Bien-\u00eatre Marseille\",\"isPartOf\":{\"@id\":\"https:\\\/\\\/www.salon-medecinedouce.com\\\/marseille\\\/#website\"},\"primaryImageOfPage\":{\"@id\":\"https:\\\/\\\/www.salon-medecinedouce.com\\\/marseille\\\/blog\\\/2020\\\/02\\\/21\\\/portrait-dexposant-les-artistes-de-la-nature-le-pere-jean\\\/#primaryimage\"},\"image\":{\"@id\":\"https:\\\/\\\/www.salon-medecinedouce.com\\\/marseille\\\/blog\\\/2020\\\/02\\\/21\\\/portrait-dexposant-les-artistes-de-la-nature-le-pere-jean\\\/#primaryimage\"},\"thumbnailUrl\":\"https:\\\/\\\/www.salon-medecinedouce.com\\\/marseille\\\/wp-content\\\/uploads\\\/sites\\\/16\\\/2020\\\/02\\\/PHOTO-LE-PERE-JEAN-web.jpg\",\"datePublished\":\"2020-02-21T14:18:08+00:00\",\"dateModified\":\"2021-11-04T11:51:51+00:00\",\"breadcrumb\":{\"@id\":\"https:\\\/\\\/www.salon-medecinedouce.com\\\/marseille\\\/blog\\\/2020\\\/02\\\/21\\\/portrait-dexposant-les-artistes-de-la-nature-le-pere-jean\\\/#breadcrumb\"},\"inLanguage\":\"fr-FR\",\"potentialAction\":[{\"@type\":\"ReadAction\",\"target\":[\"https:\\\/\\\/www.salon-medecinedouce.com\\\/marseille\\\/blog\\\/2020\\\/02\\\/21\\\/portrait-dexposant-les-artistes-de-la-nature-le-pere-jean\\\/\"]}]},{\"@type\":\"ImageObject\",\"inLanguage\":\"fr-FR\",\"@id\":\"https:\\\/\\\/www.salon-medecinedouce.com\\\/marseille\\\/blog\\\/2020\\\/02\\\/21\\\/portrait-dexposant-les-artistes-de-la-nature-le-pere-jean\\\/#primaryimage\",\"url\":\"https:\\\/\\\/www.salon-medecinedouce.com\\\/marseille\\\/wp-content\\\/uploads\\\/sites\\\/16\\\/2020\\\/02\\\/PHOTO-LE-PERE-JEAN-web.jpg\",\"contentUrl\":\"https:\\\/\\\/www.salon-medecinedouce.com\\\/marseille\\\/wp-content\\\/uploads\\\/sites\\\/16\\\/2020\\\/02\\\/PHOTO-LE-PERE-JEAN-web.jpg\",\"width\":500,\"height\":500},{\"@type\":\"BreadcrumbList\",\"@id\":\"https:\\\/\\\/www.salon-medecinedouce.com\\\/marseille\\\/blog\\\/2020\\\/02\\\/21\\\/portrait-dexposant-les-artistes-de-la-nature-le-pere-jean\\\/#breadcrumb\",\"itemListElement\":[{\"@type\":\"ListItem\",\"position\":1,\"name\":\"Accueil\",\"item\":\"https:\\\/\\\/www.salon-medecinedouce.com\\\/marseille\\\/\"},{\"@type\":\"ListItem\",\"position\":2,\"name\":\"Portrait d&rsquo;exposant &#8211; Les artistes de nature\\\/Le p\u00e8re Jean\"}]},{\"@type\":\"WebSite\",\"@id\":\"https:\\\/\\\/www.salon-medecinedouce.com\\\/marseille\\\/#website\",\"url\":\"https:\\\/\\\/www.salon-medecinedouce.com\\\/marseille\\\/\",\"name\":\"Bien-\u00eatre Marseille\",\"description\":\"La sant\u00e9 au naturel : M\u00e9decines douces - Compl\u00e9ments alimentaires - Alimentation saine - Cosm\u00e9tiques naturelles - Art de vivre - Tourisme de sant\u00e9\",\"publisher\":{\"@id\":\"https:\\\/\\\/www.salon-medecinedouce.com\\\/marseille\\\/#organization\"},\"potentialAction\":[{\"@type\":\"SearchAction\",\"target\":{\"@type\":\"EntryPoint\",\"urlTemplate\":\"https:\\\/\\\/www.salon-medecinedouce.com\\\/marseille\\\/?s={search_term_string}\"},\"query-input\":{\"@type\":\"PropertyValueSpecification\",\"valueRequired\":true,\"valueName\":\"search_term_string\"}}],\"inLanguage\":\"fr-FR\"},{\"@type\":\"Organization\",\"@id\":\"https:\\\/\\\/www.salon-medecinedouce.com\\\/marseille\\\/#organization\",\"name\":\"Bien-\u00eatre Marseille\",\"url\":\"https:\\\/\\\/www.salon-medecinedouce.com\\\/marseille\\\/\",\"logo\":{\"@type\":\"ImageObject\",\"inLanguage\":\"fr-FR\",\"@id\":\"https:\\\/\\\/www.salon-medecinedouce.com\\\/marseille\\\/#\\\/schema\\\/logo\\\/image\\\/\",\"url\":\"https:\\\/\\\/www.salon-medecinedouce.com\\\/marseille\\\/wp-content\\\/uploads\\\/sites\\\/16\\\/2023\\\/10\\\/logo-BEMD.png\",\"contentUrl\":\"https:\\\/\\\/www.salon-medecinedouce.com\\\/marseille\\\/wp-content\\\/uploads\\\/sites\\\/16\\\/2023\\\/10\\\/logo-BEMD.png\",\"width\":199,\"height\":184,\"caption\":\"Bien-\u00eatre Marseille\"},\"image\":{\"@id\":\"https:\\\/\\\/www.salon-medecinedouce.com\\\/marseille\\\/#\\\/schema\\\/logo\\\/image\\\/\"}},{\"@type\":\"Person\",\"@id\":\"https:\\\/\\\/www.salon-medecinedouce.com\\\/marseille\\\/#\\\/schema\\\/person\\\/fd603f85622bcbb2a2feb7394bd42eb3\",\"name\":\"admin\",\"image\":{\"@type\":\"ImageObject\",\"inLanguage\":\"fr-FR\",\"@id\":\"https:\\\/\\\/secure.gravatar.com\\\/avatar\\\/bdec238283f0ae74f0c0dc844c4dddd9689b95e8e5f6c5a8ee96dea3cf51061e?s=96&d=mm&r=g\",\"url\":\"https:\\\/\\\/secure.gravatar.com\\\/avatar\\\/bdec238283f0ae74f0c0dc844c4dddd9689b95e8e5f6c5a8ee96dea3cf51061e?s=96&d=mm&r=g\",\"contentUrl\":\"https:\\\/\\\/secure.gravatar.com\\\/avatar\\\/bdec238283f0ae74f0c0dc844c4dddd9689b95e8e5f6c5a8ee96dea3cf51061e?s=96&d=mm&r=g\",\"caption\":\"admin\"},\"url\":\"https:\\\/\\\/www.salon-medecinedouce.com\\\/marseille\\\/blog\\\/author\\\/admin\\\/\"}]}<\/script>\n<!-- \/ Yoast SEO plugin. -->","yoast_head_json":{"title":"Portrait d'exposant - Les artistes de nature\/Le p\u00e8re Jean - Bien-\u00eatre Marseille","robots":{"index":"index","follow":"follow","max-snippet":"max-snippet:-1","max-image-preview":"max-image-preview:large","max-video-preview":"max-video-preview:-1"},"canonical":"https:\/\/www.salon-medecinedouce.com\/marseille\/blog\/2020\/02\/21\/portrait-dexposant-les-artistes-de-la-nature-le-pere-jean\/","og_locale":"fr_FR","og_type":"article","og_title":"Portrait d'exposant - Les artistes de nature\/Le p\u00e8re Jean - Bien-\u00eatre Marseille","og_description":"Pr\u00e9sentez-vous en quelques mots : Depuis vingt ans maintenant, mon fr\u00e8re et moi parcourons les salons et les foires bio de France et d\u2019Europe sur les traces de notre p\u00e8re, \u00ab Le P\u00e8re Jean \u00bb, dans la grande lign\u00e9e des herboristes. Cet amoureux de la nature a remis \u00e0 l\u2019honneur la racine de tamier qui&hellip;","og_url":"https:\/\/www.salon-medecinedouce.com\/marseille\/blog\/2020\/02\/21\/portrait-dexposant-les-artistes-de-la-nature-le-pere-jean\/","og_site_name":"Bien-\u00eatre Marseille","article_published_time":"2020-02-21T14:18:08+00:00","article_modified_time":"2021-11-04T11:51:51+00:00","og_image":[{"width":500,"height":500,"url":"https:\/\/www.salon-medecinedouce.com\/marseille\/wp-content\/uploads\/sites\/16\/2020\/02\/PHOTO-LE-PERE-JEAN-web.jpg","type":"image\/jpeg"}],"author":"admin","twitter_card":"summary_large_image","twitter_misc":{"\u00c9crit par":"admin","Dur\u00e9e de lecture estim\u00e9e":"2 minutes"},"schema":{"@context":"https:\/\/schema.org","@graph":[{"@type":"Article","@id":"https:\/\/www.salon-medecinedouce.com\/marseille\/blog\/2020\/02\/21\/portrait-dexposant-les-artistes-de-la-nature-le-pere-jean\/#article","isPartOf":{"@id":"https:\/\/www.salon-medecinedouce.com\/marseille\/blog\/2020\/02\/21\/portrait-dexposant-les-artistes-de-la-nature-le-pere-jean\/"},"author":{"name":"admin","@id":"https:\/\/www.salon-medecinedouce.com\/marseille\/#\/schema\/person\/fd603f85622bcbb2a2feb7394bd42eb3"},"headline":"Portrait d&rsquo;exposant &#8211; Les artistes de nature\/Le p\u00e8re Jean","datePublished":"2020-02-21T14:18:08+00:00","dateModified":"2021-11-04T11:51:51+00:00","mainEntityOfPage":{"@id":"https:\/\/www.salon-medecinedouce.com\/marseille\/blog\/2020\/02\/21\/portrait-dexposant-les-artistes-de-la-nature-le-pere-jean\/"},"wordCount":333,"publisher":{"@id":"https:\/\/www.salon-medecinedouce.com\/marseille\/#organization"},"image":{"@id":"https:\/\/www.salon-medecinedouce.com\/marseille\/blog\/2020\/02\/21\/portrait-dexposant-les-artistes-de-la-nature-le-pere-jean\/#primaryimage"},"thumbnailUrl":"https:\/\/www.salon-medecinedouce.com\/marseille\/wp-content\/uploads\/sites\/16\/2020\/02\/PHOTO-LE-PERE-JEAN-web.jpg","inLanguage":"fr-FR"},{"@type":"WebPage","@id":"https:\/\/www.salon-medecinedouce.com\/marseille\/blog\/2020\/02\/21\/portrait-dexposant-les-artistes-de-la-nature-le-pere-jean\/","url":"https:\/\/www.salon-medecinedouce.com\/marseille\/blog\/2020\/02\/21\/portrait-dexposant-les-artistes-de-la-nature-le-pere-jean\/","name":"Portrait d'exposant - Les artistes de nature\/Le p\u00e8re Jean - Bien-\u00eatre Marseille","isPartOf":{"@id":"https:\/\/www.salon-medecinedouce.com\/marseille\/#website"},"primaryImageOfPage":{"@id":"https:\/\/www.salon-medecinedouce.com\/marseille\/blog\/2020\/02\/21\/portrait-dexposant-les-artistes-de-la-nature-le-pere-jean\/#primaryimage"},"image":{"@id":"https:\/\/www.salon-medecinedouce.com\/marseille\/blog\/2020\/02\/21\/portrait-dexposant-les-artistes-de-la-nature-le-pere-jean\/#primaryimage"},"thumbnailUrl":"https:\/\/www.salon-medecinedouce.com\/marseille\/wp-content\/uploads\/sites\/16\/2020\/02\/PHOTO-LE-PERE-JEAN-web.jpg","datePublished":"2020-02-21T14:18:08+00:00","dateModified":"2021-11-04T11:51:51+00:00","breadcrumb":{"@id":"https:\/\/www.salon-medecinedouce.com\/marseille\/blog\/2020\/02\/21\/portrait-dexposant-les-artistes-de-la-nature-le-pere-jean\/#breadcrumb"},"inLanguage":"fr-FR","potentialAction":[{"@type":"ReadAction","target":["https:\/\/www.salon-medecinedouce.com\/marseille\/blog\/2020\/02\/21\/portrait-dexposant-les-artistes-de-la-nature-le-pere-jean\/"]}]},{"@type":"ImageObject","inLanguage":"fr-FR","@id":"https:\/\/www.salon-medecinedouce.com\/marseille\/blog\/2020\/02\/21\/portrait-dexposant-les-artistes-de-la-nature-le-pere-jean\/#primaryimage","url":"https:\/\/www.salon-medecinedouce.com\/marseille\/wp-content\/uploads\/sites\/16\/2020\/02\/PHOTO-LE-PERE-JEAN-web.jpg","contentUrl":"https:\/\/www.salon-medecinedouce.com\/marseille\/wp-content\/uploads\/sites\/16\/2020\/02\/PHOTO-LE-PERE-JEAN-web.jpg","width":500,"height":500},{"@type":"BreadcrumbList","@id":"https:\/\/www.salon-medecinedouce.com\/marseille\/blog\/2020\/02\/21\/portrait-dexposant-les-artistes-de-la-nature-le-pere-jean\/#breadcrumb","itemListElement":[{"@type":"ListItem","position":1,"name":"Accueil","item":"https:\/\/www.salon-medecinedouce.com\/marseille\/"},{"@type":"ListItem","position":2,"name":"Portrait d&rsquo;exposant &#8211; Les artistes de nature\/Le p\u00e8re Jean"}]},{"@type":"WebSite","@id":"https:\/\/www.salon-medecinedouce.com\/marseille\/#website","url":"https:\/\/www.salon-medecinedouce.com\/marseille\/","name":"Bien-\u00eatre Marseille","description":"La sant\u00e9 au naturel : M\u00e9decines douces - Compl\u00e9ments alimentaires - Alimentation saine - Cosm\u00e9tiques naturelles - Art de vivre - Tourisme de sant\u00e9","publisher":{"@id":"https:\/\/www.salon-medecinedouce.com\/marseille\/#organization"},"potentialAction":[{"@type":"SearchAction","target":{"@type":"EntryPoint","urlTemplate":"https:\/\/www.salon-medecinedouce.com\/marseille\/?s={search_term_string}"},"query-input":{"@type":"PropertyValueSpecification","valueRequired":true,"valueName":"search_term_string"}}],"inLanguage":"fr-FR"},{"@type":"Organization","@id":"https:\/\/www.salon-medecinedouce.com\/marseille\/#organization","name":"Bien-\u00eatre Marseille","url":"https:\/\/www.salon-medecinedouce.com\/marseille\/","logo":{"@type":"ImageObject","inLanguage":"fr-FR","@id":"https:\/\/www.salon-medecinedouce.com\/marseille\/#\/schema\/logo\/image\/","url":"https:\/\/www.salon-medecinedouce.com\/marseille\/wp-content\/uploads\/sites\/16\/2023\/10\/logo-BEMD.png","contentUrl":"https:\/\/www.salon-medecinedouce.com\/marseille\/wp-content\/uploads\/sites\/16\/2023\/10\/logo-BEMD.png","width":199,"height":184,"caption":"Bien-\u00eatre Marseille"},"image":{"@id":"https:\/\/www.salon-medecinedouce.com\/marseille\/#\/schema\/logo\/image\/"}},{"@type":"Person","@id":"https:\/\/www.salon-medecinedouce.com\/marseille\/#\/schema\/person\/fd603f85622bcbb2a2feb7394bd42eb3","name":"admin","image":{"@type":"ImageObject","inLanguage":"fr-FR","@id":"https:\/\/secure.gravatar.com\/avatar\/bdec238283f0ae74f0c0dc844c4dddd9689b95e8e5f6c5a8ee96dea3cf51061e?s=96&d=mm&r=g","url":"https:\/\/secure.gravatar.com\/avatar\/bdec238283f0ae74f0c0dc844c4dddd9689b95e8e5f6c5a8ee96dea3cf51061e?s=96&d=mm&r=g","contentUrl":"https:\/\/secure.gravatar.com\/avatar\/bdec238283f0ae74f0c0dc844c4dddd9689b95e8e5f6c5a8ee96dea3cf51061e?s=96&d=mm&r=g","caption":"admin"},"url":"https:\/\/www.salon-medecinedouce.com\/marseille\/blog\/author\/admin\/"}]}},"rttpg_featured_image_url":{"full":["https:\/\/www.salon-medecinedouce.com\/marseille\/wp-content\/uploads\/sites\/16\/2020\/02\/PHOTO-LE-PERE-JEAN-web.jpg",500,500,false],"landscape":["https:\/\/www.salon-medecinedouce.com\/marseille\/wp-content\/uploads\/sites\/16\/2020\/02\/PHOTO-LE-PERE-JEAN-web.jpg",500,500,false],"portraits":["https:\/\/www.salon-medecinedouce.com\/marseille\/wp-content\/uploads\/sites\/16\/2020\/02\/PHOTO-LE-PERE-JEAN-web.jpg",500,500,false],"thumbnail":["https:\/\/www.salon-medecinedouce.com\/marseille\/wp-content\/uploads\/sites\/16\/2020\/02\/PHOTO-LE-PERE-JEAN-web-150x150.jpg",150,150,true],"medium":["https:\/\/www.salon-medecinedouce.com\/marseille\/wp-content\/uploads\/sites\/16\/2020\/02\/PHOTO-LE-PERE-JEAN-web-300x300.jpg",300,300,true],"large":["https:\/\/www.salon-medecinedouce.com\/marseille\/wp-content\/uploads\/sites\/16\/2020\/02\/PHOTO-LE-PERE-JEAN-web.jpg",500,500,false],"1536x1536":["https:\/\/www.salon-medecinedouce.com\/marseille\/wp-content\/uploads\/sites\/16\/2020\/02\/PHOTO-LE-PERE-JEAN-web.jpg",500,500,false],"2048x2048":["https:\/\/www.salon-medecinedouce.com\/marseille\/wp-content\/uploads\/sites\/16\/2020\/02\/PHOTO-LE-PERE-JEAN-web.jpg",500,500,false],"gg_gallery_thumbnail":["https:\/\/www.salon-medecinedouce.com\/marseille\/wp-content\/uploads\/sites\/16\/2020\/02\/PHOTO-LE-PERE-JEAN-web-450x250.jpg",450,250,true],"rpwe-thumbnail":["https:\/\/www.salon-medecinedouce.com\/marseille\/wp-content\/uploads\/sites\/16\/2020\/02\/PHOTO-LE-PERE-JEAN-web-45x45.jpg",45,45,true]},"rttpg_author":{"display_name":"admin","author_link":"https:\/\/www.salon-medecinedouce.com\/marseille\/blog\/author\/admin\/"},"rttpg_comment":0,"rttpg_category":"<a href=\"https:\/\/www.salon-medecinedouce.com\/marseille\/blog\/category\/non-classe\/\" rel=\"category tag\">Non class\u00e9<\/a>","rttpg_excerpt":"Pr\u00e9sentez-vous en quelques mots : Depuis vingt ans maintenant, mon fr\u00e8re et moi parcourons les salons et les foires bio de France et d\u2019Europe sur les traces de notre p\u00e8re, \u00ab Le P\u00e8re Jean \u00bb, dans la grande lign\u00e9e des herboristes. Cet amoureux de la nature a remis \u00e0 l\u2019honneur la racine de tamier qui&hellip;","_links":{"self":[{"href":"https:\/\/www.salon-medecinedouce.com\/marseille\/wp-json\/wp\/v2\/posts\/9473","targetHints":{"allow":["GET"]}}],"collection":[{"href":"https:\/\/www.salon-medecinedouce.com\/marseille\/wp-json\/wp\/v2\/posts"}],"about":[{"href":"https:\/\/www.salon-medecinedouce.com\/marseille\/wp-json\/wp\/v2\/types\/post"}],"author":[{"embeddable":true,"href":"https:\/\/www.salon-medecinedouce.com\/marseille\/wp-json\/wp\/v2\/users\/1"}],"replies":[{"embeddable":true,"href":"https:\/\/www.salon-medecinedouce.com\/marseille\/wp-json\/wp\/v2\/comments?post=9473"}],"version-history":[{"count":3,"href":"https:\/\/www.salon-medecinedouce.com\/marseille\/wp-json\/wp\/v2\/posts\/9473\/revisions"}],"predecessor-version":[{"id":10064,"href":"https:\/\/www.salon-medecinedouce.com\/marseille\/wp-json\/wp\/v2\/posts\/9473\/revisions\/10064"}],"wp:featuredmedia":[{"embeddable":true,"href":"https:\/\/www.salon-medecinedouce.com\/marseille\/wp-json\/wp\/v2\/media\/9504"}],"wp:attachment":[{"href":"https:\/\/www.salon-medecinedouce.com\/marseille\/wp-json\/wp\/v2\/media?parent=9473"}],"wp:term":[{"taxonomy":"category","embeddable":true,"href":"https:\/\/www.salon-medecinedouce.com\/marseille\/wp-json\/wp\/v2\/categories?post=9473"},{"taxonomy":"post_tag","embeddable":true,"href":"https:\/\/www.salon-medecinedouce.com\/marseille\/wp-json\/wp\/v2\/tags?post=9473"}],"curies":[{"name":"wp","href":"https:\/\/api.w.org\/{rel}","templated":true}]}}