{"id":9638,"date":"2021-11-16T09:53:49","date_gmt":"2021-11-16T08:53:49","guid":{"rendered":"https:\/\/www.salon-medecinedouce.com\/lyon\/?p=9638"},"modified":"2021-11-16T10:59:29","modified_gmt":"2021-11-16T09:59:29","slug":"portrait-exposant-2022-bracelet-de-vie-by-sev","status":"publish","type":"post","link":"https:\/\/www.salon-medecinedouce.com\/lyon\/portrait-exposant-2022-bracelet-de-vie-by-sev\/","title":{"rendered":"Portrait exposant 2022 : Bracelet De Vie By Sev"},"content":{"rendered":"<h2>Pr\u00e9sentez-vous en quelques mots<\/h2>\n<p>L&rsquo;exposant Bracelet De Vie by Sev est une auto-entreprise artisanale situ\u00e9e au pays des Nougats, \u00e0 c\u00f4t\u00e9 de Mont\u00e9limar.<br \/>\nJe m\u2019appelle S\u00e9verine. Mon d\u00e9funt oncle m&rsquo;a transmis la passion des pierres et des cailloux en m&rsquo;offrant \u00e0 l&rsquo;\u00e2ge de 7 ans ma premi\u00e8re pierre d&rsquo;Am\u00e9thyste. C&rsquo;est lors de mes 40 ans que j&rsquo;ai d\u00e9cid\u00e9 d&rsquo;exercer un m\u00e9tier qui me passionne vraiment.\u00a0 C&rsquo;\u00e9tait une \u00e9vidence pour moi de me tourner vers la lithoth\u00e9rapie, la num\u00e9rologie et la cr\u00e9ation de bijoux.<\/p>\n<p><img decoding=\"async\" class=\"size-medium wp-image-9637 aligncenter\" src=\"https:\/\/www.salon-medecinedouce.com\/lyon\/wp-content\/uploads\/sites\/12\/2021\/11\/bracelet-vie-by-sev-300x157.jpg\" alt=\"Bracelet de vie by sev Exposant bien \u00eatre PARIS\" width=\"300\" height=\"157\" srcset=\"https:\/\/www.salon-medecinedouce.com\/lyon\/wp-content\/uploads\/sites\/12\/2021\/11\/bracelet-vie-by-sev-300x157.jpg 300w, https:\/\/www.salon-medecinedouce.com\/lyon\/wp-content\/uploads\/sites\/12\/2021\/11\/bracelet-vie-by-sev-768x402.jpg 768w, https:\/\/www.salon-medecinedouce.com\/lyon\/wp-content\/uploads\/sites\/12\/2021\/11\/bracelet-vie-by-sev-150x79.jpg 150w, https:\/\/www.salon-medecinedouce.com\/lyon\/wp-content\/uploads\/sites\/12\/2021\/11\/bracelet-vie-by-sev-500x262.jpg 500w, https:\/\/www.salon-medecinedouce.com\/lyon\/wp-content\/uploads\/sites\/12\/2021\/11\/bracelet-vie-by-sev.jpg 960w\" sizes=\"(max-width: 300px) 100vw, 300px\" \/><\/p>\n<p>Pour en savoir plus : <a href=\"https:\/\/www.facebook.com\/braceletdeviebySev\">https:\/\/www.facebook.com\/braceletdeviebySev<\/a>\u00a0 \u00a0\u00a0<\/p>\n<h2>Que proposez-vous sur le salon ? Produits phares ? Des remises sur le stand ? Des Nouveaut\u00e9s ? Ateliers ou conf\u00e9rences ?<\/h2>\n<ul>\n<li>Je propose de cr\u00e9er sur place votre Bracelet Chemin de Vie compos\u00e9 de v\u00e9ritables pierres naturelles. Il s&rsquo;agit d&rsquo;un bracelet personnalis\u00e9 calcul\u00e9 selon votre num\u00e9rologie personnelle. Par la vibration et l&rsquo;\u00e9nergie des pierres qui composent un bracelet Chemin de vie, vos \u00e9motions, vos blocages verront un changement positif, subtile se r\u00e9v\u00e9ler en douceur.<\/li>\n<li>Je propose \u00e9galement des bracelets th\u00e9rapeutiques qui correspondent plus \u00e0 une probl\u00e9matique ponctuelle, des pendentifs, des pierres roul\u00e9es et des pendules de radiesth\u00e9sie.<\/li>\n<\/ul>\n<p><img fetchpriority=\"high\" decoding=\"async\" class=\"size-medium wp-image-9643 aligncenter\" src=\"https:\/\/www.salon-medecinedouce.com\/lyon\/wp-content\/uploads\/sites\/12\/2021\/11\/Sans-titre-300x169.jpg\" alt=\"Portrait exposant Bracelet By Sev\" width=\"300\" height=\"169\" srcset=\"https:\/\/www.salon-medecinedouce.com\/lyon\/wp-content\/uploads\/sites\/12\/2021\/11\/Sans-titre-300x169.jpg 300w, https:\/\/www.salon-medecinedouce.com\/lyon\/wp-content\/uploads\/sites\/12\/2021\/11\/Sans-titre-1024x576.jpg 1024w, https:\/\/www.salon-medecinedouce.com\/lyon\/wp-content\/uploads\/sites\/12\/2021\/11\/Sans-titre-768x432.jpg 768w, https:\/\/www.salon-medecinedouce.com\/lyon\/wp-content\/uploads\/sites\/12\/2021\/11\/Sans-titre-1536x864.jpg 1536w, https:\/\/www.salon-medecinedouce.com\/lyon\/wp-content\/uploads\/sites\/12\/2021\/11\/Sans-titre-150x84.jpg 150w, https:\/\/www.salon-medecinedouce.com\/lyon\/wp-content\/uploads\/sites\/12\/2021\/11\/Sans-titre-500x281.jpg 500w, https:\/\/www.salon-medecinedouce.com\/lyon\/wp-content\/uploads\/sites\/12\/2021\/11\/Sans-titre.jpg 1920w\" sizes=\"(max-width: 300px) 100vw, 300px\" \/><\/p>\n<h2>Parlez-nous du salon Bien-\u00catre M\u00e9decine Douce et de votre relation avec ce salon :<\/h2>\n<p>Cela sera la deuxi\u00e8me participation de l&rsquo;exposant bracelet De Vie By Sev au salon Bien-Etre M\u00e9decine Douce. <br \/>\nJ&rsquo;ai h\u00e2te de retrouver les exposants qui sont tr\u00e8s vari\u00e9s et bien s\u00fbr le public (vous!) car ce sont toujours des \u00e9changes tr\u00e8s int\u00e9ressants et nourrissants.<\/p>\n<h2>Une citation qui vous inspire, une pens\u00e9e positive \u00e0 partager ?<\/h2>\n<p>Le bien-\u00eatre pour moi est un \u00e9tat de pl\u00e9nitude qui doit \u00eatre multiple. Il doit \u00eatre ressenti aussi bien au niveau physique que psychologique. La devise latine \u00ab\u00a0un esprit sain dans un corps sain\u00a0\u00bb r\u00e9sume bien cette notion.<\/p>\n<p><a href=\"https:\/\/www.salon-medecinedouce.com\/lyon\/visiter\/liste-des-exposants\/\">D\u00e9couvrez la liste des exposants du salon Bien-\u00catre M\u00e9decine Douce Lyon<\/a><\/p>\n<div class=\"salon-pubs-hp-bas-de-page salon-entity-placement\" id=\"salon-3965290042\"><div id=\"salon-853874750\"><a data-no-instant=\"1\" href=\"https:\/\/www.adntv.fr\/home?request_origin=tv_app\" rel=\"noopener\" class=\"a2t-link\" target=\"_blank\"><p><a href=\"https:\/\/www.adntv.fr\/home?request_origin=tv_app\"><img decoding=\"async\" class=\"wp-image-15075  aligncenter\" src=\"https:\/\/www.salon-medecinedouce.com\/lyon\/wp-content\/uploads\/sites\/12\/2021\/12\/ADNTV_BANNIERE_.jpg\" alt=\"\" width=\"515\" height=\"196\" srcset=\"https:\/\/www.salon-medecinedouce.com\/lyon\/wp-content\/uploads\/sites\/12\/2021\/12\/ADNTV_BANNIERE_.jpg 820w, https:\/\/www.salon-medecinedouce.com\/lyon\/wp-content\/uploads\/sites\/12\/2021\/12\/ADNTV_BANNIERE_-300x114.jpg 300w, https:\/\/www.salon-medecinedouce.com\/lyon\/wp-content\/uploads\/sites\/12\/2021\/12\/ADNTV_BANNIERE_-768x292.jpg 768w, https:\/\/www.salon-medecinedouce.com\/lyon\/wp-content\/uploads\/sites\/12\/2021\/12\/ADNTV_BANNIERE_-150x57.jpg 150w, https:\/\/www.salon-medecinedouce.com\/lyon\/wp-content\/uploads\/sites\/12\/2021\/12\/ADNTV_BANNIERE_-500x190.jpg 500w\" sizes=\"(max-width: 515px) 100vw, 515px\" \/><\/a><\/p>\n<\/a><\/div><\/div>","protected":false},"excerpt":{"rendered":"<p>Pr\u00e9sentez-vous en quelques mots L&rsquo;exposant Bracelet De Vie by Sev est une auto-entreprise artisanale situ\u00e9e au pays des Nougats, \u00e0 c\u00f4t\u00e9 de Mont\u00e9limar. Je m\u2019appelle S\u00e9verine. Mon d\u00e9funt oncle m&rsquo;a transmis la passion des pierres et des cailloux en m&rsquo;offrant \u00e0 l&rsquo;\u00e2ge de 7 ans ma premi\u00e8re pierre d&rsquo;Am\u00e9thyste. C&rsquo;est lors de mes 40 ans&hellip; <\/p>\n","protected":false},"author":6,"featured_media":9635,"comment_status":"closed","ping_status":"closed","sticky":false,"template":"","format":"standard","meta":{"_monsterinsights_skip_tracking":false,"_monsterinsights_sitenote_active":false,"_monsterinsights_sitenote_note":"","_monsterinsights_sitenote_category":0,"footnotes":""},"categories":[1],"tags":[],"class_list":["post-9638","post","type-post","status-publish","format-standard","has-post-thumbnail","hentry","category-actualites"],"yoast_head":"<!-- This site is optimized with the Yoast SEO plugin v27.3 - https:\/\/yoast.com\/product\/yoast-seo-wordpress\/ -->\n<title>Portrait exposant 2022 : Bracelet De Vie By Sev - Bien-\u00eatre Lyon<\/title>\n<meta name=\"description\" content=\"D\u00e9couvrez l&#039;exposant Bracelet De Vie By Sev qui personnalise votre bracelet selon vos besoins et vos requ\u00eates.\" \/>\n<meta name=\"robots\" content=\"index, follow, max-snippet:-1, max-image-preview:large, max-video-preview:-1\" \/>\n<link rel=\"canonical\" href=\"https:\/\/www.salon-medecinedouce.com\/lyon\/portrait-exposant-2022-bracelet-de-vie-by-sev\/\" \/>\n<meta property=\"og:locale\" content=\"fr_FR\" \/>\n<meta property=\"og:type\" content=\"article\" \/>\n<meta property=\"og:title\" content=\"Portrait exposant 2022 : Bracelet De Vie By Sev - Bien-\u00eatre Lyon\" \/>\n<meta property=\"og:description\" content=\"D\u00e9couvrez l&#039;exposant Bracelet De Vie By Sev qui personnalise votre bracelet selon vos besoins et vos requ\u00eates.\" \/>\n<meta property=\"og:url\" content=\"https:\/\/www.salon-medecinedouce.com\/lyon\/portrait-exposant-2022-bracelet-de-vie-by-sev\/\" \/>\n<meta property=\"og:site_name\" content=\"Bien-\u00eatre Lyon\" \/>\n<meta property=\"article:published_time\" content=\"2021-11-16T08:53:49+00:00\" \/>\n<meta property=\"article:modified_time\" content=\"2021-11-16T09:59:29+00:00\" \/>\n<meta property=\"og:image\" content=\"https:\/\/www.salon-medecinedouce.com\/lyon\/wp-content\/uploads\/sites\/12\/2021\/11\/bracelet-de-vie-by-s.jpeg\" \/>\n\t<meta property=\"og:image:width\" content=\"1440\" \/>\n\t<meta property=\"og:image:height\" content=\"1440\" \/>\n\t<meta property=\"og:image:type\" content=\"image\/jpeg\" \/>\n<meta name=\"author\" content=\"communication\" \/>\n<meta name=\"twitter:card\" content=\"summary_large_image\" \/>\n<meta name=\"twitter:label1\" content=\"\u00c9crit par\" \/>\n\t<meta name=\"twitter:data1\" content=\"communication\" \/>\n\t<meta name=\"twitter:label2\" content=\"Dur\u00e9e de lecture estim\u00e9e\" \/>\n\t<meta name=\"twitter:data2\" content=\"2 minutes\" \/>\n<script type=\"application\/ld+json\" class=\"yoast-schema-graph\">{\"@context\":\"https:\\\/\\\/schema.org\",\"@graph\":[{\"@type\":\"Article\",\"@id\":\"https:\\\/\\\/www.salon-medecinedouce.com\\\/lyon\\\/portrait-exposant-2022-bracelet-de-vie-by-sev\\\/#article\",\"isPartOf\":{\"@id\":\"https:\\\/\\\/www.salon-medecinedouce.com\\\/lyon\\\/portrait-exposant-2022-bracelet-de-vie-by-sev\\\/\"},\"author\":{\"name\":\"communication\",\"@id\":\"https:\\\/\\\/www.salon-medecinedouce.com\\\/lyon\\\/#\\\/schema\\\/person\\\/ae137e79c551ab78ea22fb35759cb9f8\"},\"headline\":\"Portrait exposant 2022 : Bracelet De Vie By Sev\",\"datePublished\":\"2021-11-16T08:53:49+00:00\",\"dateModified\":\"2021-11-16T09:59:29+00:00\",\"mainEntityOfPage\":{\"@id\":\"https:\\\/\\\/www.salon-medecinedouce.com\\\/lyon\\\/portrait-exposant-2022-bracelet-de-vie-by-sev\\\/\"},\"wordCount\":346,\"publisher\":{\"@id\":\"https:\\\/\\\/www.salon-medecinedouce.com\\\/lyon\\\/#organization\"},\"image\":{\"@id\":\"https:\\\/\\\/www.salon-medecinedouce.com\\\/lyon\\\/portrait-exposant-2022-bracelet-de-vie-by-sev\\\/#primaryimage\"},\"thumbnailUrl\":\"https:\\\/\\\/www.salon-medecinedouce.com\\\/lyon\\\/wp-content\\\/uploads\\\/sites\\\/12\\\/2021\\\/11\\\/bracelet-de-vie-by-s.jpeg\",\"articleSection\":[\"Actualit\u00e9s\"],\"inLanguage\":\"fr-FR\"},{\"@type\":\"WebPage\",\"@id\":\"https:\\\/\\\/www.salon-medecinedouce.com\\\/lyon\\\/portrait-exposant-2022-bracelet-de-vie-by-sev\\\/\",\"url\":\"https:\\\/\\\/www.salon-medecinedouce.com\\\/lyon\\\/portrait-exposant-2022-bracelet-de-vie-by-sev\\\/\",\"name\":\"Portrait exposant 2022 : Bracelet De Vie By Sev - Bien-\u00eatre Lyon\",\"isPartOf\":{\"@id\":\"https:\\\/\\\/www.salon-medecinedouce.com\\\/lyon\\\/#website\"},\"primaryImageOfPage\":{\"@id\":\"https:\\\/\\\/www.salon-medecinedouce.com\\\/lyon\\\/portrait-exposant-2022-bracelet-de-vie-by-sev\\\/#primaryimage\"},\"image\":{\"@id\":\"https:\\\/\\\/www.salon-medecinedouce.com\\\/lyon\\\/portrait-exposant-2022-bracelet-de-vie-by-sev\\\/#primaryimage\"},\"thumbnailUrl\":\"https:\\\/\\\/www.salon-medecinedouce.com\\\/lyon\\\/wp-content\\\/uploads\\\/sites\\\/12\\\/2021\\\/11\\\/bracelet-de-vie-by-s.jpeg\",\"datePublished\":\"2021-11-16T08:53:49+00:00\",\"dateModified\":\"2021-11-16T09:59:29+00:00\",\"description\":\"D\u00e9couvrez l'exposant Bracelet De Vie By Sev qui personnalise votre bracelet selon vos besoins et vos requ\u00eates.\",\"breadcrumb\":{\"@id\":\"https:\\\/\\\/www.salon-medecinedouce.com\\\/lyon\\\/portrait-exposant-2022-bracelet-de-vie-by-sev\\\/#breadcrumb\"},\"inLanguage\":\"fr-FR\",\"potentialAction\":[{\"@type\":\"ReadAction\",\"target\":[\"https:\\\/\\\/www.salon-medecinedouce.com\\\/lyon\\\/portrait-exposant-2022-bracelet-de-vie-by-sev\\\/\"]}]},{\"@type\":\"ImageObject\",\"inLanguage\":\"fr-FR\",\"@id\":\"https:\\\/\\\/www.salon-medecinedouce.com\\\/lyon\\\/portrait-exposant-2022-bracelet-de-vie-by-sev\\\/#primaryimage\",\"url\":\"https:\\\/\\\/www.salon-medecinedouce.com\\\/lyon\\\/wp-content\\\/uploads\\\/sites\\\/12\\\/2021\\\/11\\\/bracelet-de-vie-by-s.jpeg\",\"contentUrl\":\"https:\\\/\\\/www.salon-medecinedouce.com\\\/lyon\\\/wp-content\\\/uploads\\\/sites\\\/12\\\/2021\\\/11\\\/bracelet-de-vie-by-s.jpeg\",\"width\":1440,\"height\":1440,\"caption\":\"Image de mise en avant de Bracelet de vie by sev\"},{\"@type\":\"BreadcrumbList\",\"@id\":\"https:\\\/\\\/www.salon-medecinedouce.com\\\/lyon\\\/portrait-exposant-2022-bracelet-de-vie-by-sev\\\/#breadcrumb\",\"itemListElement\":[{\"@type\":\"ListItem\",\"position\":1,\"name\":\"Accueil\",\"item\":\"https:\\\/\\\/www.salon-medecinedouce.com\\\/lyon\\\/\"},{\"@type\":\"ListItem\",\"position\":2,\"name\":\"Portrait exposant 2022 : Bracelet De Vie By Sev\"}]},{\"@type\":\"WebSite\",\"@id\":\"https:\\\/\\\/www.salon-medecinedouce.com\\\/lyon\\\/#website\",\"url\":\"https:\\\/\\\/www.salon-medecinedouce.com\\\/lyon\\\/\",\"name\":\"Bien-\u00eatre Lyon\",\"description\":\"La sant\u00e9 au naturel : M\u00e9decines douces - Compl\u00e9ments alimentaires - Alimentation saine - Cosm\u00e9tiques naturelles - Art de vivre - Tourisme de sant\u00e9\",\"publisher\":{\"@id\":\"https:\\\/\\\/www.salon-medecinedouce.com\\\/lyon\\\/#organization\"},\"potentialAction\":[{\"@type\":\"SearchAction\",\"target\":{\"@type\":\"EntryPoint\",\"urlTemplate\":\"https:\\\/\\\/www.salon-medecinedouce.com\\\/lyon\\\/?s={search_term_string}\"},\"query-input\":{\"@type\":\"PropertyValueSpecification\",\"valueRequired\":true,\"valueName\":\"search_term_string\"}}],\"inLanguage\":\"fr-FR\"},{\"@type\":\"Organization\",\"@id\":\"https:\\\/\\\/www.salon-medecinedouce.com\\\/lyon\\\/#organization\",\"name\":\"Bien-\u00eatre Lyon\",\"url\":\"https:\\\/\\\/www.salon-medecinedouce.com\\\/lyon\\\/\",\"logo\":{\"@type\":\"ImageObject\",\"inLanguage\":\"fr-FR\",\"@id\":\"https:\\\/\\\/www.salon-medecinedouce.com\\\/lyon\\\/#\\\/schema\\\/logo\\\/image\\\/\",\"url\":\"https:\\\/\\\/www.salon-medecinedouce.com\\\/lyon\\\/wp-content\\\/uploads\\\/sites\\\/12\\\/2024\\\/05\\\/cropped-logo-orange-bemd.png\",\"contentUrl\":\"https:\\\/\\\/www.salon-medecinedouce.com\\\/lyon\\\/wp-content\\\/uploads\\\/sites\\\/12\\\/2024\\\/05\\\/cropped-logo-orange-bemd.png\",\"width\":591,\"height\":591,\"caption\":\"Bien-\u00eatre Lyon\"},\"image\":{\"@id\":\"https:\\\/\\\/www.salon-medecinedouce.com\\\/lyon\\\/#\\\/schema\\\/logo\\\/image\\\/\"}},{\"@type\":\"Person\",\"@id\":\"https:\\\/\\\/www.salon-medecinedouce.com\\\/lyon\\\/#\\\/schema\\\/person\\\/ae137e79c551ab78ea22fb35759cb9f8\",\"name\":\"communication\",\"image\":{\"@type\":\"ImageObject\",\"inLanguage\":\"fr-FR\",\"@id\":\"https:\\\/\\\/secure.gravatar.com\\\/avatar\\\/0f49d5b7ab56355ffa797b3ce25e4f2375cedf6bc9afe416fe669342c3524275?s=96&d=mm&r=g\",\"url\":\"https:\\\/\\\/secure.gravatar.com\\\/avatar\\\/0f49d5b7ab56355ffa797b3ce25e4f2375cedf6bc9afe416fe669342c3524275?s=96&d=mm&r=g\",\"contentUrl\":\"https:\\\/\\\/secure.gravatar.com\\\/avatar\\\/0f49d5b7ab56355ffa797b3ce25e4f2375cedf6bc9afe416fe669342c3524275?s=96&d=mm&r=g\",\"caption\":\"communication\"},\"url\":\"https:\\\/\\\/www.salon-medecinedouce.com\\\/lyon\\\/author\\\/communication\\\/\"}]}<\/script>\n<!-- \/ Yoast SEO plugin. -->","yoast_head_json":{"title":"Portrait exposant 2022 : Bracelet De Vie By Sev - Bien-\u00eatre Lyon","description":"D\u00e9couvrez l'exposant Bracelet De Vie By Sev qui personnalise votre bracelet selon vos besoins et vos requ\u00eates.","robots":{"index":"index","follow":"follow","max-snippet":"max-snippet:-1","max-image-preview":"max-image-preview:large","max-video-preview":"max-video-preview:-1"},"canonical":"https:\/\/www.salon-medecinedouce.com\/lyon\/portrait-exposant-2022-bracelet-de-vie-by-sev\/","og_locale":"fr_FR","og_type":"article","og_title":"Portrait exposant 2022 : Bracelet De Vie By Sev - Bien-\u00eatre Lyon","og_description":"D\u00e9couvrez l'exposant Bracelet De Vie By Sev qui personnalise votre bracelet selon vos besoins et vos requ\u00eates.","og_url":"https:\/\/www.salon-medecinedouce.com\/lyon\/portrait-exposant-2022-bracelet-de-vie-by-sev\/","og_site_name":"Bien-\u00eatre Lyon","article_published_time":"2021-11-16T08:53:49+00:00","article_modified_time":"2021-11-16T09:59:29+00:00","og_image":[{"width":1440,"height":1440,"url":"https:\/\/www.salon-medecinedouce.com\/lyon\/wp-content\/uploads\/sites\/12\/2021\/11\/bracelet-de-vie-by-s.jpeg","type":"image\/jpeg"}],"author":"communication","twitter_card":"summary_large_image","twitter_misc":{"\u00c9crit par":"communication","Dur\u00e9e de lecture estim\u00e9e":"2 minutes"},"schema":{"@context":"https:\/\/schema.org","@graph":[{"@type":"Article","@id":"https:\/\/www.salon-medecinedouce.com\/lyon\/portrait-exposant-2022-bracelet-de-vie-by-sev\/#article","isPartOf":{"@id":"https:\/\/www.salon-medecinedouce.com\/lyon\/portrait-exposant-2022-bracelet-de-vie-by-sev\/"},"author":{"name":"communication","@id":"https:\/\/www.salon-medecinedouce.com\/lyon\/#\/schema\/person\/ae137e79c551ab78ea22fb35759cb9f8"},"headline":"Portrait exposant 2022 : Bracelet De Vie By Sev","datePublished":"2021-11-16T08:53:49+00:00","dateModified":"2021-11-16T09:59:29+00:00","mainEntityOfPage":{"@id":"https:\/\/www.salon-medecinedouce.com\/lyon\/portrait-exposant-2022-bracelet-de-vie-by-sev\/"},"wordCount":346,"publisher":{"@id":"https:\/\/www.salon-medecinedouce.com\/lyon\/#organization"},"image":{"@id":"https:\/\/www.salon-medecinedouce.com\/lyon\/portrait-exposant-2022-bracelet-de-vie-by-sev\/#primaryimage"},"thumbnailUrl":"https:\/\/www.salon-medecinedouce.com\/lyon\/wp-content\/uploads\/sites\/12\/2021\/11\/bracelet-de-vie-by-s.jpeg","articleSection":["Actualit\u00e9s"],"inLanguage":"fr-FR"},{"@type":"WebPage","@id":"https:\/\/www.salon-medecinedouce.com\/lyon\/portrait-exposant-2022-bracelet-de-vie-by-sev\/","url":"https:\/\/www.salon-medecinedouce.com\/lyon\/portrait-exposant-2022-bracelet-de-vie-by-sev\/","name":"Portrait exposant 2022 : Bracelet De Vie By Sev - Bien-\u00eatre Lyon","isPartOf":{"@id":"https:\/\/www.salon-medecinedouce.com\/lyon\/#website"},"primaryImageOfPage":{"@id":"https:\/\/www.salon-medecinedouce.com\/lyon\/portrait-exposant-2022-bracelet-de-vie-by-sev\/#primaryimage"},"image":{"@id":"https:\/\/www.salon-medecinedouce.com\/lyon\/portrait-exposant-2022-bracelet-de-vie-by-sev\/#primaryimage"},"thumbnailUrl":"https:\/\/www.salon-medecinedouce.com\/lyon\/wp-content\/uploads\/sites\/12\/2021\/11\/bracelet-de-vie-by-s.jpeg","datePublished":"2021-11-16T08:53:49+00:00","dateModified":"2021-11-16T09:59:29+00:00","description":"D\u00e9couvrez l'exposant Bracelet De Vie By Sev qui personnalise votre bracelet selon vos besoins et vos requ\u00eates.","breadcrumb":{"@id":"https:\/\/www.salon-medecinedouce.com\/lyon\/portrait-exposant-2022-bracelet-de-vie-by-sev\/#breadcrumb"},"inLanguage":"fr-FR","potentialAction":[{"@type":"ReadAction","target":["https:\/\/www.salon-medecinedouce.com\/lyon\/portrait-exposant-2022-bracelet-de-vie-by-sev\/"]}]},{"@type":"ImageObject","inLanguage":"fr-FR","@id":"https:\/\/www.salon-medecinedouce.com\/lyon\/portrait-exposant-2022-bracelet-de-vie-by-sev\/#primaryimage","url":"https:\/\/www.salon-medecinedouce.com\/lyon\/wp-content\/uploads\/sites\/12\/2021\/11\/bracelet-de-vie-by-s.jpeg","contentUrl":"https:\/\/www.salon-medecinedouce.com\/lyon\/wp-content\/uploads\/sites\/12\/2021\/11\/bracelet-de-vie-by-s.jpeg","width":1440,"height":1440,"caption":"Image de mise en avant de Bracelet de vie by sev"},{"@type":"BreadcrumbList","@id":"https:\/\/www.salon-medecinedouce.com\/lyon\/portrait-exposant-2022-bracelet-de-vie-by-sev\/#breadcrumb","itemListElement":[{"@type":"ListItem","position":1,"name":"Accueil","item":"https:\/\/www.salon-medecinedouce.com\/lyon\/"},{"@type":"ListItem","position":2,"name":"Portrait exposant 2022 : Bracelet De Vie By Sev"}]},{"@type":"WebSite","@id":"https:\/\/www.salon-medecinedouce.com\/lyon\/#website","url":"https:\/\/www.salon-medecinedouce.com\/lyon\/","name":"Bien-\u00eatre Lyon","description":"La sant\u00e9 au naturel : M\u00e9decines douces - Compl\u00e9ments alimentaires - Alimentation saine - Cosm\u00e9tiques naturelles - Art de vivre - Tourisme de sant\u00e9","publisher":{"@id":"https:\/\/www.salon-medecinedouce.com\/lyon\/#organization"},"potentialAction":[{"@type":"SearchAction","target":{"@type":"EntryPoint","urlTemplate":"https:\/\/www.salon-medecinedouce.com\/lyon\/?s={search_term_string}"},"query-input":{"@type":"PropertyValueSpecification","valueRequired":true,"valueName":"search_term_string"}}],"inLanguage":"fr-FR"},{"@type":"Organization","@id":"https:\/\/www.salon-medecinedouce.com\/lyon\/#organization","name":"Bien-\u00eatre Lyon","url":"https:\/\/www.salon-medecinedouce.com\/lyon\/","logo":{"@type":"ImageObject","inLanguage":"fr-FR","@id":"https:\/\/www.salon-medecinedouce.com\/lyon\/#\/schema\/logo\/image\/","url":"https:\/\/www.salon-medecinedouce.com\/lyon\/wp-content\/uploads\/sites\/12\/2024\/05\/cropped-logo-orange-bemd.png","contentUrl":"https:\/\/www.salon-medecinedouce.com\/lyon\/wp-content\/uploads\/sites\/12\/2024\/05\/cropped-logo-orange-bemd.png","width":591,"height":591,"caption":"Bien-\u00eatre Lyon"},"image":{"@id":"https:\/\/www.salon-medecinedouce.com\/lyon\/#\/schema\/logo\/image\/"}},{"@type":"Person","@id":"https:\/\/www.salon-medecinedouce.com\/lyon\/#\/schema\/person\/ae137e79c551ab78ea22fb35759cb9f8","name":"communication","image":{"@type":"ImageObject","inLanguage":"fr-FR","@id":"https:\/\/secure.gravatar.com\/avatar\/0f49d5b7ab56355ffa797b3ce25e4f2375cedf6bc9afe416fe669342c3524275?s=96&d=mm&r=g","url":"https:\/\/secure.gravatar.com\/avatar\/0f49d5b7ab56355ffa797b3ce25e4f2375cedf6bc9afe416fe669342c3524275?s=96&d=mm&r=g","contentUrl":"https:\/\/secure.gravatar.com\/avatar\/0f49d5b7ab56355ffa797b3ce25e4f2375cedf6bc9afe416fe669342c3524275?s=96&d=mm&r=g","caption":"communication"},"url":"https:\/\/www.salon-medecinedouce.com\/lyon\/author\/communication\/"}]}},"rttpg_featured_image_url":{"full":["https:\/\/www.salon-medecinedouce.com\/lyon\/wp-content\/uploads\/sites\/12\/2021\/11\/bracelet-de-vie-by-s.jpeg",1440,1440,false],"landscape":["https:\/\/www.salon-medecinedouce.com\/lyon\/wp-content\/uploads\/sites\/12\/2021\/11\/bracelet-de-vie-by-s.jpeg",1440,1440,false],"portraits":["https:\/\/www.salon-medecinedouce.com\/lyon\/wp-content\/uploads\/sites\/12\/2021\/11\/bracelet-de-vie-by-s.jpeg",1440,1440,false],"thumbnail":["https:\/\/www.salon-medecinedouce.com\/lyon\/wp-content\/uploads\/sites\/12\/2021\/11\/bracelet-de-vie-by-s-150x150.jpeg",150,150,true],"medium":["https:\/\/www.salon-medecinedouce.com\/lyon\/wp-content\/uploads\/sites\/12\/2021\/11\/bracelet-de-vie-by-s-300x300.jpeg",300,300,true],"large":["https:\/\/www.salon-medecinedouce.com\/lyon\/wp-content\/uploads\/sites\/12\/2021\/11\/bracelet-de-vie-by-s-1024x1024.jpeg",790,790,true],"1536x1536":["https:\/\/www.salon-medecinedouce.com\/lyon\/wp-content\/uploads\/sites\/12\/2021\/11\/bracelet-de-vie-by-s.jpeg",1440,1440,false],"2048x2048":["https:\/\/www.salon-medecinedouce.com\/lyon\/wp-content\/uploads\/sites\/12\/2021\/11\/bracelet-de-vie-by-s.jpeg",1440,1440,false],"gg_gallery_thumbnail":["https:\/\/www.salon-medecinedouce.com\/lyon\/wp-content\/uploads\/sites\/12\/2021\/11\/bracelet-de-vie-by-s-450x250.jpeg",450,250,true],"rpwe-thumbnail":["https:\/\/www.salon-medecinedouce.com\/lyon\/wp-content\/uploads\/sites\/12\/2021\/11\/bracelet-de-vie-by-s-45x45.jpeg",45,45,true]},"rttpg_author":{"display_name":"communication","author_link":"https:\/\/www.salon-medecinedouce.com\/lyon\/author\/communication\/"},"rttpg_comment":0,"rttpg_category":"<a href=\"https:\/\/www.salon-medecinedouce.com\/lyon\/category\/actualites\/\" rel=\"category tag\">Actualit\u00e9s<\/a>","rttpg_excerpt":"Pr\u00e9sentez-vous en quelques mots L&rsquo;exposant Bracelet De Vie by Sev est une auto-entreprise artisanale situ\u00e9e au pays des Nougats, \u00e0 c\u00f4t\u00e9 de Mont\u00e9limar. Je m\u2019appelle S\u00e9verine. Mon d\u00e9funt oncle m&rsquo;a transmis la passion des pierres et des cailloux en m&rsquo;offrant \u00e0 l&rsquo;\u00e2ge de 7 ans ma premi\u00e8re pierre d&rsquo;Am\u00e9thyste. C&rsquo;est lors de mes 40 ans&hellip;","_links":{"self":[{"href":"https:\/\/www.salon-medecinedouce.com\/lyon\/wp-json\/wp\/v2\/posts\/9638","targetHints":{"allow":["GET"]}}],"collection":[{"href":"https:\/\/www.salon-medecinedouce.com\/lyon\/wp-json\/wp\/v2\/posts"}],"about":[{"href":"https:\/\/www.salon-medecinedouce.com\/lyon\/wp-json\/wp\/v2\/types\/post"}],"author":[{"embeddable":true,"href":"https:\/\/www.salon-medecinedouce.com\/lyon\/wp-json\/wp\/v2\/users\/6"}],"replies":[{"embeddable":true,"href":"https:\/\/www.salon-medecinedouce.com\/lyon\/wp-json\/wp\/v2\/comments?post=9638"}],"version-history":[{"count":4,"href":"https:\/\/www.salon-medecinedouce.com\/lyon\/wp-json\/wp\/v2\/posts\/9638\/revisions"}],"predecessor-version":[{"id":9644,"href":"https:\/\/www.salon-medecinedouce.com\/lyon\/wp-json\/wp\/v2\/posts\/9638\/revisions\/9644"}],"wp:featuredmedia":[{"embeddable":true,"href":"https:\/\/www.salon-medecinedouce.com\/lyon\/wp-json\/wp\/v2\/media\/9635"}],"wp:attachment":[{"href":"https:\/\/www.salon-medecinedouce.com\/lyon\/wp-json\/wp\/v2\/media?parent=9638"}],"wp:term":[{"taxonomy":"category","embeddable":true,"href":"https:\/\/www.salon-medecinedouce.com\/lyon\/wp-json\/wp\/v2\/categories?post=9638"},{"taxonomy":"post_tag","embeddable":true,"href":"https:\/\/www.salon-medecinedouce.com\/lyon\/wp-json\/wp\/v2\/tags?post=9638"}],"curies":[{"name":"wp","href":"https:\/\/api.w.org\/{rel}","templated":true}]}}