{"id":6946,"date":"2020-02-05T15:30:20","date_gmt":"2020-02-05T14:30:20","guid":{"rendered":"https:\/\/www.salon-medecinedouce.com\/lyon\/?p=6946"},"modified":"2020-02-05T18:15:43","modified_gmt":"2020-02-05T17:15:43","slug":"trouver-la-therapie-et-le-therapeute-qui-vous-correspond","status":"publish","type":"post","link":"https:\/\/www.salon-medecinedouce.com\/lyon\/trouver-la-therapie-et-le-therapeute-qui-vous-correspond\/","title":{"rendered":"Trouver la th\u00e9rapie et le th\u00e9rapeute qui vous correspond"},"content":{"rendered":"<p>Vous souhaitez prendre soin de vous naturellement en vous engageant dans une th\u00e9rapie. Il est alors normal que de nombreuses questions se posent \u00e0 vous : comment s&rsquo;y retrouver parmi les nombreuses th\u00e9rapies possibles, comment choisir son th\u00e9rapeute, quelle est la formation du th\u00e9rapeute, comment va se d\u00e9rouler la th\u00e9rapie, s&rsquo;orienter vers une courte ou une longue th\u00e9rapie, privil\u00e9gier une th\u00e9rapie individuelle ou plut\u00f4t en groupe ? Autant d&rsquo;interrogations qui peuvent vous emp\u00eacher de franchir le pas lorsqu&rsquo;elles restent sans r\u00e9ponse.<\/p>\n<p>Pendant 3 jours sur le salon Bien-\u00catre Lyon des sp\u00e9cialistes vous conseillent, et r\u00e9pondent \u00e0 vos questions pour trouver le meilleur accompagnement. Retrouver nos th\u00e9rapeutes sp\u00e9cialis\u00e9s en :<\/p>\n<ul>\n<li>hypnoth\u00e9rapie<\/li>\n<li>coaching de vie<\/li>\n<li>neuroth\u00e9rapie<\/li>\n<li>technique \u00e9nerg\u00e9tique<\/li>\n<li>naturopathie<\/li>\n<li>&#8230;<\/li>\n<\/ul>\n<p>Pour faciliter les rencontres avec les th\u00e9rapeutes et vous aider dans le choix parmi les diverses th\u00e9rapies existantes, le salon Bien-\u00catre Lyon les a rassembl\u00e9 dans l&rsquo;Espace Rencontre avec les Th\u00e9rapeutes<\/p>\n<p><a href=\"https:\/\/www.salon-medecinedouce.com\/lyon\/programme\/village-sante-et-therapie\">&gt;&gt; Consultez la liste des participants aux Rencontres avec les Th\u00e9rapeutes<\/a><\/p>\n<div class=\"salon-pubs-hp-bas-de-page salon-entity-placement\" id=\"salon-3359217016\"><div id=\"salon-2699670012\"><a data-no-instant=\"1\" href=\"https:\/\/www.naia-kaolin-delphine.fr\/\" rel=\"noopener\" class=\"a2t-link\" target=\"_blank\"><p><a href=\"https:\/\/www.naia-kaolin-delphine.fr\/\"><img fetchpriority=\"high\" decoding=\"async\" class=\"wp-image-15074 size-full aligncenter\" src=\"https:\/\/www.salon-medecinedouce.com\/lyon\/wp-content\/uploads\/sites\/12\/2026\/01\/Naia-Kaolin-salon-LYON-2026.png\" alt=\"\" width=\"728\" height=\"90\" srcset=\"https:\/\/www.salon-medecinedouce.com\/lyon\/wp-content\/uploads\/sites\/12\/2026\/01\/Naia-Kaolin-salon-LYON-2026.png 728w, https:\/\/www.salon-medecinedouce.com\/lyon\/wp-content\/uploads\/sites\/12\/2026\/01\/Naia-Kaolin-salon-LYON-2026-300x37.png 300w, https:\/\/www.salon-medecinedouce.com\/lyon\/wp-content\/uploads\/sites\/12\/2026\/01\/Naia-Kaolin-salon-LYON-2026-150x19.png 150w, https:\/\/www.salon-medecinedouce.com\/lyon\/wp-content\/uploads\/sites\/12\/2026\/01\/Naia-Kaolin-salon-LYON-2026-500x62.png 500w\" sizes=\"(max-width: 728px) 100vw, 728px\" \/><\/a><\/p>\n<\/a><\/div><\/div>","protected":false},"excerpt":{"rendered":"<p>Vous souhaitez prendre soin de vous naturellement en vous engageant dans une th\u00e9rapie. Il est alors normal que de nombreuses questions se posent \u00e0 vous : comment s&rsquo;y retrouver parmi les nombreuses th\u00e9rapies possibles, comment choisir son th\u00e9rapeute, quelle est la formation du th\u00e9rapeute, comment va se d\u00e9rouler la th\u00e9rapie, s&rsquo;orienter vers une courte ou&hellip; <\/p>\n","protected":false},"author":1,"featured_media":6952,"comment_status":"closed","ping_status":"closed","sticky":false,"template":"","format":"standard","meta":{"_monsterinsights_skip_tracking":false,"_monsterinsights_sitenote_active":false,"_monsterinsights_sitenote_note":"","_monsterinsights_sitenote_category":0,"footnotes":""},"categories":[1],"tags":[],"class_list":["post-6946","post","type-post","status-publish","format-standard","has-post-thumbnail","hentry","category-actualites"],"yoast_head":"<!-- This site is optimized with the Yoast SEO plugin v27.3 - https:\/\/yoast.com\/product\/yoast-seo-wordpress\/ -->\n<title>Trouver la th\u00e9rapie et le th\u00e9rapeute qui vous correspond - Bien-\u00eatre Lyon<\/title>\n<meta name=\"robots\" content=\"index, follow, max-snippet:-1, max-image-preview:large, max-video-preview:-1\" \/>\n<link rel=\"canonical\" href=\"https:\/\/www.salon-medecinedouce.com\/lyon\/trouver-la-therapie-et-le-therapeute-qui-vous-correspond\/\" \/>\n<meta property=\"og:locale\" content=\"fr_FR\" \/>\n<meta property=\"og:type\" content=\"article\" \/>\n<meta property=\"og:title\" content=\"Trouver la th\u00e9rapie et le th\u00e9rapeute qui vous correspond - Bien-\u00eatre Lyon\" \/>\n<meta property=\"og:description\" content=\"Vous souhaitez prendre soin de vous naturellement en vous engageant dans une th\u00e9rapie. Il est alors normal que de nombreuses questions se posent \u00e0 vous : comment s&rsquo;y retrouver parmi les nombreuses th\u00e9rapies possibles, comment choisir son th\u00e9rapeute, quelle est la formation du th\u00e9rapeute, comment va se d\u00e9rouler la th\u00e9rapie, s&rsquo;orienter vers une courte ou&hellip;\" \/>\n<meta property=\"og:url\" content=\"https:\/\/www.salon-medecinedouce.com\/lyon\/trouver-la-therapie-et-le-therapeute-qui-vous-correspond\/\" \/>\n<meta property=\"og:site_name\" content=\"Bien-\u00eatre Lyon\" \/>\n<meta property=\"article:published_time\" content=\"2020-02-05T14:30:20+00:00\" \/>\n<meta property=\"article:modified_time\" content=\"2020-02-05T17:15:43+00:00\" \/>\n<meta property=\"og:image\" content=\"https:\/\/www.salon-medecinedouce.com\/lyon\/wp-content\/uploads\/sites\/12\/2019\/04\/fotolia_66780827.jpg\" \/>\n\t<meta property=\"og:image:width\" content=\"500\" \/>\n\t<meta property=\"og:image:height\" content=\"333\" \/>\n\t<meta property=\"og:image:type\" content=\"image\/jpeg\" \/>\n<meta name=\"author\" content=\"admin\" \/>\n<meta name=\"twitter:card\" content=\"summary_large_image\" \/>\n<meta name=\"twitter:label1\" content=\"\u00c9crit par\" \/>\n\t<meta name=\"twitter:data1\" content=\"admin\" \/>\n\t<meta name=\"twitter:label2\" content=\"Dur\u00e9e de lecture estim\u00e9e\" \/>\n\t<meta name=\"twitter:data2\" content=\"1 minute\" \/>\n<script type=\"application\/ld+json\" class=\"yoast-schema-graph\">{\"@context\":\"https:\\\/\\\/schema.org\",\"@graph\":[{\"@type\":\"Article\",\"@id\":\"https:\\\/\\\/www.salon-medecinedouce.com\\\/lyon\\\/trouver-la-therapie-et-le-therapeute-qui-vous-correspond\\\/#article\",\"isPartOf\":{\"@id\":\"https:\\\/\\\/www.salon-medecinedouce.com\\\/lyon\\\/trouver-la-therapie-et-le-therapeute-qui-vous-correspond\\\/\"},\"author\":{\"name\":\"admin\",\"@id\":\"https:\\\/\\\/www.salon-medecinedouce.com\\\/lyon\\\/#\\\/schema\\\/person\\\/fd603f85622bcbb2a2feb7394bd42eb3\"},\"headline\":\"Trouver la th\u00e9rapie et le th\u00e9rapeute qui vous correspond\",\"datePublished\":\"2020-02-05T14:30:20+00:00\",\"dateModified\":\"2020-02-05T17:15:43+00:00\",\"mainEntityOfPage\":{\"@id\":\"https:\\\/\\\/www.salon-medecinedouce.com\\\/lyon\\\/trouver-la-therapie-et-le-therapeute-qui-vous-correspond\\\/\"},\"wordCount\":191,\"publisher\":{\"@id\":\"https:\\\/\\\/www.salon-medecinedouce.com\\\/lyon\\\/#organization\"},\"image\":{\"@id\":\"https:\\\/\\\/www.salon-medecinedouce.com\\\/lyon\\\/trouver-la-therapie-et-le-therapeute-qui-vous-correspond\\\/#primaryimage\"},\"thumbnailUrl\":\"https:\\\/\\\/www.salon-medecinedouce.com\\\/lyon\\\/wp-content\\\/uploads\\\/sites\\\/12\\\/2019\\\/04\\\/fotolia_66780827.jpg\",\"articleSection\":[\"Actualit\u00e9s\"],\"inLanguage\":\"fr-FR\"},{\"@type\":\"WebPage\",\"@id\":\"https:\\\/\\\/www.salon-medecinedouce.com\\\/lyon\\\/trouver-la-therapie-et-le-therapeute-qui-vous-correspond\\\/\",\"url\":\"https:\\\/\\\/www.salon-medecinedouce.com\\\/lyon\\\/trouver-la-therapie-et-le-therapeute-qui-vous-correspond\\\/\",\"name\":\"Trouver la th\u00e9rapie et le th\u00e9rapeute qui vous correspond - Bien-\u00eatre Lyon\",\"isPartOf\":{\"@id\":\"https:\\\/\\\/www.salon-medecinedouce.com\\\/lyon\\\/#website\"},\"primaryImageOfPage\":{\"@id\":\"https:\\\/\\\/www.salon-medecinedouce.com\\\/lyon\\\/trouver-la-therapie-et-le-therapeute-qui-vous-correspond\\\/#primaryimage\"},\"image\":{\"@id\":\"https:\\\/\\\/www.salon-medecinedouce.com\\\/lyon\\\/trouver-la-therapie-et-le-therapeute-qui-vous-correspond\\\/#primaryimage\"},\"thumbnailUrl\":\"https:\\\/\\\/www.salon-medecinedouce.com\\\/lyon\\\/wp-content\\\/uploads\\\/sites\\\/12\\\/2019\\\/04\\\/fotolia_66780827.jpg\",\"datePublished\":\"2020-02-05T14:30:20+00:00\",\"dateModified\":\"2020-02-05T17:15:43+00:00\",\"breadcrumb\":{\"@id\":\"https:\\\/\\\/www.salon-medecinedouce.com\\\/lyon\\\/trouver-la-therapie-et-le-therapeute-qui-vous-correspond\\\/#breadcrumb\"},\"inLanguage\":\"fr-FR\",\"potentialAction\":[{\"@type\":\"ReadAction\",\"target\":[\"https:\\\/\\\/www.salon-medecinedouce.com\\\/lyon\\\/trouver-la-therapie-et-le-therapeute-qui-vous-correspond\\\/\"]}]},{\"@type\":\"ImageObject\",\"inLanguage\":\"fr-FR\",\"@id\":\"https:\\\/\\\/www.salon-medecinedouce.com\\\/lyon\\\/trouver-la-therapie-et-le-therapeute-qui-vous-correspond\\\/#primaryimage\",\"url\":\"https:\\\/\\\/www.salon-medecinedouce.com\\\/lyon\\\/wp-content\\\/uploads\\\/sites\\\/12\\\/2019\\\/04\\\/fotolia_66780827.jpg\",\"contentUrl\":\"https:\\\/\\\/www.salon-medecinedouce.com\\\/lyon\\\/wp-content\\\/uploads\\\/sites\\\/12\\\/2019\\\/04\\\/fotolia_66780827.jpg\",\"width\":500,\"height\":333},{\"@type\":\"BreadcrumbList\",\"@id\":\"https:\\\/\\\/www.salon-medecinedouce.com\\\/lyon\\\/trouver-la-therapie-et-le-therapeute-qui-vous-correspond\\\/#breadcrumb\",\"itemListElement\":[{\"@type\":\"ListItem\",\"position\":1,\"name\":\"Accueil\",\"item\":\"https:\\\/\\\/www.salon-medecinedouce.com\\\/lyon\\\/\"},{\"@type\":\"ListItem\",\"position\":2,\"name\":\"Trouver la th\u00e9rapie et le th\u00e9rapeute qui vous correspond\"}]},{\"@type\":\"WebSite\",\"@id\":\"https:\\\/\\\/www.salon-medecinedouce.com\\\/lyon\\\/#website\",\"url\":\"https:\\\/\\\/www.salon-medecinedouce.com\\\/lyon\\\/\",\"name\":\"Bien-\u00eatre Lyon\",\"description\":\"La sant\u00e9 au naturel : M\u00e9decines douces - Compl\u00e9ments alimentaires - Alimentation saine - Cosm\u00e9tiques naturelles - Art de vivre - Tourisme de sant\u00e9\",\"publisher\":{\"@id\":\"https:\\\/\\\/www.salon-medecinedouce.com\\\/lyon\\\/#organization\"},\"potentialAction\":[{\"@type\":\"SearchAction\",\"target\":{\"@type\":\"EntryPoint\",\"urlTemplate\":\"https:\\\/\\\/www.salon-medecinedouce.com\\\/lyon\\\/?s={search_term_string}\"},\"query-input\":{\"@type\":\"PropertyValueSpecification\",\"valueRequired\":true,\"valueName\":\"search_term_string\"}}],\"inLanguage\":\"fr-FR\"},{\"@type\":\"Organization\",\"@id\":\"https:\\\/\\\/www.salon-medecinedouce.com\\\/lyon\\\/#organization\",\"name\":\"Bien-\u00eatre Lyon\",\"url\":\"https:\\\/\\\/www.salon-medecinedouce.com\\\/lyon\\\/\",\"logo\":{\"@type\":\"ImageObject\",\"inLanguage\":\"fr-FR\",\"@id\":\"https:\\\/\\\/www.salon-medecinedouce.com\\\/lyon\\\/#\\\/schema\\\/logo\\\/image\\\/\",\"url\":\"https:\\\/\\\/www.salon-medecinedouce.com\\\/lyon\\\/wp-content\\\/uploads\\\/sites\\\/12\\\/2024\\\/05\\\/cropped-logo-orange-bemd.png\",\"contentUrl\":\"https:\\\/\\\/www.salon-medecinedouce.com\\\/lyon\\\/wp-content\\\/uploads\\\/sites\\\/12\\\/2024\\\/05\\\/cropped-logo-orange-bemd.png\",\"width\":591,\"height\":591,\"caption\":\"Bien-\u00eatre Lyon\"},\"image\":{\"@id\":\"https:\\\/\\\/www.salon-medecinedouce.com\\\/lyon\\\/#\\\/schema\\\/logo\\\/image\\\/\"}},{\"@type\":\"Person\",\"@id\":\"https:\\\/\\\/www.salon-medecinedouce.com\\\/lyon\\\/#\\\/schema\\\/person\\\/fd603f85622bcbb2a2feb7394bd42eb3\",\"name\":\"admin\",\"image\":{\"@type\":\"ImageObject\",\"inLanguage\":\"fr-FR\",\"@id\":\"https:\\\/\\\/secure.gravatar.com\\\/avatar\\\/bdec238283f0ae74f0c0dc844c4dddd9689b95e8e5f6c5a8ee96dea3cf51061e?s=96&d=mm&r=g\",\"url\":\"https:\\\/\\\/secure.gravatar.com\\\/avatar\\\/bdec238283f0ae74f0c0dc844c4dddd9689b95e8e5f6c5a8ee96dea3cf51061e?s=96&d=mm&r=g\",\"contentUrl\":\"https:\\\/\\\/secure.gravatar.com\\\/avatar\\\/bdec238283f0ae74f0c0dc844c4dddd9689b95e8e5f6c5a8ee96dea3cf51061e?s=96&d=mm&r=g\",\"caption\":\"admin\"},\"url\":\"https:\\\/\\\/www.salon-medecinedouce.com\\\/lyon\\\/author\\\/admin\\\/\"}]}<\/script>\n<!-- \/ Yoast SEO plugin. -->","yoast_head_json":{"title":"Trouver la th\u00e9rapie et le th\u00e9rapeute qui vous correspond - Bien-\u00eatre Lyon","robots":{"index":"index","follow":"follow","max-snippet":"max-snippet:-1","max-image-preview":"max-image-preview:large","max-video-preview":"max-video-preview:-1"},"canonical":"https:\/\/www.salon-medecinedouce.com\/lyon\/trouver-la-therapie-et-le-therapeute-qui-vous-correspond\/","og_locale":"fr_FR","og_type":"article","og_title":"Trouver la th\u00e9rapie et le th\u00e9rapeute qui vous correspond - Bien-\u00eatre Lyon","og_description":"Vous souhaitez prendre soin de vous naturellement en vous engageant dans une th\u00e9rapie. Il est alors normal que de nombreuses questions se posent \u00e0 vous : comment s&rsquo;y retrouver parmi les nombreuses th\u00e9rapies possibles, comment choisir son th\u00e9rapeute, quelle est la formation du th\u00e9rapeute, comment va se d\u00e9rouler la th\u00e9rapie, s&rsquo;orienter vers une courte ou&hellip;","og_url":"https:\/\/www.salon-medecinedouce.com\/lyon\/trouver-la-therapie-et-le-therapeute-qui-vous-correspond\/","og_site_name":"Bien-\u00eatre Lyon","article_published_time":"2020-02-05T14:30:20+00:00","article_modified_time":"2020-02-05T17:15:43+00:00","og_image":[{"width":500,"height":333,"url":"https:\/\/www.salon-medecinedouce.com\/lyon\/wp-content\/uploads\/sites\/12\/2019\/04\/fotolia_66780827.jpg","type":"image\/jpeg"}],"author":"admin","twitter_card":"summary_large_image","twitter_misc":{"\u00c9crit par":"admin","Dur\u00e9e de lecture estim\u00e9e":"1 minute"},"schema":{"@context":"https:\/\/schema.org","@graph":[{"@type":"Article","@id":"https:\/\/www.salon-medecinedouce.com\/lyon\/trouver-la-therapie-et-le-therapeute-qui-vous-correspond\/#article","isPartOf":{"@id":"https:\/\/www.salon-medecinedouce.com\/lyon\/trouver-la-therapie-et-le-therapeute-qui-vous-correspond\/"},"author":{"name":"admin","@id":"https:\/\/www.salon-medecinedouce.com\/lyon\/#\/schema\/person\/fd603f85622bcbb2a2feb7394bd42eb3"},"headline":"Trouver la th\u00e9rapie et le th\u00e9rapeute qui vous correspond","datePublished":"2020-02-05T14:30:20+00:00","dateModified":"2020-02-05T17:15:43+00:00","mainEntityOfPage":{"@id":"https:\/\/www.salon-medecinedouce.com\/lyon\/trouver-la-therapie-et-le-therapeute-qui-vous-correspond\/"},"wordCount":191,"publisher":{"@id":"https:\/\/www.salon-medecinedouce.com\/lyon\/#organization"},"image":{"@id":"https:\/\/www.salon-medecinedouce.com\/lyon\/trouver-la-therapie-et-le-therapeute-qui-vous-correspond\/#primaryimage"},"thumbnailUrl":"https:\/\/www.salon-medecinedouce.com\/lyon\/wp-content\/uploads\/sites\/12\/2019\/04\/fotolia_66780827.jpg","articleSection":["Actualit\u00e9s"],"inLanguage":"fr-FR"},{"@type":"WebPage","@id":"https:\/\/www.salon-medecinedouce.com\/lyon\/trouver-la-therapie-et-le-therapeute-qui-vous-correspond\/","url":"https:\/\/www.salon-medecinedouce.com\/lyon\/trouver-la-therapie-et-le-therapeute-qui-vous-correspond\/","name":"Trouver la th\u00e9rapie et le th\u00e9rapeute qui vous correspond - Bien-\u00eatre Lyon","isPartOf":{"@id":"https:\/\/www.salon-medecinedouce.com\/lyon\/#website"},"primaryImageOfPage":{"@id":"https:\/\/www.salon-medecinedouce.com\/lyon\/trouver-la-therapie-et-le-therapeute-qui-vous-correspond\/#primaryimage"},"image":{"@id":"https:\/\/www.salon-medecinedouce.com\/lyon\/trouver-la-therapie-et-le-therapeute-qui-vous-correspond\/#primaryimage"},"thumbnailUrl":"https:\/\/www.salon-medecinedouce.com\/lyon\/wp-content\/uploads\/sites\/12\/2019\/04\/fotolia_66780827.jpg","datePublished":"2020-02-05T14:30:20+00:00","dateModified":"2020-02-05T17:15:43+00:00","breadcrumb":{"@id":"https:\/\/www.salon-medecinedouce.com\/lyon\/trouver-la-therapie-et-le-therapeute-qui-vous-correspond\/#breadcrumb"},"inLanguage":"fr-FR","potentialAction":[{"@type":"ReadAction","target":["https:\/\/www.salon-medecinedouce.com\/lyon\/trouver-la-therapie-et-le-therapeute-qui-vous-correspond\/"]}]},{"@type":"ImageObject","inLanguage":"fr-FR","@id":"https:\/\/www.salon-medecinedouce.com\/lyon\/trouver-la-therapie-et-le-therapeute-qui-vous-correspond\/#primaryimage","url":"https:\/\/www.salon-medecinedouce.com\/lyon\/wp-content\/uploads\/sites\/12\/2019\/04\/fotolia_66780827.jpg","contentUrl":"https:\/\/www.salon-medecinedouce.com\/lyon\/wp-content\/uploads\/sites\/12\/2019\/04\/fotolia_66780827.jpg","width":500,"height":333},{"@type":"BreadcrumbList","@id":"https:\/\/www.salon-medecinedouce.com\/lyon\/trouver-la-therapie-et-le-therapeute-qui-vous-correspond\/#breadcrumb","itemListElement":[{"@type":"ListItem","position":1,"name":"Accueil","item":"https:\/\/www.salon-medecinedouce.com\/lyon\/"},{"@type":"ListItem","position":2,"name":"Trouver la th\u00e9rapie et le th\u00e9rapeute qui vous correspond"}]},{"@type":"WebSite","@id":"https:\/\/www.salon-medecinedouce.com\/lyon\/#website","url":"https:\/\/www.salon-medecinedouce.com\/lyon\/","name":"Bien-\u00eatre Lyon","description":"La sant\u00e9 au naturel : M\u00e9decines douces - Compl\u00e9ments alimentaires - Alimentation saine - Cosm\u00e9tiques naturelles - Art de vivre - Tourisme de sant\u00e9","publisher":{"@id":"https:\/\/www.salon-medecinedouce.com\/lyon\/#organization"},"potentialAction":[{"@type":"SearchAction","target":{"@type":"EntryPoint","urlTemplate":"https:\/\/www.salon-medecinedouce.com\/lyon\/?s={search_term_string}"},"query-input":{"@type":"PropertyValueSpecification","valueRequired":true,"valueName":"search_term_string"}}],"inLanguage":"fr-FR"},{"@type":"Organization","@id":"https:\/\/www.salon-medecinedouce.com\/lyon\/#organization","name":"Bien-\u00eatre Lyon","url":"https:\/\/www.salon-medecinedouce.com\/lyon\/","logo":{"@type":"ImageObject","inLanguage":"fr-FR","@id":"https:\/\/www.salon-medecinedouce.com\/lyon\/#\/schema\/logo\/image\/","url":"https:\/\/www.salon-medecinedouce.com\/lyon\/wp-content\/uploads\/sites\/12\/2024\/05\/cropped-logo-orange-bemd.png","contentUrl":"https:\/\/www.salon-medecinedouce.com\/lyon\/wp-content\/uploads\/sites\/12\/2024\/05\/cropped-logo-orange-bemd.png","width":591,"height":591,"caption":"Bien-\u00eatre Lyon"},"image":{"@id":"https:\/\/www.salon-medecinedouce.com\/lyon\/#\/schema\/logo\/image\/"}},{"@type":"Person","@id":"https:\/\/www.salon-medecinedouce.com\/lyon\/#\/schema\/person\/fd603f85622bcbb2a2feb7394bd42eb3","name":"admin","image":{"@type":"ImageObject","inLanguage":"fr-FR","@id":"https:\/\/secure.gravatar.com\/avatar\/bdec238283f0ae74f0c0dc844c4dddd9689b95e8e5f6c5a8ee96dea3cf51061e?s=96&d=mm&r=g","url":"https:\/\/secure.gravatar.com\/avatar\/bdec238283f0ae74f0c0dc844c4dddd9689b95e8e5f6c5a8ee96dea3cf51061e?s=96&d=mm&r=g","contentUrl":"https:\/\/secure.gravatar.com\/avatar\/bdec238283f0ae74f0c0dc844c4dddd9689b95e8e5f6c5a8ee96dea3cf51061e?s=96&d=mm&r=g","caption":"admin"},"url":"https:\/\/www.salon-medecinedouce.com\/lyon\/author\/admin\/"}]}},"rttpg_featured_image_url":{"full":["https:\/\/www.salon-medecinedouce.com\/lyon\/wp-content\/uploads\/sites\/12\/2019\/04\/fotolia_66780827.jpg",500,333,false],"landscape":["https:\/\/www.salon-medecinedouce.com\/lyon\/wp-content\/uploads\/sites\/12\/2019\/04\/fotolia_66780827.jpg",500,333,false],"portraits":["https:\/\/www.salon-medecinedouce.com\/lyon\/wp-content\/uploads\/sites\/12\/2019\/04\/fotolia_66780827.jpg",500,333,false],"thumbnail":["https:\/\/www.salon-medecinedouce.com\/lyon\/wp-content\/uploads\/sites\/12\/2019\/04\/fotolia_66780827-150x150.jpg",150,150,true],"medium":["https:\/\/www.salon-medecinedouce.com\/lyon\/wp-content\/uploads\/sites\/12\/2019\/04\/fotolia_66780827-300x200.jpg",300,200,true],"large":["https:\/\/www.salon-medecinedouce.com\/lyon\/wp-content\/uploads\/sites\/12\/2019\/04\/fotolia_66780827.jpg",500,333,false],"1536x1536":["https:\/\/www.salon-medecinedouce.com\/lyon\/wp-content\/uploads\/sites\/12\/2019\/04\/fotolia_66780827.jpg",500,333,false],"2048x2048":["https:\/\/www.salon-medecinedouce.com\/lyon\/wp-content\/uploads\/sites\/12\/2019\/04\/fotolia_66780827.jpg",500,333,false],"gg_gallery_thumbnail":["https:\/\/www.salon-medecinedouce.com\/lyon\/wp-content\/uploads\/sites\/12\/2019\/04\/fotolia_66780827-450x250.jpg",450,250,true],"rpwe-thumbnail":["https:\/\/www.salon-medecinedouce.com\/lyon\/wp-content\/uploads\/sites\/12\/2019\/04\/fotolia_66780827-45x45.jpg",45,45,true]},"rttpg_author":{"display_name":"admin","author_link":"https:\/\/www.salon-medecinedouce.com\/lyon\/author\/admin\/"},"rttpg_comment":0,"rttpg_category":"<a href=\"https:\/\/www.salon-medecinedouce.com\/lyon\/category\/actualites\/\" rel=\"category tag\">Actualit\u00e9s<\/a>","rttpg_excerpt":"Vous souhaitez prendre soin de vous naturellement en vous engageant dans une th\u00e9rapie. Il est alors normal que de nombreuses questions se posent \u00e0 vous : comment s&rsquo;y retrouver parmi les nombreuses th\u00e9rapies possibles, comment choisir son th\u00e9rapeute, quelle est la formation du th\u00e9rapeute, comment va se d\u00e9rouler la th\u00e9rapie, s&rsquo;orienter vers une courte ou&hellip;","_links":{"self":[{"href":"https:\/\/www.salon-medecinedouce.com\/lyon\/wp-json\/wp\/v2\/posts\/6946","targetHints":{"allow":["GET"]}}],"collection":[{"href":"https:\/\/www.salon-medecinedouce.com\/lyon\/wp-json\/wp\/v2\/posts"}],"about":[{"href":"https:\/\/www.salon-medecinedouce.com\/lyon\/wp-json\/wp\/v2\/types\/post"}],"author":[{"embeddable":true,"href":"https:\/\/www.salon-medecinedouce.com\/lyon\/wp-json\/wp\/v2\/users\/1"}],"replies":[{"embeddable":true,"href":"https:\/\/www.salon-medecinedouce.com\/lyon\/wp-json\/wp\/v2\/comments?post=6946"}],"version-history":[{"count":4,"href":"https:\/\/www.salon-medecinedouce.com\/lyon\/wp-json\/wp\/v2\/posts\/6946\/revisions"}],"predecessor-version":[{"id":9122,"href":"https:\/\/www.salon-medecinedouce.com\/lyon\/wp-json\/wp\/v2\/posts\/6946\/revisions\/9122"}],"wp:featuredmedia":[{"embeddable":true,"href":"https:\/\/www.salon-medecinedouce.com\/lyon\/wp-json\/wp\/v2\/media\/6952"}],"wp:attachment":[{"href":"https:\/\/www.salon-medecinedouce.com\/lyon\/wp-json\/wp\/v2\/media?parent=6946"}],"wp:term":[{"taxonomy":"category","embeddable":true,"href":"https:\/\/www.salon-medecinedouce.com\/lyon\/wp-json\/wp\/v2\/categories?post=6946"},{"taxonomy":"post_tag","embeddable":true,"href":"https:\/\/www.salon-medecinedouce.com\/lyon\/wp-json\/wp\/v2\/tags?post=6946"}],"curies":[{"name":"wp","href":"https:\/\/api.w.org\/{rel}","templated":true}]}}