{"id":14415,"date":"2025-12-03T17:28:20","date_gmt":"2025-12-03T16:28:20","guid":{"rendered":"https:\/\/www.salon-medecinedouce.com\/lyon\/?p=14415"},"modified":"2025-12-08T14:45:11","modified_gmt":"2025-12-08T13:45:11","slug":"fanny-guenard-le-corps-en-vie","status":"publish","type":"post","link":"https:\/\/www.salon-medecinedouce.com\/lyon\/fanny-guenard-le-corps-en-vie\/","title":{"rendered":"Fanny GU\u00c9NARD \u00ab\u00a0Le Corps En Vie\u00a0\u00bb"},"content":{"rendered":"<h2><a href=\"https:\/\/www.salon-medecinedouce.com\/lyon\/fanny-guenard-le-corps-en-vie\/capture-decran-2025-12-03-a-17-09-54\/\" rel=\"attachment wp-att-14416\"><img fetchpriority=\"high\" decoding=\"async\" class=\"alignnone  wp-image-14416\" src=\"https:\/\/www.salon-medecinedouce.com\/lyon\/wp-content\/uploads\/sites\/12\/2025\/12\/Capture-decran-2025-12-03-a-17.09.54.png\" alt=\"\" width=\"321\" height=\"320\" srcset=\"https:\/\/www.salon-medecinedouce.com\/lyon\/wp-content\/uploads\/sites\/12\/2025\/12\/Capture-decran-2025-12-03-a-17.09.54.png 627w, https:\/\/www.salon-medecinedouce.com\/lyon\/wp-content\/uploads\/sites\/12\/2025\/12\/Capture-decran-2025-12-03-a-17.09.54-300x300.png 300w, https:\/\/www.salon-medecinedouce.com\/lyon\/wp-content\/uploads\/sites\/12\/2025\/12\/Capture-decran-2025-12-03-a-17.09.54-150x150.png 150w, https:\/\/www.salon-medecinedouce.com\/lyon\/wp-content\/uploads\/sites\/12\/2025\/12\/Capture-decran-2025-12-03-a-17.09.54-200x200.png 200w, https:\/\/www.salon-medecinedouce.com\/lyon\/wp-content\/uploads\/sites\/12\/2025\/12\/Capture-decran-2025-12-03-a-17.09.54-100x100.png 100w, https:\/\/www.salon-medecinedouce.com\/lyon\/wp-content\/uploads\/sites\/12\/2025\/12\/Capture-decran-2025-12-03-a-17.09.54-500x500.png 500w, https:\/\/www.salon-medecinedouce.com\/lyon\/wp-content\/uploads\/sites\/12\/2025\/12\/Capture-decran-2025-12-03-a-17.09.54-45x45.png 45w\" sizes=\"(max-width: 321px) 100vw, 321px\" \/><\/a><\/h2>\n<h2>Pr\u00e9sentez-vous en quelques mots<\/h2>\n<p data-start=\"187\" data-end=\"311\">Je suis Sophrologue, masseuse, cr\u00e9atrice et animatrice de s\u00e9jours \u00ab\u00a0retour sur soi\u00a0\u00bb et de formations \u00e0 diff\u00e9rents massages.<\/p>\n<p data-start=\"313\" data-end=\"564\">Depuis plus de quinze ans, j\u2019exerce avec passion les m\u00e9tiers de sophrologue et de praticienne en massage en s\u00e9ances individuelles et personnalis\u00e9es, mais aussi en entreprises et lors des nombreux s\u00e9jours et formations organis\u00e9s au Domaine du Taill\u00e9.<\/p>\n<p data-start=\"566\" data-end=\"770\">Forte de cette merveilleuse exp\u00e9rience d\u2019accueil, d\u2019\u00e9coute et d\u2019accompagnement, j\u2019ai \u00e0 c\u0153ur de prendre soin de toute personne d\u00e9sireuse de l\u00e2cher prise, de se recentrer et de se reconnecter \u00e0 elle-m\u00eame.<\/p>\n<p data-start=\"772\" data-end=\"1080\">\u00c0 travers le massage, la sophrologie et la m\u00e9ditation, j\u2019aime offrir des espaces o\u00f9 chacun peut s\u2019ouvrir \u00e0 une meilleure compr\u00e9hension de soi, d\u00e9velopper cette capacit\u00e9 primordiale d\u2019amour inconditionnel envers soi-m\u00eame et agir dans la vie de fa\u00e7on p\u00e9renne, en restant en accord avec ses valeurs profondes.<\/p>\n<p>\u2022 Les s\u00e9jours \u201cRetour sur soi\u201d<br data-start=\"1121\" data-end=\"1124\" \/><br \/>\nCes temps de ressourcement allient sophrologie, m\u00e9ditation et massages (auto-massages et massages personnalis\u00e9s) pour se recentrer sur l&rsquo;essentiel et aligner cet essentiel \u00e0 son quotidien. On y explore la respiration, l\u2019ancrage, la rencontre avec son enfant int\u00e9rieur, la communication non-violente et bien d\u2019autres th\u00e8mes qui nous aident \u00e0 mieux nous comprendre et \u00e0 avancer en \u00e9tant au plus proche de soi-m\u00eame.<\/p>\n<p data-start=\"1545\" data-end=\"2122\">\u2022 Les formations au massage<br data-start=\"1576\" data-end=\"1579\" \/><br \/>\nJ\u2019y enseigne le massage du corps aux huiles, la r\u00e9flexologie plantaire et le massage assis (parfois en coanimation avec Sophie Tresca, professeur de yoga).<br data-start=\"1734\" data-end=\"1737\" \/><br \/>\nUne attention particuli\u00e8re est port\u00e9e non seulement au mieux-\u00eatre de chaque personne mass\u00e9e, \u00e0 la qualit\u00e9 et \u00e0 l&rsquo;intuition du geste, mais aussi au bien-\u00eatre du praticien : respiration, posture, \u00e9quilibre, ancrage, qualit\u00e9 de pr\u00e9sence, intention\u2026 gr\u00e2ce \u00e0 l&rsquo;apport de la sophrologie, partie int\u00e9grante de la formation.<br data-start=\"2053\" data-end=\"2056\" \/><br \/>\nTout est pens\u00e9 pour transmettre une pratique juste et intuitive.<\/p>\n<p data-start=\"2124\" data-end=\"2186\">Tout ceci en pleine nature ard\u00e9choise, au Domaine du Taill\u00e9.<\/p>\n<h2>Que proposez-vous sur le salon ?<\/h2>\n<p data-start=\"202\" data-end=\"509\">Durant les trois jours du salon, je partage un stand avec le Domaine du Taill\u00e9 et trois autres praticiens et th\u00e9rapeutes psycho-corporels : Sophie Tresca (professeur de Yoga-m\u00e9ditation et Sophrologue), Anna Ossipovitch (professeur de Yoga) et Christophe Falcoz (psychopraticien et instructeur m\u00e9ditation).<\/p>\n<p data-start=\"511\" data-end=\"835\">Nous serons pr\u00e9sents pour vous accueillir, r\u00e9pondre \u00e0 vos questions et \u00e9changer sur les sujets du bien-\u00eatre. Nous travaillons \u00e0 \u00e9laborer un stand attractif et agr\u00e9able (vid\u00e9o de pr\u00e9sentation, d\u00e9tails des s\u00e9jours de 2026, couleurs et sourires\u2026), o\u00f9 il sera bon de s\u2019arr\u00eater, prendre un petit th\u00e9 et discuter tranquillement.<\/p>\n<p data-start=\"837\" data-end=\"1292\">Et, pour une exp\u00e9rience encore plus enrichissante, nous vous avons concoct\u00e9, tous les praticiens et moi-m\u00eame, une s\u00e9rie d&rsquo;ateliers pratiques de 10 personnes maximum, aux th\u00e8mes vari\u00e9s bas\u00e9s sur nos pratiques respectives. La liste des ateliers sera affich\u00e9e sur notre stand tout au long du week-end. En revanche, si vous souhaitez obtenir cette liste en amont pour mieux vous pr\u00e9parer, vous pouvez contacter l&rsquo;un de nous, qui vous l&rsquo;enverra avec plaisir.<\/p>\n<p data-start=\"1294\" data-end=\"1627\">D&rsquo;ailleurs, un bon de r\u00e9duction de 10 % pour tous les s\u00e9jours et formations que nous proposons au Domaine du Taill\u00e9 en 2026 sera distribu\u00e9 \u00e0 toutes les personnes qui viendront nous rencontrer au salon et qui participeront \u00e0 au moins un des ateliers que nous animerons au salon (dans notre stand et aux ateliers pratiques du salon).<\/p>\n<p data-start=\"1294\" data-end=\"1627\">Je proposerai \u00e9galement l&rsquo;atelier pratique \u00ab Automassage l\u00e2cher prise \u00bb dimanche 18 janvier 2026 \u00e0 15h30 : salle Rh\u00f4ne<\/p>\n<h2>Parlez-nous du salon Bien-\u00catre M\u00e9decine Douce et de votre relation avec ce salon ?<\/h2>\n<p data-start=\"375\" data-end=\"563\">C&rsquo;est la 4\u1d49 ann\u00e9e que je participe au Salon du Bien-\u00catre et de la M\u00e9decine Douce. La premi\u00e8re ann\u00e9e, j&rsquo;intervenais \u00e0 des ateliers dans le stand de M\u00e9doucine.<\/p>\n<p data-start=\"565\" data-end=\"1095\">Ce fut une si belle exp\u00e9rience que, pour la deuxi\u00e8me ann\u00e9e, Sophie Tresca (professeur de Yoga, avec qui nous coanimons des formations alliant massage et yoga pour travailler en profondeur sur les postures du praticien) et moi avons d\u00e9cid\u00e9 de louer un stand pour pr\u00e9senter nos formations et s\u00e9jours respectifs, \u00e0 Saou dans la Dr\u00f4me et au Domaine du Taill\u00e9 en Ard\u00e8che. Nous animions \u00e9galement des ateliers pratiques. Encore une belle exp\u00e9rience partag\u00e9e, de belles rencontres et de nombreuses retomb\u00e9es int\u00e9ressantes par la suite.<\/p>\n<p data-start=\"1097\" data-end=\"1326\">La troisi\u00e8me ann\u00e9e, j&rsquo;ai choisi de proposer uniquement des ateliers, sans installer de stand. Ce fut encore une fois l&rsquo;occasion de belles rencontres vari\u00e9es et enrichissantes, avec des retomb\u00e9es int\u00e9ressantes pour mon activit\u00e9.<\/p>\n<p data-start=\"1333\" data-end=\"1583\">Forte de ces trois premi\u00e8res exp\u00e9riences, j&rsquo;ai propos\u00e9 au Domaine du Taill\u00e9, le lieu o\u00f9 j&rsquo;organise et anime mes s\u00e9jours et certaines formations, de cr\u00e9er un stand de pr\u00e9sentation du lieu et des s\u00e9jours qui s&rsquo;y d\u00e9roulent.<\/p>\n<p data-start=\"1585\" data-end=\"1932\">Nous avons invit\u00e9 trois autres animateurs intervenant au Domaine du Taill\u00e9 : Sophie Tresca, Anna Ossipovitch et Christophe Falcoz. Ensemble, nous avons lou\u00e9 un stand pour pr\u00e9senter nos diff\u00e9rentes activit\u00e9s, principalement celles anim\u00e9es au Domaine du Taill\u00e9, et pour proposer des ateliers sur le stand ainsi que des ateliers pratiques du salon.<\/p>\n<p data-start=\"1934\" data-end=\"2122\">Nous nous organisons avec beaucoup d\u2019enthousiasme et serons pr\u00eats pour un week-end de rencontres, de prises de contact et de conversations enrichissantes. Nous avons tous h\u00e2te d\u2019y \u00eatre !<\/p>\n<h2><strong>Une citation qui vous inspire, une pens\u00e9e positive \u00e0 partager ?<\/strong><\/h2>\n<p data-start=\"268\" data-end=\"431\">Selon moi, le bien-\u00eatre, c&rsquo;est se placer au centre de ses priorit\u00e9s, c&rsquo;est mieux se comprendre pour agir dans la vie en restant toujours en accord avec soi-m\u00eame.<\/p>\n<p data-start=\"433\" data-end=\"665\">Le bien-\u00eatre c&rsquo;est retrouver la s\u00e9r\u00e9nit\u00e9, savoir se recentrer apr\u00e8s la tourmente quand il y en a, car la vie est jalonn\u00e9e d&rsquo;impr\u00e9vus, de moment de stress, parfois n\u00e9cessaires, parfois moins, d&rsquo;\u00e9motions fortes, parfois d\u00e9bordantes.<\/p>\n<p data-start=\"667\" data-end=\"954\">Quelques soient les \u00e9preuves de la vie, quelques soient les \u00e9motions travers\u00e9es, le bien-\u00eatre, c&rsquo;est accueillir ces asp\u00e9rit\u00e9s de la vie, savoir les regarder avec suffisamment de recul et d&rsquo;amour, de bienveillance envers soi-m\u00eame, pour se renforcer et rebondir plus solide, plus serein.<\/p>\n<h2><strong>Selon vous quelle serait la d\u00e9finition du bien-\u00eatre ?<\/strong><\/h2>\n<p data-start=\"197\" data-end=\"386\">Ce n&rsquo;est pas dans mes habitudes de donner des conseils, car j&rsquo;estime que chacun a ses propres besoins, envies, attentes et intentions selon sa vie, son v\u00e9cu, ses forces et ses faiblesses.<\/p>\n<p data-start=\"388\" data-end=\"843\">En revanche, je peux partager une de mes pratiques de tous les jours : je prends plusieurs fois par jour un temps pour respirer, me recentrer sur moi et mes ressentis, v\u00e9rifier ma posture, les tensions \u00e9ventuelles de mon corps, et m&rsquo;envoyer une pens\u00e9e qui me fait du bien (par exemple un grand \u00ab\u00a0je t&rsquo;aime\u00a0\u00bb \u00e0 moi-m\u00eame, ou \u00ab\u00a0cette journ\u00e9e est une belle journ\u00e9e\u00a0\u00bb, ou mon mantra du moment\u2026), quelle que soit l&rsquo;activit\u00e9 dans laquelle je suis et son intensit\u00e9.<\/p>\n<p data-start=\"845\" data-end=\"1036\">J&rsquo;ai, pour me rappeler de faire tout cela, plusieurs points de rep\u00e8re, comme les heures doubles, chaque gorg\u00e9e de th\u00e9, un regard sur un bracelet que j&rsquo;ai pass\u00e9 \u00e0 mon bras dans cet objectif\u2026<\/p>\n<p><a href=\"https:\/\/www.salon-medecinedouce.com\/lyon\/visiter\/liste-des-exposants\/\" target=\"_blank\" rel=\"noopener\"><em>Consultez la liste des exposants<\/em><\/a><\/p>\n<div class=\"salon-pubs-hp-bas-de-page salon-entity-placement\" id=\"salon-4278346273\"><div id=\"salon-469499953\"><a data-no-instant=\"1\" href=\"https:\/\/www.naia-kaolin-delphine.fr\/\" rel=\"noopener\" class=\"a2t-link\" target=\"_blank\"><p><a href=\"https:\/\/www.naia-kaolin-delphine.fr\/\"><img decoding=\"async\" class=\"wp-image-15074 size-full aligncenter\" src=\"https:\/\/www.salon-medecinedouce.com\/lyon\/wp-content\/uploads\/sites\/12\/2026\/01\/Naia-Kaolin-salon-LYON-2026.png\" alt=\"\" width=\"728\" height=\"90\" srcset=\"https:\/\/www.salon-medecinedouce.com\/lyon\/wp-content\/uploads\/sites\/12\/2026\/01\/Naia-Kaolin-salon-LYON-2026.png 728w, https:\/\/www.salon-medecinedouce.com\/lyon\/wp-content\/uploads\/sites\/12\/2026\/01\/Naia-Kaolin-salon-LYON-2026-300x37.png 300w, https:\/\/www.salon-medecinedouce.com\/lyon\/wp-content\/uploads\/sites\/12\/2026\/01\/Naia-Kaolin-salon-LYON-2026-150x19.png 150w, https:\/\/www.salon-medecinedouce.com\/lyon\/wp-content\/uploads\/sites\/12\/2026\/01\/Naia-Kaolin-salon-LYON-2026-500x62.png 500w\" sizes=\"(max-width: 728px) 100vw, 728px\" \/><\/a><\/p>\n<\/a><\/div><\/div>","protected":false},"excerpt":{"rendered":"<p>Pr\u00e9sentez-vous en quelques mots Je suis Sophrologue, masseuse, cr\u00e9atrice et animatrice de s\u00e9jours \u00ab\u00a0retour sur soi\u00a0\u00bb et de formations \u00e0 diff\u00e9rents massages. Depuis plus de quinze ans, j\u2019exerce avec passion les m\u00e9tiers de sophrologue et de praticienne en massage en s\u00e9ances individuelles et personnalis\u00e9es, mais aussi en entreprises et lors des nombreux s\u00e9jours et formations&hellip; <\/p>\n","protected":false},"author":6,"featured_media":14416,"comment_status":"closed","ping_status":"closed","sticky":false,"template":"","format":"standard","meta":{"_monsterinsights_skip_tracking":false,"_monsterinsights_sitenote_active":false,"_monsterinsights_sitenote_note":"","_monsterinsights_sitenote_category":0,"footnotes":""},"categories":[384],"tags":[],"class_list":["post-14415","post","type-post","status-publish","format-standard","has-post-thumbnail","hentry","category-portraits-exposants"],"yoast_head":"<!-- This site is optimized with the Yoast SEO plugin v27.3 - https:\/\/yoast.com\/product\/yoast-seo-wordpress\/ -->\n<title>Fanny GU\u00c9NARD &quot;Le Corps En Vie&quot; - Bien-\u00eatre Lyon<\/title>\n<meta name=\"description\" content=\"Venez d\u00e9couvrir Fanny GU\u00c9NARD &quot;Le Corps En Vie&quot; lors du salon Bien-\u00catre M\u00e9decine Douce Lyon du 16 au 18 janvier 2026 !\" \/>\n<meta name=\"robots\" content=\"index, follow, max-snippet:-1, max-image-preview:large, max-video-preview:-1\" \/>\n<link rel=\"canonical\" href=\"https:\/\/www.salon-medecinedouce.com\/lyon\/fanny-guenard-le-corps-en-vie\/\" \/>\n<meta property=\"og:locale\" content=\"fr_FR\" \/>\n<meta property=\"og:type\" content=\"article\" \/>\n<meta property=\"og:title\" content=\"Fanny GU\u00c9NARD &quot;Le Corps En Vie&quot; - Bien-\u00eatre Lyon\" \/>\n<meta property=\"og:description\" content=\"Venez d\u00e9couvrir Fanny GU\u00c9NARD &quot;Le Corps En Vie&quot; lors du salon Bien-\u00catre M\u00e9decine Douce Lyon du 16 au 18 janvier 2026 !\" \/>\n<meta property=\"og:url\" content=\"https:\/\/www.salon-medecinedouce.com\/lyon\/fanny-guenard-le-corps-en-vie\/\" \/>\n<meta property=\"og:site_name\" content=\"Bien-\u00eatre Lyon\" \/>\n<meta property=\"article:published_time\" content=\"2025-12-03T16:28:20+00:00\" \/>\n<meta property=\"article:modified_time\" content=\"2025-12-08T13:45:11+00:00\" \/>\n<meta property=\"og:image\" content=\"https:\/\/www.salon-medecinedouce.com\/lyon\/wp-content\/uploads\/sites\/12\/2025\/12\/Capture-decran-2025-12-03-a-17.09.54.png\" \/>\n\t<meta property=\"og:image:width\" content=\"627\" \/>\n\t<meta property=\"og:image:height\" content=\"626\" \/>\n\t<meta property=\"og:image:type\" content=\"image\/png\" \/>\n<meta name=\"author\" content=\"communication\" \/>\n<meta name=\"twitter:card\" content=\"summary_large_image\" \/>\n<meta name=\"twitter:label1\" content=\"\u00c9crit par\" \/>\n\t<meta name=\"twitter:data1\" content=\"communication\" \/>\n\t<meta name=\"twitter:label2\" content=\"Dur\u00e9e de lecture estim\u00e9e\" \/>\n\t<meta name=\"twitter:data2\" content=\"6 minutes\" \/>\n<script type=\"application\/ld+json\" class=\"yoast-schema-graph\">{\"@context\":\"https:\\\/\\\/schema.org\",\"@graph\":[{\"@type\":\"Article\",\"@id\":\"https:\\\/\\\/www.salon-medecinedouce.com\\\/lyon\\\/fanny-guenard-le-corps-en-vie\\\/#article\",\"isPartOf\":{\"@id\":\"https:\\\/\\\/www.salon-medecinedouce.com\\\/lyon\\\/fanny-guenard-le-corps-en-vie\\\/\"},\"author\":{\"name\":\"communication\",\"@id\":\"https:\\\/\\\/www.salon-medecinedouce.com\\\/lyon\\\/#\\\/schema\\\/person\\\/ae137e79c551ab78ea22fb35759cb9f8\"},\"headline\":\"Fanny GU\u00c9NARD \u00ab\u00a0Le Corps En Vie\u00a0\u00bb\",\"datePublished\":\"2025-12-03T16:28:20+00:00\",\"dateModified\":\"2025-12-08T13:45:11+00:00\",\"mainEntityOfPage\":{\"@id\":\"https:\\\/\\\/www.salon-medecinedouce.com\\\/lyon\\\/fanny-guenard-le-corps-en-vie\\\/\"},\"wordCount\":1205,\"publisher\":{\"@id\":\"https:\\\/\\\/www.salon-medecinedouce.com\\\/lyon\\\/#organization\"},\"image\":{\"@id\":\"https:\\\/\\\/www.salon-medecinedouce.com\\\/lyon\\\/fanny-guenard-le-corps-en-vie\\\/#primaryimage\"},\"thumbnailUrl\":\"https:\\\/\\\/www.salon-medecinedouce.com\\\/lyon\\\/wp-content\\\/uploads\\\/sites\\\/12\\\/2025\\\/12\\\/Capture-decran-2025-12-03-a-17.09.54.png\",\"articleSection\":[\"Portraits exposants\"],\"inLanguage\":\"fr-FR\"},{\"@type\":\"WebPage\",\"@id\":\"https:\\\/\\\/www.salon-medecinedouce.com\\\/lyon\\\/fanny-guenard-le-corps-en-vie\\\/\",\"url\":\"https:\\\/\\\/www.salon-medecinedouce.com\\\/lyon\\\/fanny-guenard-le-corps-en-vie\\\/\",\"name\":\"Fanny GU\u00c9NARD \\\"Le Corps En Vie\\\" - Bien-\u00eatre Lyon\",\"isPartOf\":{\"@id\":\"https:\\\/\\\/www.salon-medecinedouce.com\\\/lyon\\\/#website\"},\"primaryImageOfPage\":{\"@id\":\"https:\\\/\\\/www.salon-medecinedouce.com\\\/lyon\\\/fanny-guenard-le-corps-en-vie\\\/#primaryimage\"},\"image\":{\"@id\":\"https:\\\/\\\/www.salon-medecinedouce.com\\\/lyon\\\/fanny-guenard-le-corps-en-vie\\\/#primaryimage\"},\"thumbnailUrl\":\"https:\\\/\\\/www.salon-medecinedouce.com\\\/lyon\\\/wp-content\\\/uploads\\\/sites\\\/12\\\/2025\\\/12\\\/Capture-decran-2025-12-03-a-17.09.54.png\",\"datePublished\":\"2025-12-03T16:28:20+00:00\",\"dateModified\":\"2025-12-08T13:45:11+00:00\",\"description\":\"Venez d\u00e9couvrir Fanny GU\u00c9NARD \\\"Le Corps En Vie\\\" lors du salon Bien-\u00catre M\u00e9decine Douce Lyon du 16 au 18 janvier 2026 !\",\"breadcrumb\":{\"@id\":\"https:\\\/\\\/www.salon-medecinedouce.com\\\/lyon\\\/fanny-guenard-le-corps-en-vie\\\/#breadcrumb\"},\"inLanguage\":\"fr-FR\",\"potentialAction\":[{\"@type\":\"ReadAction\",\"target\":[\"https:\\\/\\\/www.salon-medecinedouce.com\\\/lyon\\\/fanny-guenard-le-corps-en-vie\\\/\"]}]},{\"@type\":\"ImageObject\",\"inLanguage\":\"fr-FR\",\"@id\":\"https:\\\/\\\/www.salon-medecinedouce.com\\\/lyon\\\/fanny-guenard-le-corps-en-vie\\\/#primaryimage\",\"url\":\"https:\\\/\\\/www.salon-medecinedouce.com\\\/lyon\\\/wp-content\\\/uploads\\\/sites\\\/12\\\/2025\\\/12\\\/Capture-decran-2025-12-03-a-17.09.54.png\",\"contentUrl\":\"https:\\\/\\\/www.salon-medecinedouce.com\\\/lyon\\\/wp-content\\\/uploads\\\/sites\\\/12\\\/2025\\\/12\\\/Capture-decran-2025-12-03-a-17.09.54.png\",\"width\":627,\"height\":626},{\"@type\":\"BreadcrumbList\",\"@id\":\"https:\\\/\\\/www.salon-medecinedouce.com\\\/lyon\\\/fanny-guenard-le-corps-en-vie\\\/#breadcrumb\",\"itemListElement\":[{\"@type\":\"ListItem\",\"position\":1,\"name\":\"Accueil\",\"item\":\"https:\\\/\\\/www.salon-medecinedouce.com\\\/lyon\\\/\"},{\"@type\":\"ListItem\",\"position\":2,\"name\":\"Fanny GU\u00c9NARD \u00ab\u00a0Le Corps En Vie\u00a0\u00bb\"}]},{\"@type\":\"WebSite\",\"@id\":\"https:\\\/\\\/www.salon-medecinedouce.com\\\/lyon\\\/#website\",\"url\":\"https:\\\/\\\/www.salon-medecinedouce.com\\\/lyon\\\/\",\"name\":\"Bien-\u00eatre Lyon\",\"description\":\"La sant\u00e9 au naturel : M\u00e9decines douces - Compl\u00e9ments alimentaires - Alimentation saine - Cosm\u00e9tiques naturelles - Art de vivre - Tourisme de sant\u00e9\",\"publisher\":{\"@id\":\"https:\\\/\\\/www.salon-medecinedouce.com\\\/lyon\\\/#organization\"},\"potentialAction\":[{\"@type\":\"SearchAction\",\"target\":{\"@type\":\"EntryPoint\",\"urlTemplate\":\"https:\\\/\\\/www.salon-medecinedouce.com\\\/lyon\\\/?s={search_term_string}\"},\"query-input\":{\"@type\":\"PropertyValueSpecification\",\"valueRequired\":true,\"valueName\":\"search_term_string\"}}],\"inLanguage\":\"fr-FR\"},{\"@type\":\"Organization\",\"@id\":\"https:\\\/\\\/www.salon-medecinedouce.com\\\/lyon\\\/#organization\",\"name\":\"Bien-\u00eatre Lyon\",\"url\":\"https:\\\/\\\/www.salon-medecinedouce.com\\\/lyon\\\/\",\"logo\":{\"@type\":\"ImageObject\",\"inLanguage\":\"fr-FR\",\"@id\":\"https:\\\/\\\/www.salon-medecinedouce.com\\\/lyon\\\/#\\\/schema\\\/logo\\\/image\\\/\",\"url\":\"https:\\\/\\\/www.salon-medecinedouce.com\\\/lyon\\\/wp-content\\\/uploads\\\/sites\\\/12\\\/2024\\\/05\\\/cropped-logo-orange-bemd.png\",\"contentUrl\":\"https:\\\/\\\/www.salon-medecinedouce.com\\\/lyon\\\/wp-content\\\/uploads\\\/sites\\\/12\\\/2024\\\/05\\\/cropped-logo-orange-bemd.png\",\"width\":591,\"height\":591,\"caption\":\"Bien-\u00eatre Lyon\"},\"image\":{\"@id\":\"https:\\\/\\\/www.salon-medecinedouce.com\\\/lyon\\\/#\\\/schema\\\/logo\\\/image\\\/\"}},{\"@type\":\"Person\",\"@id\":\"https:\\\/\\\/www.salon-medecinedouce.com\\\/lyon\\\/#\\\/schema\\\/person\\\/ae137e79c551ab78ea22fb35759cb9f8\",\"name\":\"communication\",\"image\":{\"@type\":\"ImageObject\",\"inLanguage\":\"fr-FR\",\"@id\":\"https:\\\/\\\/secure.gravatar.com\\\/avatar\\\/0f49d5b7ab56355ffa797b3ce25e4f2375cedf6bc9afe416fe669342c3524275?s=96&d=mm&r=g\",\"url\":\"https:\\\/\\\/secure.gravatar.com\\\/avatar\\\/0f49d5b7ab56355ffa797b3ce25e4f2375cedf6bc9afe416fe669342c3524275?s=96&d=mm&r=g\",\"contentUrl\":\"https:\\\/\\\/secure.gravatar.com\\\/avatar\\\/0f49d5b7ab56355ffa797b3ce25e4f2375cedf6bc9afe416fe669342c3524275?s=96&d=mm&r=g\",\"caption\":\"communication\"},\"url\":\"https:\\\/\\\/www.salon-medecinedouce.com\\\/lyon\\\/author\\\/communication\\\/\"}]}<\/script>\n<!-- \/ Yoast SEO plugin. -->","yoast_head_json":{"title":"Fanny GU\u00c9NARD \"Le Corps En Vie\" - Bien-\u00eatre Lyon","description":"Venez d\u00e9couvrir Fanny GU\u00c9NARD \"Le Corps En Vie\" lors du salon Bien-\u00catre M\u00e9decine Douce Lyon du 16 au 18 janvier 2026 !","robots":{"index":"index","follow":"follow","max-snippet":"max-snippet:-1","max-image-preview":"max-image-preview:large","max-video-preview":"max-video-preview:-1"},"canonical":"https:\/\/www.salon-medecinedouce.com\/lyon\/fanny-guenard-le-corps-en-vie\/","og_locale":"fr_FR","og_type":"article","og_title":"Fanny GU\u00c9NARD \"Le Corps En Vie\" - Bien-\u00eatre Lyon","og_description":"Venez d\u00e9couvrir Fanny GU\u00c9NARD \"Le Corps En Vie\" lors du salon Bien-\u00catre M\u00e9decine Douce Lyon du 16 au 18 janvier 2026 !","og_url":"https:\/\/www.salon-medecinedouce.com\/lyon\/fanny-guenard-le-corps-en-vie\/","og_site_name":"Bien-\u00eatre Lyon","article_published_time":"2025-12-03T16:28:20+00:00","article_modified_time":"2025-12-08T13:45:11+00:00","og_image":[{"width":627,"height":626,"url":"https:\/\/www.salon-medecinedouce.com\/lyon\/wp-content\/uploads\/sites\/12\/2025\/12\/Capture-decran-2025-12-03-a-17.09.54.png","type":"image\/png"}],"author":"communication","twitter_card":"summary_large_image","twitter_misc":{"\u00c9crit par":"communication","Dur\u00e9e de lecture estim\u00e9e":"6 minutes"},"schema":{"@context":"https:\/\/schema.org","@graph":[{"@type":"Article","@id":"https:\/\/www.salon-medecinedouce.com\/lyon\/fanny-guenard-le-corps-en-vie\/#article","isPartOf":{"@id":"https:\/\/www.salon-medecinedouce.com\/lyon\/fanny-guenard-le-corps-en-vie\/"},"author":{"name":"communication","@id":"https:\/\/www.salon-medecinedouce.com\/lyon\/#\/schema\/person\/ae137e79c551ab78ea22fb35759cb9f8"},"headline":"Fanny GU\u00c9NARD \u00ab\u00a0Le Corps En Vie\u00a0\u00bb","datePublished":"2025-12-03T16:28:20+00:00","dateModified":"2025-12-08T13:45:11+00:00","mainEntityOfPage":{"@id":"https:\/\/www.salon-medecinedouce.com\/lyon\/fanny-guenard-le-corps-en-vie\/"},"wordCount":1205,"publisher":{"@id":"https:\/\/www.salon-medecinedouce.com\/lyon\/#organization"},"image":{"@id":"https:\/\/www.salon-medecinedouce.com\/lyon\/fanny-guenard-le-corps-en-vie\/#primaryimage"},"thumbnailUrl":"https:\/\/www.salon-medecinedouce.com\/lyon\/wp-content\/uploads\/sites\/12\/2025\/12\/Capture-decran-2025-12-03-a-17.09.54.png","articleSection":["Portraits exposants"],"inLanguage":"fr-FR"},{"@type":"WebPage","@id":"https:\/\/www.salon-medecinedouce.com\/lyon\/fanny-guenard-le-corps-en-vie\/","url":"https:\/\/www.salon-medecinedouce.com\/lyon\/fanny-guenard-le-corps-en-vie\/","name":"Fanny GU\u00c9NARD \"Le Corps En Vie\" - Bien-\u00eatre Lyon","isPartOf":{"@id":"https:\/\/www.salon-medecinedouce.com\/lyon\/#website"},"primaryImageOfPage":{"@id":"https:\/\/www.salon-medecinedouce.com\/lyon\/fanny-guenard-le-corps-en-vie\/#primaryimage"},"image":{"@id":"https:\/\/www.salon-medecinedouce.com\/lyon\/fanny-guenard-le-corps-en-vie\/#primaryimage"},"thumbnailUrl":"https:\/\/www.salon-medecinedouce.com\/lyon\/wp-content\/uploads\/sites\/12\/2025\/12\/Capture-decran-2025-12-03-a-17.09.54.png","datePublished":"2025-12-03T16:28:20+00:00","dateModified":"2025-12-08T13:45:11+00:00","description":"Venez d\u00e9couvrir Fanny GU\u00c9NARD \"Le Corps En Vie\" lors du salon Bien-\u00catre M\u00e9decine Douce Lyon du 16 au 18 janvier 2026 !","breadcrumb":{"@id":"https:\/\/www.salon-medecinedouce.com\/lyon\/fanny-guenard-le-corps-en-vie\/#breadcrumb"},"inLanguage":"fr-FR","potentialAction":[{"@type":"ReadAction","target":["https:\/\/www.salon-medecinedouce.com\/lyon\/fanny-guenard-le-corps-en-vie\/"]}]},{"@type":"ImageObject","inLanguage":"fr-FR","@id":"https:\/\/www.salon-medecinedouce.com\/lyon\/fanny-guenard-le-corps-en-vie\/#primaryimage","url":"https:\/\/www.salon-medecinedouce.com\/lyon\/wp-content\/uploads\/sites\/12\/2025\/12\/Capture-decran-2025-12-03-a-17.09.54.png","contentUrl":"https:\/\/www.salon-medecinedouce.com\/lyon\/wp-content\/uploads\/sites\/12\/2025\/12\/Capture-decran-2025-12-03-a-17.09.54.png","width":627,"height":626},{"@type":"BreadcrumbList","@id":"https:\/\/www.salon-medecinedouce.com\/lyon\/fanny-guenard-le-corps-en-vie\/#breadcrumb","itemListElement":[{"@type":"ListItem","position":1,"name":"Accueil","item":"https:\/\/www.salon-medecinedouce.com\/lyon\/"},{"@type":"ListItem","position":2,"name":"Fanny GU\u00c9NARD \u00ab\u00a0Le Corps En Vie\u00a0\u00bb"}]},{"@type":"WebSite","@id":"https:\/\/www.salon-medecinedouce.com\/lyon\/#website","url":"https:\/\/www.salon-medecinedouce.com\/lyon\/","name":"Bien-\u00eatre Lyon","description":"La sant\u00e9 au naturel : M\u00e9decines douces - Compl\u00e9ments alimentaires - Alimentation saine - Cosm\u00e9tiques naturelles - Art de vivre - Tourisme de sant\u00e9","publisher":{"@id":"https:\/\/www.salon-medecinedouce.com\/lyon\/#organization"},"potentialAction":[{"@type":"SearchAction","target":{"@type":"EntryPoint","urlTemplate":"https:\/\/www.salon-medecinedouce.com\/lyon\/?s={search_term_string}"},"query-input":{"@type":"PropertyValueSpecification","valueRequired":true,"valueName":"search_term_string"}}],"inLanguage":"fr-FR"},{"@type":"Organization","@id":"https:\/\/www.salon-medecinedouce.com\/lyon\/#organization","name":"Bien-\u00eatre Lyon","url":"https:\/\/www.salon-medecinedouce.com\/lyon\/","logo":{"@type":"ImageObject","inLanguage":"fr-FR","@id":"https:\/\/www.salon-medecinedouce.com\/lyon\/#\/schema\/logo\/image\/","url":"https:\/\/www.salon-medecinedouce.com\/lyon\/wp-content\/uploads\/sites\/12\/2024\/05\/cropped-logo-orange-bemd.png","contentUrl":"https:\/\/www.salon-medecinedouce.com\/lyon\/wp-content\/uploads\/sites\/12\/2024\/05\/cropped-logo-orange-bemd.png","width":591,"height":591,"caption":"Bien-\u00eatre Lyon"},"image":{"@id":"https:\/\/www.salon-medecinedouce.com\/lyon\/#\/schema\/logo\/image\/"}},{"@type":"Person","@id":"https:\/\/www.salon-medecinedouce.com\/lyon\/#\/schema\/person\/ae137e79c551ab78ea22fb35759cb9f8","name":"communication","image":{"@type":"ImageObject","inLanguage":"fr-FR","@id":"https:\/\/secure.gravatar.com\/avatar\/0f49d5b7ab56355ffa797b3ce25e4f2375cedf6bc9afe416fe669342c3524275?s=96&d=mm&r=g","url":"https:\/\/secure.gravatar.com\/avatar\/0f49d5b7ab56355ffa797b3ce25e4f2375cedf6bc9afe416fe669342c3524275?s=96&d=mm&r=g","contentUrl":"https:\/\/secure.gravatar.com\/avatar\/0f49d5b7ab56355ffa797b3ce25e4f2375cedf6bc9afe416fe669342c3524275?s=96&d=mm&r=g","caption":"communication"},"url":"https:\/\/www.salon-medecinedouce.com\/lyon\/author\/communication\/"}]}},"rttpg_featured_image_url":{"full":["https:\/\/www.salon-medecinedouce.com\/lyon\/wp-content\/uploads\/sites\/12\/2025\/12\/Capture-decran-2025-12-03-a-17.09.54.png",627,626,false],"landscape":["https:\/\/www.salon-medecinedouce.com\/lyon\/wp-content\/uploads\/sites\/12\/2025\/12\/Capture-decran-2025-12-03-a-17.09.54.png",627,626,false],"portraits":["https:\/\/www.salon-medecinedouce.com\/lyon\/wp-content\/uploads\/sites\/12\/2025\/12\/Capture-decran-2025-12-03-a-17.09.54.png",627,626,false],"thumbnail":["https:\/\/www.salon-medecinedouce.com\/lyon\/wp-content\/uploads\/sites\/12\/2025\/12\/Capture-decran-2025-12-03-a-17.09.54-150x150.png",150,150,true],"medium":["https:\/\/www.salon-medecinedouce.com\/lyon\/wp-content\/uploads\/sites\/12\/2025\/12\/Capture-decran-2025-12-03-a-17.09.54-300x300.png",300,300,true],"large":["https:\/\/www.salon-medecinedouce.com\/lyon\/wp-content\/uploads\/sites\/12\/2025\/12\/Capture-decran-2025-12-03-a-17.09.54.png",627,626,false],"1536x1536":["https:\/\/www.salon-medecinedouce.com\/lyon\/wp-content\/uploads\/sites\/12\/2025\/12\/Capture-decran-2025-12-03-a-17.09.54.png",627,626,false],"2048x2048":["https:\/\/www.salon-medecinedouce.com\/lyon\/wp-content\/uploads\/sites\/12\/2025\/12\/Capture-decran-2025-12-03-a-17.09.54.png",627,626,false],"gg_gallery_thumbnail":["https:\/\/www.salon-medecinedouce.com\/lyon\/wp-content\/uploads\/sites\/12\/2025\/12\/Capture-decran-2025-12-03-a-17.09.54-450x250.png",450,250,true],"rpwe-thumbnail":["https:\/\/www.salon-medecinedouce.com\/lyon\/wp-content\/uploads\/sites\/12\/2025\/12\/Capture-decran-2025-12-03-a-17.09.54-45x45.png",45,45,true]},"rttpg_author":{"display_name":"communication","author_link":"https:\/\/www.salon-medecinedouce.com\/lyon\/author\/communication\/"},"rttpg_comment":0,"rttpg_category":"<a href=\"https:\/\/www.salon-medecinedouce.com\/lyon\/category\/portraits-exposants\/\" rel=\"category tag\">Portraits exposants<\/a>","rttpg_excerpt":"Pr\u00e9sentez-vous en quelques mots Je suis Sophrologue, masseuse, cr\u00e9atrice et animatrice de s\u00e9jours \u00ab\u00a0retour sur soi\u00a0\u00bb et de formations \u00e0 diff\u00e9rents massages. Depuis plus de quinze ans, j\u2019exerce avec passion les m\u00e9tiers de sophrologue et de praticienne en massage en s\u00e9ances individuelles et personnalis\u00e9es, mais aussi en entreprises et lors des nombreux s\u00e9jours et formations&hellip;","_links":{"self":[{"href":"https:\/\/www.salon-medecinedouce.com\/lyon\/wp-json\/wp\/v2\/posts\/14415","targetHints":{"allow":["GET"]}}],"collection":[{"href":"https:\/\/www.salon-medecinedouce.com\/lyon\/wp-json\/wp\/v2\/posts"}],"about":[{"href":"https:\/\/www.salon-medecinedouce.com\/lyon\/wp-json\/wp\/v2\/types\/post"}],"author":[{"embeddable":true,"href":"https:\/\/www.salon-medecinedouce.com\/lyon\/wp-json\/wp\/v2\/users\/6"}],"replies":[{"embeddable":true,"href":"https:\/\/www.salon-medecinedouce.com\/lyon\/wp-json\/wp\/v2\/comments?post=14415"}],"version-history":[{"count":7,"href":"https:\/\/www.salon-medecinedouce.com\/lyon\/wp-json\/wp\/v2\/posts\/14415\/revisions"}],"predecessor-version":[{"id":14471,"href":"https:\/\/www.salon-medecinedouce.com\/lyon\/wp-json\/wp\/v2\/posts\/14415\/revisions\/14471"}],"wp:featuredmedia":[{"embeddable":true,"href":"https:\/\/www.salon-medecinedouce.com\/lyon\/wp-json\/wp\/v2\/media\/14416"}],"wp:attachment":[{"href":"https:\/\/www.salon-medecinedouce.com\/lyon\/wp-json\/wp\/v2\/media?parent=14415"}],"wp:term":[{"taxonomy":"category","embeddable":true,"href":"https:\/\/www.salon-medecinedouce.com\/lyon\/wp-json\/wp\/v2\/categories?post=14415"},{"taxonomy":"post_tag","embeddable":true,"href":"https:\/\/www.salon-medecinedouce.com\/lyon\/wp-json\/wp\/v2\/tags?post=14415"}],"curies":[{"name":"wp","href":"https:\/\/api.w.org\/{rel}","templated":true}]}}