{"id":12970,"date":"2024-11-15T16:16:35","date_gmt":"2024-11-15T15:16:35","guid":{"rendered":"https:\/\/www.salon-medecinedouce.com\/lyon\/?p=12970"},"modified":"2024-11-27T17:24:46","modified_gmt":"2024-11-27T16:24:46","slug":"institut-de-decodage-emotionnel-des-symptomes-ides","status":"publish","type":"post","link":"https:\/\/www.salon-medecinedouce.com\/lyon\/institut-de-decodage-emotionnel-des-symptomes-ides\/","title":{"rendered":"Institut de D\u00e9codage \u00c9motionnel des Sympt\u00f4mes (IDES)"},"content":{"rendered":"<h2>Pr\u00e9sentez-vous en quelques mots<\/h2>\n<p><a href=\"https:\/\/www.salon-medecinedouce.com\/lyon\/institut-de-decodage-emotionnel-des-symptomes-ides\/beatrice-bourau-glisia-1\/\" rel=\"attachment wp-att-12991\"><img fetchpriority=\"high\" decoding=\"async\" class=\"alignnone wp-image-12991 \" src=\"https:\/\/www.salon-medecinedouce.com\/lyon\/wp-content\/uploads\/sites\/12\/2024\/11\/beatrice-bourau-glisia-1.jpg\" alt=\"\" width=\"379\" height=\"296\" srcset=\"https:\/\/www.salon-medecinedouce.com\/lyon\/wp-content\/uploads\/sites\/12\/2024\/11\/beatrice-bourau-glisia-1.jpg 1920w, https:\/\/www.salon-medecinedouce.com\/lyon\/wp-content\/uploads\/sites\/12\/2024\/11\/beatrice-bourau-glisia-1-300x234.jpg 300w, https:\/\/www.salon-medecinedouce.com\/lyon\/wp-content\/uploads\/sites\/12\/2024\/11\/beatrice-bourau-glisia-1-1024x800.jpg 1024w, https:\/\/www.salon-medecinedouce.com\/lyon\/wp-content\/uploads\/sites\/12\/2024\/11\/beatrice-bourau-glisia-1-768x600.jpg 768w, https:\/\/www.salon-medecinedouce.com\/lyon\/wp-content\/uploads\/sites\/12\/2024\/11\/beatrice-bourau-glisia-1-1536x1200.jpg 1536w, https:\/\/www.salon-medecinedouce.com\/lyon\/wp-content\/uploads\/sites\/12\/2024\/11\/beatrice-bourau-glisia-1-150x117.jpg 150w, https:\/\/www.salon-medecinedouce.com\/lyon\/wp-content\/uploads\/sites\/12\/2024\/11\/beatrice-bourau-glisia-1-500x391.jpg 500w\" sizes=\"(max-width: 379px) 100vw, 379px\" \/><\/a><\/p>\n<p>L&rsquo;IDES est l&rsquo;<a href=\"http:\/\/www.ides-dv.com\/\">Institut de D\u00e9codage \u00c9motionnel des Sympt\u00f4mes<\/a>. Comment l&rsquo;\u00e9motion agit tr\u00e8s pr\u00e9cis\u00e9ment sur la physiologie. Comment remonter \u00e0 l&rsquo;\u00e9motion qui a fragilis\u00e9 notre biologie ? Depuis 20 ans, B\u00e9atrice Bourau-Glisia, th\u00e9rapeute, formatrice et conf\u00e9renci\u00e8re internationale, vient partager avec vous sa passion.<\/p>\n<p>Comment accompagner un patient qui suite \u00e0 un choc \u00e9motionnel d\u00e9clenche telle ou telle pathologie ? Comprendre la logique du corps, qui r\u00e9pond essentiellement \u00e0 des besoins. Et si la maladie \u00e9tait une r\u00e9ponse ? Ce sont les questions auxquelles la Th\u00e9rapeute essaie de r\u00e9pondre. Bienvenue \u00e0 la rencontre que vous propose B\u00e9atrice Bourau-Glisia<\/p>\n<h2>Que propose l&rsquo;Institut de D\u00e9codage \u00c9motionnel des Sympt\u00f4mes (IDES)?\u00a0<\/h2>\n<p>Si la maladie avait un sens ? Une conf\u00e9rence sur les liens \u00e9troits et pr\u00e9cis entre les \u00e9motions et leur impact sur la sant\u00e9, les sympt\u00f4mes, les comportements.<\/p>\n<p>B\u00e9atrice Bourau-Glisia, th\u00e9rapeute et formatrice internationale depuis plus de 20 ans, vient\u00a0 partager avec vous sa passion qu&rsquo;elle transmet avec pr\u00e9cision, professionnalisme et bienveillance.<\/p>\n<p>Vous pourrez aussi vous informer sur les formations qu&rsquo;elle propose pour les th\u00e9rapeutes ou les personnes int\u00e9ress\u00e9es par l&rsquo;accompagnement.<br \/>\nElle vous attend avec enthousiasme.<\/p>\n<p>&nbsp;<\/p>\n<h2>Parlez-nous de votre relation avec le salon<\/h2>\n<p>Les conf\u00e9rences propos\u00e9es par le salon de Paris, ouvert \u00e0 tous, sont un moyen simple, de d\u00e9couvrir de nouvelles perceptions du bien-\u00eatre et du mieux-\u00eatre. Chacun y trouvera ce qui lui correspond le mieux.<\/p>\n<h2>Une citation qui vous inspire, une pens\u00e9e positive \u00e0 partager ?<\/h2>\n<p>Le bien-\u00eatre est la mani\u00e8re d&rsquo;aborder le monde avec optimisme, comprenant les nombreuses possibilit\u00e9s que la nature, les hommes et les femmes ont pour vivre en harmonie avec le monde et les autres\u2026<\/p>\n<p>&nbsp;<\/p>\n<p><a href=\"https:\/\/www.salon-medecinedouce.com\/lyon\/visiter\/liste-des-exposants\/\" target=\"_blank\" rel=\"noopener\"><em>Consultez la liste des exposants<\/em><\/a><\/p>\n<div class=\"salon-pubs-hp-bas-de-page salon-entity-placement\" id=\"salon-2413640697\"><div id=\"salon-660219139\"><a data-no-instant=\"1\" href=\"https:\/\/www.naia-kaolin-delphine.fr\/\" rel=\"noopener\" class=\"a2t-link\" target=\"_blank\"><p><a href=\"https:\/\/www.naia-kaolin-delphine.fr\/\"><img decoding=\"async\" class=\"wp-image-15074 size-full aligncenter\" src=\"https:\/\/www.salon-medecinedouce.com\/lyon\/wp-content\/uploads\/sites\/12\/2026\/01\/Naia-Kaolin-salon-LYON-2026.png\" alt=\"\" width=\"728\" height=\"90\" srcset=\"https:\/\/www.salon-medecinedouce.com\/lyon\/wp-content\/uploads\/sites\/12\/2026\/01\/Naia-Kaolin-salon-LYON-2026.png 728w, https:\/\/www.salon-medecinedouce.com\/lyon\/wp-content\/uploads\/sites\/12\/2026\/01\/Naia-Kaolin-salon-LYON-2026-300x37.png 300w, https:\/\/www.salon-medecinedouce.com\/lyon\/wp-content\/uploads\/sites\/12\/2026\/01\/Naia-Kaolin-salon-LYON-2026-150x19.png 150w, https:\/\/www.salon-medecinedouce.com\/lyon\/wp-content\/uploads\/sites\/12\/2026\/01\/Naia-Kaolin-salon-LYON-2026-500x62.png 500w\" sizes=\"(max-width: 728px) 100vw, 728px\" \/><\/a><\/p>\n<\/a><\/div><\/div>","protected":false},"excerpt":{"rendered":"<p>Pr\u00e9sentez-vous en quelques mots L&rsquo;IDES est l&rsquo;Institut de D\u00e9codage \u00c9motionnel des Sympt\u00f4mes. Comment l&rsquo;\u00e9motion agit tr\u00e8s pr\u00e9cis\u00e9ment sur la physiologie. Comment remonter \u00e0 l&rsquo;\u00e9motion qui a fragilis\u00e9 notre biologie ? Depuis 20 ans, B\u00e9atrice Bourau-Glisia, th\u00e9rapeute, formatrice et conf\u00e9renci\u00e8re internationale, vient partager avec vous sa passion. Comment accompagner un patient qui suite \u00e0 un choc&hellip; <\/p>\n","protected":false},"author":6,"featured_media":12991,"comment_status":"closed","ping_status":"closed","sticky":false,"template":"","format":"standard","meta":{"_monsterinsights_skip_tracking":false,"_monsterinsights_sitenote_active":false,"_monsterinsights_sitenote_note":"","_monsterinsights_sitenote_category":0,"footnotes":""},"categories":[384],"tags":[],"class_list":["post-12970","post","type-post","status-publish","format-standard","has-post-thumbnail","hentry","category-portraits-exposants"],"yoast_head":"<!-- This site is optimized with the Yoast SEO plugin v27.3 - https:\/\/yoast.com\/product\/yoast-seo-wordpress\/ -->\n<title>Institut de D\u00e9codage \u00c9motionnel des Sympt\u00f4mes (IDES) - Bien-\u00eatre Lyon<\/title>\n<meta name=\"description\" content=\"Venez d\u00e9couvrir ou red\u00e9couvrir l&#039;Institut de D\u00e9codage \u00c9motionnel des Sympt\u00f4mes (IDES) lors du salon Bien-\u00catre M\u00e9decine Douce Lyon du 17 au 19 janvier 2025 !\" \/>\n<meta name=\"robots\" content=\"index, follow, max-snippet:-1, max-image-preview:large, max-video-preview:-1\" \/>\n<link rel=\"canonical\" href=\"https:\/\/www.salon-medecinedouce.com\/lyon\/institut-de-decodage-emotionnel-des-symptomes-ides\/\" \/>\n<meta property=\"og:locale\" content=\"fr_FR\" \/>\n<meta property=\"og:type\" content=\"article\" \/>\n<meta property=\"og:title\" content=\"Institut de D\u00e9codage \u00c9motionnel des Sympt\u00f4mes (IDES) - Bien-\u00eatre Lyon\" \/>\n<meta property=\"og:description\" content=\"Venez d\u00e9couvrir ou red\u00e9couvrir l&#039;Institut de D\u00e9codage \u00c9motionnel des Sympt\u00f4mes (IDES) lors du salon Bien-\u00catre M\u00e9decine Douce Lyon du 17 au 19 janvier 2025 !\" \/>\n<meta property=\"og:url\" content=\"https:\/\/www.salon-medecinedouce.com\/lyon\/institut-de-decodage-emotionnel-des-symptomes-ides\/\" \/>\n<meta property=\"og:site_name\" content=\"Bien-\u00eatre Lyon\" \/>\n<meta property=\"article:published_time\" content=\"2024-11-15T15:16:35+00:00\" \/>\n<meta property=\"article:modified_time\" content=\"2024-11-27T16:24:46+00:00\" \/>\n<meta property=\"og:image\" content=\"https:\/\/www.salon-medecinedouce.com\/lyon\/wp-content\/uploads\/sites\/12\/2024\/11\/beatrice-bourau-glisia-1.jpg\" \/>\n\t<meta property=\"og:image:width\" content=\"1920\" \/>\n\t<meta property=\"og:image:height\" content=\"1500\" \/>\n\t<meta property=\"og:image:type\" content=\"image\/jpeg\" \/>\n<meta name=\"author\" content=\"communication\" \/>\n<meta name=\"twitter:card\" content=\"summary_large_image\" \/>\n<meta name=\"twitter:label1\" content=\"\u00c9crit par\" \/>\n\t<meta name=\"twitter:data1\" content=\"communication\" \/>\n\t<meta name=\"twitter:label2\" content=\"Dur\u00e9e de lecture estim\u00e9e\" \/>\n\t<meta name=\"twitter:data2\" content=\"2 minutes\" \/>\n<script type=\"application\/ld+json\" class=\"yoast-schema-graph\">{\"@context\":\"https:\\\/\\\/schema.org\",\"@graph\":[{\"@type\":\"Article\",\"@id\":\"https:\\\/\\\/www.salon-medecinedouce.com\\\/lyon\\\/institut-de-decodage-emotionnel-des-symptomes-ides\\\/#article\",\"isPartOf\":{\"@id\":\"https:\\\/\\\/www.salon-medecinedouce.com\\\/lyon\\\/institut-de-decodage-emotionnel-des-symptomes-ides\\\/\"},\"author\":{\"name\":\"communication\",\"@id\":\"https:\\\/\\\/www.salon-medecinedouce.com\\\/lyon\\\/#\\\/schema\\\/person\\\/ae137e79c551ab78ea22fb35759cb9f8\"},\"headline\":\"Institut de D\u00e9codage \u00c9motionnel des Sympt\u00f4mes (IDES)\",\"datePublished\":\"2024-11-15T15:16:35+00:00\",\"dateModified\":\"2024-11-27T16:24:46+00:00\",\"mainEntityOfPage\":{\"@id\":\"https:\\\/\\\/www.salon-medecinedouce.com\\\/lyon\\\/institut-de-decodage-emotionnel-des-symptomes-ides\\\/\"},\"wordCount\":311,\"publisher\":{\"@id\":\"https:\\\/\\\/www.salon-medecinedouce.com\\\/lyon\\\/#organization\"},\"image\":{\"@id\":\"https:\\\/\\\/www.salon-medecinedouce.com\\\/lyon\\\/institut-de-decodage-emotionnel-des-symptomes-ides\\\/#primaryimage\"},\"thumbnailUrl\":\"https:\\\/\\\/www.salon-medecinedouce.com\\\/lyon\\\/wp-content\\\/uploads\\\/sites\\\/12\\\/2024\\\/11\\\/beatrice-bourau-glisia-1.jpg\",\"articleSection\":[\"Portraits exposants\"],\"inLanguage\":\"fr-FR\"},{\"@type\":\"WebPage\",\"@id\":\"https:\\\/\\\/www.salon-medecinedouce.com\\\/lyon\\\/institut-de-decodage-emotionnel-des-symptomes-ides\\\/\",\"url\":\"https:\\\/\\\/www.salon-medecinedouce.com\\\/lyon\\\/institut-de-decodage-emotionnel-des-symptomes-ides\\\/\",\"name\":\"Institut de D\u00e9codage \u00c9motionnel des Sympt\u00f4mes (IDES) - Bien-\u00eatre Lyon\",\"isPartOf\":{\"@id\":\"https:\\\/\\\/www.salon-medecinedouce.com\\\/lyon\\\/#website\"},\"primaryImageOfPage\":{\"@id\":\"https:\\\/\\\/www.salon-medecinedouce.com\\\/lyon\\\/institut-de-decodage-emotionnel-des-symptomes-ides\\\/#primaryimage\"},\"image\":{\"@id\":\"https:\\\/\\\/www.salon-medecinedouce.com\\\/lyon\\\/institut-de-decodage-emotionnel-des-symptomes-ides\\\/#primaryimage\"},\"thumbnailUrl\":\"https:\\\/\\\/www.salon-medecinedouce.com\\\/lyon\\\/wp-content\\\/uploads\\\/sites\\\/12\\\/2024\\\/11\\\/beatrice-bourau-glisia-1.jpg\",\"datePublished\":\"2024-11-15T15:16:35+00:00\",\"dateModified\":\"2024-11-27T16:24:46+00:00\",\"description\":\"Venez d\u00e9couvrir ou red\u00e9couvrir l'Institut de D\u00e9codage \u00c9motionnel des Sympt\u00f4mes (IDES) lors du salon Bien-\u00catre M\u00e9decine Douce Lyon du 17 au 19 janvier 2025 !\",\"breadcrumb\":{\"@id\":\"https:\\\/\\\/www.salon-medecinedouce.com\\\/lyon\\\/institut-de-decodage-emotionnel-des-symptomes-ides\\\/#breadcrumb\"},\"inLanguage\":\"fr-FR\",\"potentialAction\":[{\"@type\":\"ReadAction\",\"target\":[\"https:\\\/\\\/www.salon-medecinedouce.com\\\/lyon\\\/institut-de-decodage-emotionnel-des-symptomes-ides\\\/\"]}]},{\"@type\":\"ImageObject\",\"inLanguage\":\"fr-FR\",\"@id\":\"https:\\\/\\\/www.salon-medecinedouce.com\\\/lyon\\\/institut-de-decodage-emotionnel-des-symptomes-ides\\\/#primaryimage\",\"url\":\"https:\\\/\\\/www.salon-medecinedouce.com\\\/lyon\\\/wp-content\\\/uploads\\\/sites\\\/12\\\/2024\\\/11\\\/beatrice-bourau-glisia-1.jpg\",\"contentUrl\":\"https:\\\/\\\/www.salon-medecinedouce.com\\\/lyon\\\/wp-content\\\/uploads\\\/sites\\\/12\\\/2024\\\/11\\\/beatrice-bourau-glisia-1.jpg\",\"width\":1920,\"height\":1500},{\"@type\":\"BreadcrumbList\",\"@id\":\"https:\\\/\\\/www.salon-medecinedouce.com\\\/lyon\\\/institut-de-decodage-emotionnel-des-symptomes-ides\\\/#breadcrumb\",\"itemListElement\":[{\"@type\":\"ListItem\",\"position\":1,\"name\":\"Accueil\",\"item\":\"https:\\\/\\\/www.salon-medecinedouce.com\\\/lyon\\\/\"},{\"@type\":\"ListItem\",\"position\":2,\"name\":\"Institut de D\u00e9codage \u00c9motionnel des Sympt\u00f4mes (IDES)\"}]},{\"@type\":\"WebSite\",\"@id\":\"https:\\\/\\\/www.salon-medecinedouce.com\\\/lyon\\\/#website\",\"url\":\"https:\\\/\\\/www.salon-medecinedouce.com\\\/lyon\\\/\",\"name\":\"Bien-\u00eatre Lyon\",\"description\":\"La sant\u00e9 au naturel : M\u00e9decines douces - Compl\u00e9ments alimentaires - Alimentation saine - Cosm\u00e9tiques naturelles - Art de vivre - Tourisme de sant\u00e9\",\"publisher\":{\"@id\":\"https:\\\/\\\/www.salon-medecinedouce.com\\\/lyon\\\/#organization\"},\"potentialAction\":[{\"@type\":\"SearchAction\",\"target\":{\"@type\":\"EntryPoint\",\"urlTemplate\":\"https:\\\/\\\/www.salon-medecinedouce.com\\\/lyon\\\/?s={search_term_string}\"},\"query-input\":{\"@type\":\"PropertyValueSpecification\",\"valueRequired\":true,\"valueName\":\"search_term_string\"}}],\"inLanguage\":\"fr-FR\"},{\"@type\":\"Organization\",\"@id\":\"https:\\\/\\\/www.salon-medecinedouce.com\\\/lyon\\\/#organization\",\"name\":\"Bien-\u00eatre Lyon\",\"url\":\"https:\\\/\\\/www.salon-medecinedouce.com\\\/lyon\\\/\",\"logo\":{\"@type\":\"ImageObject\",\"inLanguage\":\"fr-FR\",\"@id\":\"https:\\\/\\\/www.salon-medecinedouce.com\\\/lyon\\\/#\\\/schema\\\/logo\\\/image\\\/\",\"url\":\"https:\\\/\\\/www.salon-medecinedouce.com\\\/lyon\\\/wp-content\\\/uploads\\\/sites\\\/12\\\/2024\\\/05\\\/cropped-logo-orange-bemd.png\",\"contentUrl\":\"https:\\\/\\\/www.salon-medecinedouce.com\\\/lyon\\\/wp-content\\\/uploads\\\/sites\\\/12\\\/2024\\\/05\\\/cropped-logo-orange-bemd.png\",\"width\":591,\"height\":591,\"caption\":\"Bien-\u00eatre Lyon\"},\"image\":{\"@id\":\"https:\\\/\\\/www.salon-medecinedouce.com\\\/lyon\\\/#\\\/schema\\\/logo\\\/image\\\/\"}},{\"@type\":\"Person\",\"@id\":\"https:\\\/\\\/www.salon-medecinedouce.com\\\/lyon\\\/#\\\/schema\\\/person\\\/ae137e79c551ab78ea22fb35759cb9f8\",\"name\":\"communication\",\"image\":{\"@type\":\"ImageObject\",\"inLanguage\":\"fr-FR\",\"@id\":\"https:\\\/\\\/secure.gravatar.com\\\/avatar\\\/0f49d5b7ab56355ffa797b3ce25e4f2375cedf6bc9afe416fe669342c3524275?s=96&d=mm&r=g\",\"url\":\"https:\\\/\\\/secure.gravatar.com\\\/avatar\\\/0f49d5b7ab56355ffa797b3ce25e4f2375cedf6bc9afe416fe669342c3524275?s=96&d=mm&r=g\",\"contentUrl\":\"https:\\\/\\\/secure.gravatar.com\\\/avatar\\\/0f49d5b7ab56355ffa797b3ce25e4f2375cedf6bc9afe416fe669342c3524275?s=96&d=mm&r=g\",\"caption\":\"communication\"},\"url\":\"https:\\\/\\\/www.salon-medecinedouce.com\\\/lyon\\\/author\\\/communication\\\/\"}]}<\/script>\n<!-- \/ Yoast SEO plugin. -->","yoast_head_json":{"title":"Institut de D\u00e9codage \u00c9motionnel des Sympt\u00f4mes (IDES) - Bien-\u00eatre Lyon","description":"Venez d\u00e9couvrir ou red\u00e9couvrir l'Institut de D\u00e9codage \u00c9motionnel des Sympt\u00f4mes (IDES) lors du salon Bien-\u00catre M\u00e9decine Douce Lyon du 17 au 19 janvier 2025 !","robots":{"index":"index","follow":"follow","max-snippet":"max-snippet:-1","max-image-preview":"max-image-preview:large","max-video-preview":"max-video-preview:-1"},"canonical":"https:\/\/www.salon-medecinedouce.com\/lyon\/institut-de-decodage-emotionnel-des-symptomes-ides\/","og_locale":"fr_FR","og_type":"article","og_title":"Institut de D\u00e9codage \u00c9motionnel des Sympt\u00f4mes (IDES) - Bien-\u00eatre Lyon","og_description":"Venez d\u00e9couvrir ou red\u00e9couvrir l'Institut de D\u00e9codage \u00c9motionnel des Sympt\u00f4mes (IDES) lors du salon Bien-\u00catre M\u00e9decine Douce Lyon du 17 au 19 janvier 2025 !","og_url":"https:\/\/www.salon-medecinedouce.com\/lyon\/institut-de-decodage-emotionnel-des-symptomes-ides\/","og_site_name":"Bien-\u00eatre Lyon","article_published_time":"2024-11-15T15:16:35+00:00","article_modified_time":"2024-11-27T16:24:46+00:00","og_image":[{"width":1920,"height":1500,"url":"https:\/\/www.salon-medecinedouce.com\/lyon\/wp-content\/uploads\/sites\/12\/2024\/11\/beatrice-bourau-glisia-1.jpg","type":"image\/jpeg"}],"author":"communication","twitter_card":"summary_large_image","twitter_misc":{"\u00c9crit par":"communication","Dur\u00e9e de lecture estim\u00e9e":"2 minutes"},"schema":{"@context":"https:\/\/schema.org","@graph":[{"@type":"Article","@id":"https:\/\/www.salon-medecinedouce.com\/lyon\/institut-de-decodage-emotionnel-des-symptomes-ides\/#article","isPartOf":{"@id":"https:\/\/www.salon-medecinedouce.com\/lyon\/institut-de-decodage-emotionnel-des-symptomes-ides\/"},"author":{"name":"communication","@id":"https:\/\/www.salon-medecinedouce.com\/lyon\/#\/schema\/person\/ae137e79c551ab78ea22fb35759cb9f8"},"headline":"Institut de D\u00e9codage \u00c9motionnel des Sympt\u00f4mes (IDES)","datePublished":"2024-11-15T15:16:35+00:00","dateModified":"2024-11-27T16:24:46+00:00","mainEntityOfPage":{"@id":"https:\/\/www.salon-medecinedouce.com\/lyon\/institut-de-decodage-emotionnel-des-symptomes-ides\/"},"wordCount":311,"publisher":{"@id":"https:\/\/www.salon-medecinedouce.com\/lyon\/#organization"},"image":{"@id":"https:\/\/www.salon-medecinedouce.com\/lyon\/institut-de-decodage-emotionnel-des-symptomes-ides\/#primaryimage"},"thumbnailUrl":"https:\/\/www.salon-medecinedouce.com\/lyon\/wp-content\/uploads\/sites\/12\/2024\/11\/beatrice-bourau-glisia-1.jpg","articleSection":["Portraits exposants"],"inLanguage":"fr-FR"},{"@type":"WebPage","@id":"https:\/\/www.salon-medecinedouce.com\/lyon\/institut-de-decodage-emotionnel-des-symptomes-ides\/","url":"https:\/\/www.salon-medecinedouce.com\/lyon\/institut-de-decodage-emotionnel-des-symptomes-ides\/","name":"Institut de D\u00e9codage \u00c9motionnel des Sympt\u00f4mes (IDES) - Bien-\u00eatre Lyon","isPartOf":{"@id":"https:\/\/www.salon-medecinedouce.com\/lyon\/#website"},"primaryImageOfPage":{"@id":"https:\/\/www.salon-medecinedouce.com\/lyon\/institut-de-decodage-emotionnel-des-symptomes-ides\/#primaryimage"},"image":{"@id":"https:\/\/www.salon-medecinedouce.com\/lyon\/institut-de-decodage-emotionnel-des-symptomes-ides\/#primaryimage"},"thumbnailUrl":"https:\/\/www.salon-medecinedouce.com\/lyon\/wp-content\/uploads\/sites\/12\/2024\/11\/beatrice-bourau-glisia-1.jpg","datePublished":"2024-11-15T15:16:35+00:00","dateModified":"2024-11-27T16:24:46+00:00","description":"Venez d\u00e9couvrir ou red\u00e9couvrir l'Institut de D\u00e9codage \u00c9motionnel des Sympt\u00f4mes (IDES) lors du salon Bien-\u00catre M\u00e9decine Douce Lyon du 17 au 19 janvier 2025 !","breadcrumb":{"@id":"https:\/\/www.salon-medecinedouce.com\/lyon\/institut-de-decodage-emotionnel-des-symptomes-ides\/#breadcrumb"},"inLanguage":"fr-FR","potentialAction":[{"@type":"ReadAction","target":["https:\/\/www.salon-medecinedouce.com\/lyon\/institut-de-decodage-emotionnel-des-symptomes-ides\/"]}]},{"@type":"ImageObject","inLanguage":"fr-FR","@id":"https:\/\/www.salon-medecinedouce.com\/lyon\/institut-de-decodage-emotionnel-des-symptomes-ides\/#primaryimage","url":"https:\/\/www.salon-medecinedouce.com\/lyon\/wp-content\/uploads\/sites\/12\/2024\/11\/beatrice-bourau-glisia-1.jpg","contentUrl":"https:\/\/www.salon-medecinedouce.com\/lyon\/wp-content\/uploads\/sites\/12\/2024\/11\/beatrice-bourau-glisia-1.jpg","width":1920,"height":1500},{"@type":"BreadcrumbList","@id":"https:\/\/www.salon-medecinedouce.com\/lyon\/institut-de-decodage-emotionnel-des-symptomes-ides\/#breadcrumb","itemListElement":[{"@type":"ListItem","position":1,"name":"Accueil","item":"https:\/\/www.salon-medecinedouce.com\/lyon\/"},{"@type":"ListItem","position":2,"name":"Institut de D\u00e9codage \u00c9motionnel des Sympt\u00f4mes (IDES)"}]},{"@type":"WebSite","@id":"https:\/\/www.salon-medecinedouce.com\/lyon\/#website","url":"https:\/\/www.salon-medecinedouce.com\/lyon\/","name":"Bien-\u00eatre Lyon","description":"La sant\u00e9 au naturel : M\u00e9decines douces - Compl\u00e9ments alimentaires - Alimentation saine - Cosm\u00e9tiques naturelles - Art de vivre - Tourisme de sant\u00e9","publisher":{"@id":"https:\/\/www.salon-medecinedouce.com\/lyon\/#organization"},"potentialAction":[{"@type":"SearchAction","target":{"@type":"EntryPoint","urlTemplate":"https:\/\/www.salon-medecinedouce.com\/lyon\/?s={search_term_string}"},"query-input":{"@type":"PropertyValueSpecification","valueRequired":true,"valueName":"search_term_string"}}],"inLanguage":"fr-FR"},{"@type":"Organization","@id":"https:\/\/www.salon-medecinedouce.com\/lyon\/#organization","name":"Bien-\u00eatre Lyon","url":"https:\/\/www.salon-medecinedouce.com\/lyon\/","logo":{"@type":"ImageObject","inLanguage":"fr-FR","@id":"https:\/\/www.salon-medecinedouce.com\/lyon\/#\/schema\/logo\/image\/","url":"https:\/\/www.salon-medecinedouce.com\/lyon\/wp-content\/uploads\/sites\/12\/2024\/05\/cropped-logo-orange-bemd.png","contentUrl":"https:\/\/www.salon-medecinedouce.com\/lyon\/wp-content\/uploads\/sites\/12\/2024\/05\/cropped-logo-orange-bemd.png","width":591,"height":591,"caption":"Bien-\u00eatre Lyon"},"image":{"@id":"https:\/\/www.salon-medecinedouce.com\/lyon\/#\/schema\/logo\/image\/"}},{"@type":"Person","@id":"https:\/\/www.salon-medecinedouce.com\/lyon\/#\/schema\/person\/ae137e79c551ab78ea22fb35759cb9f8","name":"communication","image":{"@type":"ImageObject","inLanguage":"fr-FR","@id":"https:\/\/secure.gravatar.com\/avatar\/0f49d5b7ab56355ffa797b3ce25e4f2375cedf6bc9afe416fe669342c3524275?s=96&d=mm&r=g","url":"https:\/\/secure.gravatar.com\/avatar\/0f49d5b7ab56355ffa797b3ce25e4f2375cedf6bc9afe416fe669342c3524275?s=96&d=mm&r=g","contentUrl":"https:\/\/secure.gravatar.com\/avatar\/0f49d5b7ab56355ffa797b3ce25e4f2375cedf6bc9afe416fe669342c3524275?s=96&d=mm&r=g","caption":"communication"},"url":"https:\/\/www.salon-medecinedouce.com\/lyon\/author\/communication\/"}]}},"rttpg_featured_image_url":{"full":["https:\/\/www.salon-medecinedouce.com\/lyon\/wp-content\/uploads\/sites\/12\/2024\/11\/beatrice-bourau-glisia-1.jpg",1920,1500,false],"landscape":["https:\/\/www.salon-medecinedouce.com\/lyon\/wp-content\/uploads\/sites\/12\/2024\/11\/beatrice-bourau-glisia-1.jpg",1920,1500,false],"portraits":["https:\/\/www.salon-medecinedouce.com\/lyon\/wp-content\/uploads\/sites\/12\/2024\/11\/beatrice-bourau-glisia-1.jpg",1920,1500,false],"thumbnail":["https:\/\/www.salon-medecinedouce.com\/lyon\/wp-content\/uploads\/sites\/12\/2024\/11\/beatrice-bourau-glisia-1-150x150.jpg",150,150,true],"medium":["https:\/\/www.salon-medecinedouce.com\/lyon\/wp-content\/uploads\/sites\/12\/2024\/11\/beatrice-bourau-glisia-1-300x234.jpg",300,234,true],"large":["https:\/\/www.salon-medecinedouce.com\/lyon\/wp-content\/uploads\/sites\/12\/2024\/11\/beatrice-bourau-glisia-1-1024x800.jpg",790,617,true],"1536x1536":["https:\/\/www.salon-medecinedouce.com\/lyon\/wp-content\/uploads\/sites\/12\/2024\/11\/beatrice-bourau-glisia-1-1536x1200.jpg",1536,1200,true],"2048x2048":["https:\/\/www.salon-medecinedouce.com\/lyon\/wp-content\/uploads\/sites\/12\/2024\/11\/beatrice-bourau-glisia-1.jpg",1920,1500,false],"gg_gallery_thumbnail":["https:\/\/www.salon-medecinedouce.com\/lyon\/wp-content\/uploads\/sites\/12\/2024\/11\/beatrice-bourau-glisia-1-450x250.jpg",450,250,true],"rpwe-thumbnail":["https:\/\/www.salon-medecinedouce.com\/lyon\/wp-content\/uploads\/sites\/12\/2024\/11\/beatrice-bourau-glisia-1-45x45.jpg",45,45,true]},"rttpg_author":{"display_name":"communication","author_link":"https:\/\/www.salon-medecinedouce.com\/lyon\/author\/communication\/"},"rttpg_comment":0,"rttpg_category":"<a href=\"https:\/\/www.salon-medecinedouce.com\/lyon\/category\/portraits-exposants\/\" rel=\"category tag\">Portraits exposants<\/a>","rttpg_excerpt":"Pr\u00e9sentez-vous en quelques mots L&rsquo;IDES est l&rsquo;Institut de D\u00e9codage \u00c9motionnel des Sympt\u00f4mes. Comment l&rsquo;\u00e9motion agit tr\u00e8s pr\u00e9cis\u00e9ment sur la physiologie. Comment remonter \u00e0 l&rsquo;\u00e9motion qui a fragilis\u00e9 notre biologie ? Depuis 20 ans, B\u00e9atrice Bourau-Glisia, th\u00e9rapeute, formatrice et conf\u00e9renci\u00e8re internationale, vient partager avec vous sa passion. Comment accompagner un patient qui suite \u00e0 un choc&hellip;","_links":{"self":[{"href":"https:\/\/www.salon-medecinedouce.com\/lyon\/wp-json\/wp\/v2\/posts\/12970","targetHints":{"allow":["GET"]}}],"collection":[{"href":"https:\/\/www.salon-medecinedouce.com\/lyon\/wp-json\/wp\/v2\/posts"}],"about":[{"href":"https:\/\/www.salon-medecinedouce.com\/lyon\/wp-json\/wp\/v2\/types\/post"}],"author":[{"embeddable":true,"href":"https:\/\/www.salon-medecinedouce.com\/lyon\/wp-json\/wp\/v2\/users\/6"}],"replies":[{"embeddable":true,"href":"https:\/\/www.salon-medecinedouce.com\/lyon\/wp-json\/wp\/v2\/comments?post=12970"}],"version-history":[{"count":10,"href":"https:\/\/www.salon-medecinedouce.com\/lyon\/wp-json\/wp\/v2\/posts\/12970\/revisions"}],"predecessor-version":[{"id":12997,"href":"https:\/\/www.salon-medecinedouce.com\/lyon\/wp-json\/wp\/v2\/posts\/12970\/revisions\/12997"}],"wp:featuredmedia":[{"embeddable":true,"href":"https:\/\/www.salon-medecinedouce.com\/lyon\/wp-json\/wp\/v2\/media\/12991"}],"wp:attachment":[{"href":"https:\/\/www.salon-medecinedouce.com\/lyon\/wp-json\/wp\/v2\/media?parent=12970"}],"wp:term":[{"taxonomy":"category","embeddable":true,"href":"https:\/\/www.salon-medecinedouce.com\/lyon\/wp-json\/wp\/v2\/categories?post=12970"},{"taxonomy":"post_tag","embeddable":true,"href":"https:\/\/www.salon-medecinedouce.com\/lyon\/wp-json\/wp\/v2\/tags?post=12970"}],"curies":[{"name":"wp","href":"https:\/\/api.w.org\/{rel}","templated":true}]}}