{"id":12411,"date":"2024-01-11T12:35:57","date_gmt":"2024-01-11T11:35:57","guid":{"rendered":"https:\/\/www.salon-medecinedouce.com\/lyon\/?p=12411"},"modified":"2024-01-11T12:35:58","modified_gmt":"2024-01-11T11:35:58","slug":"portrait-exposant-2024-formasource","status":"publish","type":"post","link":"https:\/\/www.salon-medecinedouce.com\/lyon\/portrait-exposant-2024-formasource\/","title":{"rendered":"Portrait Exposant 2024 &#8211; FormaSource"},"content":{"rendered":"<h2>Pr\u00e9sentez-vous en quelques mots<\/h2>\n<p><a href=\"https:\/\/www.salon-medecinedouce.com\/lyon\/portrait-exposant-2024-formasource\/1703272681-file1-logo-formasource\/\" rel=\"attachment wp-att-12412\"><img fetchpriority=\"high\" decoding=\"async\" class=\"wp-image-12412 aligncenter\" src=\"https:\/\/www.salon-medecinedouce.com\/lyon\/wp-content\/uploads\/sites\/12\/2024\/01\/1703272681-file1-LOGO-FormaSource-300x209.jpg\" alt=\"FormaSource - formations au massages bien-\u00eatre\" width=\"357\" height=\"249\" srcset=\"https:\/\/www.salon-medecinedouce.com\/lyon\/wp-content\/uploads\/sites\/12\/2024\/01\/1703272681-file1-LOGO-FormaSource-300x209.jpg 300w, https:\/\/www.salon-medecinedouce.com\/lyon\/wp-content\/uploads\/sites\/12\/2024\/01\/1703272681-file1-LOGO-FormaSource-1024x713.jpg 1024w, https:\/\/www.salon-medecinedouce.com\/lyon\/wp-content\/uploads\/sites\/12\/2024\/01\/1703272681-file1-LOGO-FormaSource-768x535.jpg 768w, https:\/\/www.salon-medecinedouce.com\/lyon\/wp-content\/uploads\/sites\/12\/2024\/01\/1703272681-file1-LOGO-FormaSource-1536x1070.jpg 1536w, https:\/\/www.salon-medecinedouce.com\/lyon\/wp-content\/uploads\/sites\/12\/2024\/01\/1703272681-file1-LOGO-FormaSource-150x104.jpg 150w, https:\/\/www.salon-medecinedouce.com\/lyon\/wp-content\/uploads\/sites\/12\/2024\/01\/1703272681-file1-LOGO-FormaSource-500x348.jpg 500w, https:\/\/www.salon-medecinedouce.com\/lyon\/wp-content\/uploads\/sites\/12\/2024\/01\/1703272681-file1-LOGO-FormaSource.jpg 2048w\" sizes=\"(max-width: 357px) 100vw, 357px\" \/><\/a><\/p>\n<p><span id=\"p43\"><span id=\"54\">FormaSource<\/span>\u00a0regroupe deux personnes, Sophie\u00a0<span id=\"55\">Tresca<\/span>\u00a0<span id=\"p66\">(professeur de Yoga, sophrologue et masseuse)<\/span>\u00a0et Fanny\u00a0<span id=\"56\">Gu\u00e9nard<\/span>\u00a0\u00ab\u00a0Le Corps En Vie\u00a0\u00bb\u00a0<span id=\"p41\">(s<span id=\"52\">ophrologue<\/span>, masseuse, formatrice en massages et cr\u00e9atrice de s\u00e9jours \u00ab\u00a0retours sur soi\u00a0\u00bb)<\/span>\u00a0.<\/span><span id=\"p64\">\u00a0Toutes deux\u00a0<span id=\"65\" class=\"s-rg\">co-animent<\/span>\u00a0des <a href=\"https:\/\/www.lecorpsenvie.fr\/\" target=\"_blank\" rel=\"noopener\">formations aux massages bien-\u00eatre du corps<\/a> en pleine conscience en associant l&rsquo;apprentissage du massage \u00e0 la pratique du Yoga, de la sophrologie et de la m\u00e9ditation pour approfondir et am\u00e9liorer la conscience de la pratique.<\/span><br \/>\n<span id=\"p45\">Sophie\u00a0<span id=\"58\" class=\"s-rg\">Tresca<\/span>, de son c\u00f4t\u00e9, propose des cours et stages de Yoga, des s\u00e9jours de m\u00e9ditation, des s\u00e9jours de je\u00fbne&#8230;<\/span><span id=\"p46\">\u00a0Dans\u00a0son lieu, \u00e0\u00a0<span id=\"60\" class=\"s-rg\">Sao\u00fb<\/span>\u00a0dans la Dr\u00f4me et au domaine du Taill\u00e9 en Ard\u00e8che.<\/span><br \/>\n<span id=\"p47\">Fanny\u00a0<span id=\"61\" class=\"s-rg\">Gu\u00e9nard<\/span>, au-del\u00e0 de sa pratique quotidienne dans son cabinet et de ses interventions en entreprise, cr\u00e9e et anime :<\/span><br \/>\n<span id=\"p48\">&#8211;<\/span><span id=\"p49\">\u00a0Des formations aux massages du corps aux huiles, r\u00e9flexologie plantaire et massage assis.<\/span><br \/>\n<span id=\"p50\">&#8211;<\/span><span id=\"p51\">\u00a0Des s\u00e9jours de sophrologie et m\u00e9ditation \u00ab\u00a0Retour sur Soi\u00a0\u00bb.<\/span><\/p>\n<h2>Que propose FormaSource sur le salon ?<\/h2>\n<p><span id=\"p106\">Sur le salon, nous accueillerons les gens avec un th\u00e9 ou une infusion, avec la possibilit\u00e9 d&rsquo;exp\u00e9rimenter le massage assis dans notre espace, et nous pr\u00e9senterons nos prochaines dates de stages, formations et s\u00e9jours divers.<\/span><br \/>\n<span id=\"p107\">Nous proposerons \u00e9galement 5 ateliers :<\/span><\/p>\n<ul>\n<li><span id=\"p108\">Vendredi \u00e0 15h30 :<\/span><span id=\"p111\">\u00a0automassage ;<\/span><span id=\"p78\">\u00a0faire le vide par Fanny\u00a0<span id=\"92\" class=\"s-rg\">Gu\u00e9nard<\/span><\/span><br \/>\n<span id=\"p79\"><\/span><\/li>\n<li><span id=\"p79\">Samedi \u00e0\u00a0<span id=\"93\">14h30<\/span>\u00a0:<\/span><span id=\"p80\">\u00a0m\u00e9diter\u00a0o\u00f9 que l&rsquo;on soit par Fanny\u00a0<span id=\"95\" class=\"s-rg\">Gu\u00e9nard<\/span><\/span><br \/>\n<span id=\"p109\"><\/span><\/li>\n<li><span id=\"p109\">Samedi \u00e0 17h30 :<\/span><span id=\"p82\">\u00a0respirer\u00a0pour se ressourcer par Sophie\u00a0<span id=\"98\" class=\"s-rg\">Tresca<\/span><\/span><br \/>\n<span id=\"p83\"><\/span><\/li>\n<li><span id=\"p83\">Dimanche \u00e0\u00a0<span id=\"99\">14h30<\/span>\u00a0:<\/span><span id=\"p84\">\u00a0optimiser\u00a0votre d\u00e9tente par Fanny\u00a0<span id=\"101\" class=\"s-rg\">Gu\u00e9nard<\/span><\/span><br \/>\n<span id=\"p110\"><\/span><\/li>\n<li><span id=\"p110\">Dimanche \u00e0 15h30 :<\/span><span id=\"p112\">\u00a0comment r\u00e9duire l&rsquo;anxi\u00e9t\u00e9 ?<\/span><span id=\"p87\">\u00a0<span id=\"104\">par<\/span>\u00a0Sophie\u00a0<span id=\"105\">Tresca<\/span><\/span><\/li>\n<\/ul>\n<h2>Parlez-nous de votre relation avec le salon<\/h2>\n<p><span id=\"p118\">Sophie et moi abordons le bien-\u00eatre par\u00a0<span id=\"126\">deux<\/span> biais tr\u00e8s compl\u00e9mentaires :<\/span><\/p>\n<ul>\n<li><span id=\"p132\">Le bien-\u00eatre corporel de l&rsquo;instant gr\u00e2ce \u00e0 nos massages qui emportent la personne dans un total l\u00e2ch\u00e9 prise musculaire et mental.<\/span><\/li>\n<li><span id=\"p122\">Le bien-\u00eatre autonome et \u00e0 long terme gr\u00e2ce \u00e0 la pratique de la s<span id=\"128\">ophologie<\/span>, de la m\u00e9ditation et du Yoga que nous transmettons au travers de nos cours et s\u00e9jours.<\/span><\/li>\n<\/ul>\n<p><span id=\"p123\">Lors de ce salon auquel nous participons avec plaisir, nous avons l&rsquo;intention de diffuser les informations sur nos activit\u00e9s bien s\u00fbr, mais aussi ouvrir l&rsquo;acc\u00e8s au bien-\u00eatre \u00e0 un plus grand nombre de personnes.<\/span><br \/>\n<span id=\"p125\"><span id=\"130\">Plus les personnes <\/span><span id=\"129\">prendront<\/span> conscience de la possibilit\u00e9 d&rsquo;\u00eatre bien dans leur vie, mieux le monde se portera.<\/span><\/p>\n<h2>Quelle est votre devise ?<\/h2>\n<p>Le bien-\u00eatre est, pour moi, Fanny\u00a0<span id=\"139\">Gu\u00e9nard<\/span>\u00a0vivre sa vie en pleine conscience de qui on est, \u00eatre, au maximum, soi-m\u00eame en toute circonstance.<\/p>\n<h2>Quel serait votre meilleur conseil pour se sentir bien au quotidien ?<\/h2>\n<p><span id=\"p141\">Le plus important, pour moi, serait d&rsquo;apprendre au mieux \u00e0 comprendre comment on fonctionne corporellement et mentalement et \u00e9nerg\u00e9tiquement pour aborder la vie en pleine conscience de qui on est r\u00e9ellement.<\/span><span id=\"p144\">\u00a0Apprendre \u00e0 s&rsquo;observer, c&rsquo;est la base.<\/span><\/p>\n<p><a href=\"https:\/\/www.salon-medecinedouce.com\/lyon\/visiter\/liste-des-exposants\/\" target=\"_blank\" rel=\"noopener\"><em>Consultez la liste des exposants<\/em><\/a><\/p>\n<div class=\"salon-pubs-hp-bas-de-page salon-entity-placement\" id=\"salon-69391163\"><div id=\"salon-2887184798\"><a data-no-instant=\"1\" href=\"https:\/\/www.naia-kaolin-delphine.fr\/\" rel=\"noopener\" class=\"a2t-link\" target=\"_blank\"><p><a href=\"https:\/\/www.naia-kaolin-delphine.fr\/\"><img decoding=\"async\" class=\"wp-image-15074 size-full aligncenter\" src=\"https:\/\/www.salon-medecinedouce.com\/lyon\/wp-content\/uploads\/sites\/12\/2026\/01\/Naia-Kaolin-salon-LYON-2026.png\" alt=\"\" width=\"728\" height=\"90\" srcset=\"https:\/\/www.salon-medecinedouce.com\/lyon\/wp-content\/uploads\/sites\/12\/2026\/01\/Naia-Kaolin-salon-LYON-2026.png 728w, https:\/\/www.salon-medecinedouce.com\/lyon\/wp-content\/uploads\/sites\/12\/2026\/01\/Naia-Kaolin-salon-LYON-2026-300x37.png 300w, https:\/\/www.salon-medecinedouce.com\/lyon\/wp-content\/uploads\/sites\/12\/2026\/01\/Naia-Kaolin-salon-LYON-2026-150x19.png 150w, https:\/\/www.salon-medecinedouce.com\/lyon\/wp-content\/uploads\/sites\/12\/2026\/01\/Naia-Kaolin-salon-LYON-2026-500x62.png 500w\" sizes=\"(max-width: 728px) 100vw, 728px\" \/><\/a><\/p>\n<\/a><\/div><\/div>","protected":false},"excerpt":{"rendered":"<p>Pr\u00e9sentez-vous en quelques mots FormaSource\u00a0regroupe deux personnes, Sophie\u00a0Tresca\u00a0(professeur de Yoga, sophrologue et masseuse)\u00a0et Fanny\u00a0Gu\u00e9nard\u00a0\u00ab\u00a0Le Corps En Vie\u00a0\u00bb\u00a0(sophrologue, masseuse, formatrice en massages et cr\u00e9atrice de s\u00e9jours \u00ab\u00a0retours sur soi\u00a0\u00bb)\u00a0.\u00a0Toutes deux\u00a0co-animent\u00a0des formations aux massages bien-\u00eatre du corps en pleine conscience en associant l&rsquo;apprentissage du massage \u00e0 la pratique du Yoga, de la sophrologie et de la m\u00e9ditation&hellip; <\/p>\n","protected":false},"author":6,"featured_media":12412,"comment_status":"closed","ping_status":"closed","sticky":false,"template":"","format":"standard","meta":{"_monsterinsights_skip_tracking":false,"_monsterinsights_sitenote_active":false,"_monsterinsights_sitenote_note":"","_monsterinsights_sitenote_category":0,"footnotes":""},"categories":[384],"tags":[],"class_list":["post-12411","post","type-post","status-publish","format-standard","has-post-thumbnail","hentry","category-portraits-exposants"],"yoast_head":"<!-- This site is optimized with the Yoast SEO plugin v27.3 - https:\/\/yoast.com\/product\/yoast-seo-wordpress\/ -->\n<title>Portrait Exposant 2024 - FormaSource - Bien-\u00eatre Lyon<\/title>\n<meta name=\"description\" content=\"Venez d\u00e9couvrir ou red\u00e9couvrir FormaSource lors du salon Bien-\u00catre et M\u00e9decine Douce Lyon du 19 au 21 janvier 2024 !\" \/>\n<meta name=\"robots\" content=\"index, follow, max-snippet:-1, max-image-preview:large, max-video-preview:-1\" \/>\n<link rel=\"canonical\" href=\"https:\/\/www.salon-medecinedouce.com\/lyon\/portrait-exposant-2024-formasource\/\" \/>\n<meta property=\"og:locale\" content=\"fr_FR\" \/>\n<meta property=\"og:type\" content=\"article\" \/>\n<meta property=\"og:title\" content=\"Portrait Exposant 2024 - FormaSource - Bien-\u00eatre Lyon\" \/>\n<meta property=\"og:description\" content=\"Venez d\u00e9couvrir ou red\u00e9couvrir FormaSource lors du salon Bien-\u00catre et M\u00e9decine Douce Lyon du 19 au 21 janvier 2024 !\" \/>\n<meta property=\"og:url\" content=\"https:\/\/www.salon-medecinedouce.com\/lyon\/portrait-exposant-2024-formasource\/\" \/>\n<meta property=\"og:site_name\" content=\"Bien-\u00eatre Lyon\" \/>\n<meta property=\"article:published_time\" content=\"2024-01-11T11:35:57+00:00\" \/>\n<meta property=\"article:modified_time\" content=\"2024-01-11T11:35:58+00:00\" \/>\n<meta property=\"og:image\" content=\"https:\/\/www.salon-medecinedouce.com\/lyon\/wp-content\/uploads\/sites\/12\/2024\/01\/1703272681-file1-LOGO-FormaSource.jpg\" \/>\n\t<meta property=\"og:image:width\" content=\"2048\" \/>\n\t<meta property=\"og:image:height\" content=\"1426\" \/>\n\t<meta property=\"og:image:type\" content=\"image\/jpeg\" \/>\n<meta name=\"author\" content=\"communication\" \/>\n<meta name=\"twitter:card\" content=\"summary_large_image\" \/>\n<meta name=\"twitter:label1\" content=\"\u00c9crit par\" \/>\n\t<meta name=\"twitter:data1\" content=\"communication\" \/>\n\t<meta name=\"twitter:label2\" content=\"Dur\u00e9e de lecture estim\u00e9e\" \/>\n\t<meta name=\"twitter:data2\" content=\"3 minutes\" \/>\n<script type=\"application\/ld+json\" class=\"yoast-schema-graph\">{\"@context\":\"https:\\\/\\\/schema.org\",\"@graph\":[{\"@type\":\"Article\",\"@id\":\"https:\\\/\\\/www.salon-medecinedouce.com\\\/lyon\\\/portrait-exposant-2024-formasource\\\/#article\",\"isPartOf\":{\"@id\":\"https:\\\/\\\/www.salon-medecinedouce.com\\\/lyon\\\/portrait-exposant-2024-formasource\\\/\"},\"author\":{\"name\":\"communication\",\"@id\":\"https:\\\/\\\/www.salon-medecinedouce.com\\\/lyon\\\/#\\\/schema\\\/person\\\/ae137e79c551ab78ea22fb35759cb9f8\"},\"headline\":\"Portrait Exposant 2024 &#8211; FormaSource\",\"datePublished\":\"2024-01-11T11:35:57+00:00\",\"dateModified\":\"2024-01-11T11:35:58+00:00\",\"mainEntityOfPage\":{\"@id\":\"https:\\\/\\\/www.salon-medecinedouce.com\\\/lyon\\\/portrait-exposant-2024-formasource\\\/\"},\"wordCount\":488,\"publisher\":{\"@id\":\"https:\\\/\\\/www.salon-medecinedouce.com\\\/lyon\\\/#organization\"},\"image\":{\"@id\":\"https:\\\/\\\/www.salon-medecinedouce.com\\\/lyon\\\/portrait-exposant-2024-formasource\\\/#primaryimage\"},\"thumbnailUrl\":\"https:\\\/\\\/www.salon-medecinedouce.com\\\/lyon\\\/wp-content\\\/uploads\\\/sites\\\/12\\\/2024\\\/01\\\/1703272681-file1-LOGO-FormaSource.jpg\",\"articleSection\":[\"Portraits exposants\"],\"inLanguage\":\"fr-FR\"},{\"@type\":\"WebPage\",\"@id\":\"https:\\\/\\\/www.salon-medecinedouce.com\\\/lyon\\\/portrait-exposant-2024-formasource\\\/\",\"url\":\"https:\\\/\\\/www.salon-medecinedouce.com\\\/lyon\\\/portrait-exposant-2024-formasource\\\/\",\"name\":\"Portrait Exposant 2024 - FormaSource - Bien-\u00eatre Lyon\",\"isPartOf\":{\"@id\":\"https:\\\/\\\/www.salon-medecinedouce.com\\\/lyon\\\/#website\"},\"primaryImageOfPage\":{\"@id\":\"https:\\\/\\\/www.salon-medecinedouce.com\\\/lyon\\\/portrait-exposant-2024-formasource\\\/#primaryimage\"},\"image\":{\"@id\":\"https:\\\/\\\/www.salon-medecinedouce.com\\\/lyon\\\/portrait-exposant-2024-formasource\\\/#primaryimage\"},\"thumbnailUrl\":\"https:\\\/\\\/www.salon-medecinedouce.com\\\/lyon\\\/wp-content\\\/uploads\\\/sites\\\/12\\\/2024\\\/01\\\/1703272681-file1-LOGO-FormaSource.jpg\",\"datePublished\":\"2024-01-11T11:35:57+00:00\",\"dateModified\":\"2024-01-11T11:35:58+00:00\",\"description\":\"Venez d\u00e9couvrir ou red\u00e9couvrir FormaSource lors du salon Bien-\u00catre et M\u00e9decine Douce Lyon du 19 au 21 janvier 2024 !\",\"breadcrumb\":{\"@id\":\"https:\\\/\\\/www.salon-medecinedouce.com\\\/lyon\\\/portrait-exposant-2024-formasource\\\/#breadcrumb\"},\"inLanguage\":\"fr-FR\",\"potentialAction\":[{\"@type\":\"ReadAction\",\"target\":[\"https:\\\/\\\/www.salon-medecinedouce.com\\\/lyon\\\/portrait-exposant-2024-formasource\\\/\"]}]},{\"@type\":\"ImageObject\",\"inLanguage\":\"fr-FR\",\"@id\":\"https:\\\/\\\/www.salon-medecinedouce.com\\\/lyon\\\/portrait-exposant-2024-formasource\\\/#primaryimage\",\"url\":\"https:\\\/\\\/www.salon-medecinedouce.com\\\/lyon\\\/wp-content\\\/uploads\\\/sites\\\/12\\\/2024\\\/01\\\/1703272681-file1-LOGO-FormaSource.jpg\",\"contentUrl\":\"https:\\\/\\\/www.salon-medecinedouce.com\\\/lyon\\\/wp-content\\\/uploads\\\/sites\\\/12\\\/2024\\\/01\\\/1703272681-file1-LOGO-FormaSource.jpg\",\"width\":2048,\"height\":1426,\"caption\":\"FormaSource - formations au massages bien-\u00eatre\"},{\"@type\":\"BreadcrumbList\",\"@id\":\"https:\\\/\\\/www.salon-medecinedouce.com\\\/lyon\\\/portrait-exposant-2024-formasource\\\/#breadcrumb\",\"itemListElement\":[{\"@type\":\"ListItem\",\"position\":1,\"name\":\"Accueil\",\"item\":\"https:\\\/\\\/www.salon-medecinedouce.com\\\/lyon\\\/\"},{\"@type\":\"ListItem\",\"position\":2,\"name\":\"Portrait Exposant 2024 &#8211; FormaSource\"}]},{\"@type\":\"WebSite\",\"@id\":\"https:\\\/\\\/www.salon-medecinedouce.com\\\/lyon\\\/#website\",\"url\":\"https:\\\/\\\/www.salon-medecinedouce.com\\\/lyon\\\/\",\"name\":\"Bien-\u00eatre Lyon\",\"description\":\"La sant\u00e9 au naturel : M\u00e9decines douces - Compl\u00e9ments alimentaires - Alimentation saine - Cosm\u00e9tiques naturelles - Art de vivre - Tourisme de sant\u00e9\",\"publisher\":{\"@id\":\"https:\\\/\\\/www.salon-medecinedouce.com\\\/lyon\\\/#organization\"},\"potentialAction\":[{\"@type\":\"SearchAction\",\"target\":{\"@type\":\"EntryPoint\",\"urlTemplate\":\"https:\\\/\\\/www.salon-medecinedouce.com\\\/lyon\\\/?s={search_term_string}\"},\"query-input\":{\"@type\":\"PropertyValueSpecification\",\"valueRequired\":true,\"valueName\":\"search_term_string\"}}],\"inLanguage\":\"fr-FR\"},{\"@type\":\"Organization\",\"@id\":\"https:\\\/\\\/www.salon-medecinedouce.com\\\/lyon\\\/#organization\",\"name\":\"Bien-\u00eatre Lyon\",\"url\":\"https:\\\/\\\/www.salon-medecinedouce.com\\\/lyon\\\/\",\"logo\":{\"@type\":\"ImageObject\",\"inLanguage\":\"fr-FR\",\"@id\":\"https:\\\/\\\/www.salon-medecinedouce.com\\\/lyon\\\/#\\\/schema\\\/logo\\\/image\\\/\",\"url\":\"https:\\\/\\\/www.salon-medecinedouce.com\\\/lyon\\\/wp-content\\\/uploads\\\/sites\\\/12\\\/2024\\\/05\\\/cropped-logo-orange-bemd.png\",\"contentUrl\":\"https:\\\/\\\/www.salon-medecinedouce.com\\\/lyon\\\/wp-content\\\/uploads\\\/sites\\\/12\\\/2024\\\/05\\\/cropped-logo-orange-bemd.png\",\"width\":591,\"height\":591,\"caption\":\"Bien-\u00eatre Lyon\"},\"image\":{\"@id\":\"https:\\\/\\\/www.salon-medecinedouce.com\\\/lyon\\\/#\\\/schema\\\/logo\\\/image\\\/\"}},{\"@type\":\"Person\",\"@id\":\"https:\\\/\\\/www.salon-medecinedouce.com\\\/lyon\\\/#\\\/schema\\\/person\\\/ae137e79c551ab78ea22fb35759cb9f8\",\"name\":\"communication\",\"image\":{\"@type\":\"ImageObject\",\"inLanguage\":\"fr-FR\",\"@id\":\"https:\\\/\\\/secure.gravatar.com\\\/avatar\\\/0f49d5b7ab56355ffa797b3ce25e4f2375cedf6bc9afe416fe669342c3524275?s=96&d=mm&r=g\",\"url\":\"https:\\\/\\\/secure.gravatar.com\\\/avatar\\\/0f49d5b7ab56355ffa797b3ce25e4f2375cedf6bc9afe416fe669342c3524275?s=96&d=mm&r=g\",\"contentUrl\":\"https:\\\/\\\/secure.gravatar.com\\\/avatar\\\/0f49d5b7ab56355ffa797b3ce25e4f2375cedf6bc9afe416fe669342c3524275?s=96&d=mm&r=g\",\"caption\":\"communication\"},\"url\":\"https:\\\/\\\/www.salon-medecinedouce.com\\\/lyon\\\/author\\\/communication\\\/\"}]}<\/script>\n<!-- \/ Yoast SEO plugin. -->","yoast_head_json":{"title":"Portrait Exposant 2024 - FormaSource - Bien-\u00eatre Lyon","description":"Venez d\u00e9couvrir ou red\u00e9couvrir FormaSource lors du salon Bien-\u00catre et M\u00e9decine Douce Lyon du 19 au 21 janvier 2024 !","robots":{"index":"index","follow":"follow","max-snippet":"max-snippet:-1","max-image-preview":"max-image-preview:large","max-video-preview":"max-video-preview:-1"},"canonical":"https:\/\/www.salon-medecinedouce.com\/lyon\/portrait-exposant-2024-formasource\/","og_locale":"fr_FR","og_type":"article","og_title":"Portrait Exposant 2024 - FormaSource - Bien-\u00eatre Lyon","og_description":"Venez d\u00e9couvrir ou red\u00e9couvrir FormaSource lors du salon Bien-\u00catre et M\u00e9decine Douce Lyon du 19 au 21 janvier 2024 !","og_url":"https:\/\/www.salon-medecinedouce.com\/lyon\/portrait-exposant-2024-formasource\/","og_site_name":"Bien-\u00eatre Lyon","article_published_time":"2024-01-11T11:35:57+00:00","article_modified_time":"2024-01-11T11:35:58+00:00","og_image":[{"width":2048,"height":1426,"url":"https:\/\/www.salon-medecinedouce.com\/lyon\/wp-content\/uploads\/sites\/12\/2024\/01\/1703272681-file1-LOGO-FormaSource.jpg","type":"image\/jpeg"}],"author":"communication","twitter_card":"summary_large_image","twitter_misc":{"\u00c9crit par":"communication","Dur\u00e9e de lecture estim\u00e9e":"3 minutes"},"schema":{"@context":"https:\/\/schema.org","@graph":[{"@type":"Article","@id":"https:\/\/www.salon-medecinedouce.com\/lyon\/portrait-exposant-2024-formasource\/#article","isPartOf":{"@id":"https:\/\/www.salon-medecinedouce.com\/lyon\/portrait-exposant-2024-formasource\/"},"author":{"name":"communication","@id":"https:\/\/www.salon-medecinedouce.com\/lyon\/#\/schema\/person\/ae137e79c551ab78ea22fb35759cb9f8"},"headline":"Portrait Exposant 2024 &#8211; FormaSource","datePublished":"2024-01-11T11:35:57+00:00","dateModified":"2024-01-11T11:35:58+00:00","mainEntityOfPage":{"@id":"https:\/\/www.salon-medecinedouce.com\/lyon\/portrait-exposant-2024-formasource\/"},"wordCount":488,"publisher":{"@id":"https:\/\/www.salon-medecinedouce.com\/lyon\/#organization"},"image":{"@id":"https:\/\/www.salon-medecinedouce.com\/lyon\/portrait-exposant-2024-formasource\/#primaryimage"},"thumbnailUrl":"https:\/\/www.salon-medecinedouce.com\/lyon\/wp-content\/uploads\/sites\/12\/2024\/01\/1703272681-file1-LOGO-FormaSource.jpg","articleSection":["Portraits exposants"],"inLanguage":"fr-FR"},{"@type":"WebPage","@id":"https:\/\/www.salon-medecinedouce.com\/lyon\/portrait-exposant-2024-formasource\/","url":"https:\/\/www.salon-medecinedouce.com\/lyon\/portrait-exposant-2024-formasource\/","name":"Portrait Exposant 2024 - FormaSource - Bien-\u00eatre Lyon","isPartOf":{"@id":"https:\/\/www.salon-medecinedouce.com\/lyon\/#website"},"primaryImageOfPage":{"@id":"https:\/\/www.salon-medecinedouce.com\/lyon\/portrait-exposant-2024-formasource\/#primaryimage"},"image":{"@id":"https:\/\/www.salon-medecinedouce.com\/lyon\/portrait-exposant-2024-formasource\/#primaryimage"},"thumbnailUrl":"https:\/\/www.salon-medecinedouce.com\/lyon\/wp-content\/uploads\/sites\/12\/2024\/01\/1703272681-file1-LOGO-FormaSource.jpg","datePublished":"2024-01-11T11:35:57+00:00","dateModified":"2024-01-11T11:35:58+00:00","description":"Venez d\u00e9couvrir ou red\u00e9couvrir FormaSource lors du salon Bien-\u00catre et M\u00e9decine Douce Lyon du 19 au 21 janvier 2024 !","breadcrumb":{"@id":"https:\/\/www.salon-medecinedouce.com\/lyon\/portrait-exposant-2024-formasource\/#breadcrumb"},"inLanguage":"fr-FR","potentialAction":[{"@type":"ReadAction","target":["https:\/\/www.salon-medecinedouce.com\/lyon\/portrait-exposant-2024-formasource\/"]}]},{"@type":"ImageObject","inLanguage":"fr-FR","@id":"https:\/\/www.salon-medecinedouce.com\/lyon\/portrait-exposant-2024-formasource\/#primaryimage","url":"https:\/\/www.salon-medecinedouce.com\/lyon\/wp-content\/uploads\/sites\/12\/2024\/01\/1703272681-file1-LOGO-FormaSource.jpg","contentUrl":"https:\/\/www.salon-medecinedouce.com\/lyon\/wp-content\/uploads\/sites\/12\/2024\/01\/1703272681-file1-LOGO-FormaSource.jpg","width":2048,"height":1426,"caption":"FormaSource - formations au massages bien-\u00eatre"},{"@type":"BreadcrumbList","@id":"https:\/\/www.salon-medecinedouce.com\/lyon\/portrait-exposant-2024-formasource\/#breadcrumb","itemListElement":[{"@type":"ListItem","position":1,"name":"Accueil","item":"https:\/\/www.salon-medecinedouce.com\/lyon\/"},{"@type":"ListItem","position":2,"name":"Portrait Exposant 2024 &#8211; FormaSource"}]},{"@type":"WebSite","@id":"https:\/\/www.salon-medecinedouce.com\/lyon\/#website","url":"https:\/\/www.salon-medecinedouce.com\/lyon\/","name":"Bien-\u00eatre Lyon","description":"La sant\u00e9 au naturel : M\u00e9decines douces - Compl\u00e9ments alimentaires - Alimentation saine - Cosm\u00e9tiques naturelles - Art de vivre - Tourisme de sant\u00e9","publisher":{"@id":"https:\/\/www.salon-medecinedouce.com\/lyon\/#organization"},"potentialAction":[{"@type":"SearchAction","target":{"@type":"EntryPoint","urlTemplate":"https:\/\/www.salon-medecinedouce.com\/lyon\/?s={search_term_string}"},"query-input":{"@type":"PropertyValueSpecification","valueRequired":true,"valueName":"search_term_string"}}],"inLanguage":"fr-FR"},{"@type":"Organization","@id":"https:\/\/www.salon-medecinedouce.com\/lyon\/#organization","name":"Bien-\u00eatre Lyon","url":"https:\/\/www.salon-medecinedouce.com\/lyon\/","logo":{"@type":"ImageObject","inLanguage":"fr-FR","@id":"https:\/\/www.salon-medecinedouce.com\/lyon\/#\/schema\/logo\/image\/","url":"https:\/\/www.salon-medecinedouce.com\/lyon\/wp-content\/uploads\/sites\/12\/2024\/05\/cropped-logo-orange-bemd.png","contentUrl":"https:\/\/www.salon-medecinedouce.com\/lyon\/wp-content\/uploads\/sites\/12\/2024\/05\/cropped-logo-orange-bemd.png","width":591,"height":591,"caption":"Bien-\u00eatre Lyon"},"image":{"@id":"https:\/\/www.salon-medecinedouce.com\/lyon\/#\/schema\/logo\/image\/"}},{"@type":"Person","@id":"https:\/\/www.salon-medecinedouce.com\/lyon\/#\/schema\/person\/ae137e79c551ab78ea22fb35759cb9f8","name":"communication","image":{"@type":"ImageObject","inLanguage":"fr-FR","@id":"https:\/\/secure.gravatar.com\/avatar\/0f49d5b7ab56355ffa797b3ce25e4f2375cedf6bc9afe416fe669342c3524275?s=96&d=mm&r=g","url":"https:\/\/secure.gravatar.com\/avatar\/0f49d5b7ab56355ffa797b3ce25e4f2375cedf6bc9afe416fe669342c3524275?s=96&d=mm&r=g","contentUrl":"https:\/\/secure.gravatar.com\/avatar\/0f49d5b7ab56355ffa797b3ce25e4f2375cedf6bc9afe416fe669342c3524275?s=96&d=mm&r=g","caption":"communication"},"url":"https:\/\/www.salon-medecinedouce.com\/lyon\/author\/communication\/"}]}},"rttpg_featured_image_url":{"full":["https:\/\/www.salon-medecinedouce.com\/lyon\/wp-content\/uploads\/sites\/12\/2024\/01\/1703272681-file1-LOGO-FormaSource.jpg",2048,1426,false],"landscape":["https:\/\/www.salon-medecinedouce.com\/lyon\/wp-content\/uploads\/sites\/12\/2024\/01\/1703272681-file1-LOGO-FormaSource.jpg",2048,1426,false],"portraits":["https:\/\/www.salon-medecinedouce.com\/lyon\/wp-content\/uploads\/sites\/12\/2024\/01\/1703272681-file1-LOGO-FormaSource.jpg",2048,1426,false],"thumbnail":["https:\/\/www.salon-medecinedouce.com\/lyon\/wp-content\/uploads\/sites\/12\/2024\/01\/1703272681-file1-LOGO-FormaSource-150x150.jpg",150,150,true],"medium":["https:\/\/www.salon-medecinedouce.com\/lyon\/wp-content\/uploads\/sites\/12\/2024\/01\/1703272681-file1-LOGO-FormaSource-300x209.jpg",300,209,true],"large":["https:\/\/www.salon-medecinedouce.com\/lyon\/wp-content\/uploads\/sites\/12\/2024\/01\/1703272681-file1-LOGO-FormaSource-1024x713.jpg",790,550,true],"1536x1536":["https:\/\/www.salon-medecinedouce.com\/lyon\/wp-content\/uploads\/sites\/12\/2024\/01\/1703272681-file1-LOGO-FormaSource-1536x1070.jpg",1536,1070,true],"2048x2048":["https:\/\/www.salon-medecinedouce.com\/lyon\/wp-content\/uploads\/sites\/12\/2024\/01\/1703272681-file1-LOGO-FormaSource.jpg",2048,1426,false],"gg_gallery_thumbnail":["https:\/\/www.salon-medecinedouce.com\/lyon\/wp-content\/uploads\/sites\/12\/2024\/01\/1703272681-file1-LOGO-FormaSource-450x250.jpg",450,250,true],"rpwe-thumbnail":["https:\/\/www.salon-medecinedouce.com\/lyon\/wp-content\/uploads\/sites\/12\/2024\/01\/1703272681-file1-LOGO-FormaSource-45x45.jpg",45,45,true]},"rttpg_author":{"display_name":"communication","author_link":"https:\/\/www.salon-medecinedouce.com\/lyon\/author\/communication\/"},"rttpg_comment":0,"rttpg_category":"<a href=\"https:\/\/www.salon-medecinedouce.com\/lyon\/category\/portraits-exposants\/\" rel=\"category tag\">Portraits exposants<\/a>","rttpg_excerpt":"Pr\u00e9sentez-vous en quelques mots FormaSource\u00a0regroupe deux personnes, Sophie\u00a0Tresca\u00a0(professeur de Yoga, sophrologue et masseuse)\u00a0et Fanny\u00a0Gu\u00e9nard\u00a0\u00ab\u00a0Le Corps En Vie\u00a0\u00bb\u00a0(sophrologue, masseuse, formatrice en massages et cr\u00e9atrice de s\u00e9jours \u00ab\u00a0retours sur soi\u00a0\u00bb)\u00a0.\u00a0Toutes deux\u00a0co-animent\u00a0des formations aux massages bien-\u00eatre du corps en pleine conscience en associant l&rsquo;apprentissage du massage \u00e0 la pratique du Yoga, de la sophrologie et de la m\u00e9ditation&hellip;","_links":{"self":[{"href":"https:\/\/www.salon-medecinedouce.com\/lyon\/wp-json\/wp\/v2\/posts\/12411","targetHints":{"allow":["GET"]}}],"collection":[{"href":"https:\/\/www.salon-medecinedouce.com\/lyon\/wp-json\/wp\/v2\/posts"}],"about":[{"href":"https:\/\/www.salon-medecinedouce.com\/lyon\/wp-json\/wp\/v2\/types\/post"}],"author":[{"embeddable":true,"href":"https:\/\/www.salon-medecinedouce.com\/lyon\/wp-json\/wp\/v2\/users\/6"}],"replies":[{"embeddable":true,"href":"https:\/\/www.salon-medecinedouce.com\/lyon\/wp-json\/wp\/v2\/comments?post=12411"}],"version-history":[{"count":5,"href":"https:\/\/www.salon-medecinedouce.com\/lyon\/wp-json\/wp\/v2\/posts\/12411\/revisions"}],"predecessor-version":[{"id":12546,"href":"https:\/\/www.salon-medecinedouce.com\/lyon\/wp-json\/wp\/v2\/posts\/12411\/revisions\/12546"}],"wp:featuredmedia":[{"embeddable":true,"href":"https:\/\/www.salon-medecinedouce.com\/lyon\/wp-json\/wp\/v2\/media\/12412"}],"wp:attachment":[{"href":"https:\/\/www.salon-medecinedouce.com\/lyon\/wp-json\/wp\/v2\/media?parent=12411"}],"wp:term":[{"taxonomy":"category","embeddable":true,"href":"https:\/\/www.salon-medecinedouce.com\/lyon\/wp-json\/wp\/v2\/categories?post=12411"},{"taxonomy":"post_tag","embeddable":true,"href":"https:\/\/www.salon-medecinedouce.com\/lyon\/wp-json\/wp\/v2\/tags?post=12411"}],"curies":[{"name":"wp","href":"https:\/\/api.w.org\/{rel}","templated":true}]}}