{"id":12052,"date":"2023-12-19T10:27:42","date_gmt":"2023-12-19T09:27:42","guid":{"rendered":"https:\/\/www.salon-medecinedouce.com\/lyon\/?p=12052"},"modified":"2024-01-10T16:09:22","modified_gmt":"2024-01-10T15:09:22","slug":"portrait-exposant-2024-naturopathe-acmos","status":"publish","type":"post","link":"https:\/\/www.salon-medecinedouce.com\/lyon\/portrait-exposant-2024-naturopathe-acmos\/","title":{"rendered":"Portrait Exposant 2024 \u2013 Naturopathe Acmos"},"content":{"rendered":"<h2>Pr\u00e9sentez-vous en quelques mots<\/h2>\n<p><a href=\"https:\/\/www.salon-medecinedouce.com\/lyon\/portrait-exposant-2024-naturopathe-acmos\/1700729812-file1-ala-2\/\" rel=\"attachment wp-att-12053\"><img fetchpriority=\"high\" decoding=\"async\" class=\"wp-image-12053 aligncenter\" src=\"https:\/\/www.salon-medecinedouce.com\/lyon\/wp-content\/uploads\/sites\/12\/2023\/12\/1700729812-file1-ALA-2-300x190.jpg\" alt=\"Naturopathe Acmos - soins \u00e9nerg\u00e9tiques\" width=\"286\" height=\"181\" srcset=\"https:\/\/www.salon-medecinedouce.com\/lyon\/wp-content\/uploads\/sites\/12\/2023\/12\/1700729812-file1-ALA-2-300x190.jpg 300w, https:\/\/www.salon-medecinedouce.com\/lyon\/wp-content\/uploads\/sites\/12\/2023\/12\/1700729812-file1-ALA-2-1024x649.jpg 1024w, https:\/\/www.salon-medecinedouce.com\/lyon\/wp-content\/uploads\/sites\/12\/2023\/12\/1700729812-file1-ALA-2-768x487.jpg 768w, https:\/\/www.salon-medecinedouce.com\/lyon\/wp-content\/uploads\/sites\/12\/2023\/12\/1700729812-file1-ALA-2-150x95.jpg 150w, https:\/\/www.salon-medecinedouce.com\/lyon\/wp-content\/uploads\/sites\/12\/2023\/12\/1700729812-file1-ALA-2-500x317.jpg 500w, https:\/\/www.salon-medecinedouce.com\/lyon\/wp-content\/uploads\/sites\/12\/2023\/12\/1700729812-file1-ALA-2.jpg 1407w\" sizes=\"(max-width: 286px) 100vw, 286px\" \/><\/a><\/p>\n<p>Depuis 2004, je pratique en cabinet des soins \u00e9nerg\u00e9tiques qui boostent la sant\u00e9. Je suis \u00e9galement Formateur de cette m\u00e9thode.<br \/>\nLa M\u00e9thode\u00a0ACMOS\u00a0est une d\u00e9marche visant \u00e0 renforcer progressivement les capacit\u00e9s de l&rsquo;organisme et \u00e0 maintenir de lui-m\u00eame son \u00e9quilibre \u00e9nerg\u00e9tique face aux agressions qu&rsquo;il subit chroniquement ou ponctuellement.<\/p>\n<p>Cette m\u00e9thode nous aide \u00e0 identifier les blocages souvent responsables de nos perturbations physiques, \u00e9motionnelles ou mentales\u00a0(fatigue, douleurs, maux divers, stress, \u2026).<\/p>\n<p>Essayez cette technique douce, innovante, non-invasive et pr\u00e9ventive qui convient \u00e0 tous les \u00e2ges de la vie.\u00a0Retrouvez harmonie, vitalit\u00e9, sommeil, bien-\u00eatre\u2026\u00a0Sans douleur, sans manipulation, ni effet secondaire !<\/p>\n<h2>Que propose Naturopathe Acmos\u00a0sur le salon ?<\/h2>\n<p><a href=\"https:\/\/www.salon-medecinedouce.com\/lyon\/portrait-exposant-2024-naturopathe-acmos\/1700729812-file2-acmos-energy-balancing-therapy-705x397-1\/\" rel=\"attachment wp-att-12054\"><img decoding=\"async\" class=\"wp-image-12054 alignleft\" src=\"https:\/\/www.salon-medecinedouce.com\/lyon\/wp-content\/uploads\/sites\/12\/2023\/12\/1700729812-file2-ACMOS-energy-balancing-therapy-705x397-1-300x169.jpg\" alt=\"Naturopathe Acmos - salon\" width=\"263\" height=\"148\" srcset=\"https:\/\/www.salon-medecinedouce.com\/lyon\/wp-content\/uploads\/sites\/12\/2023\/12\/1700729812-file2-ACMOS-energy-balancing-therapy-705x397-1-300x169.jpg 300w, https:\/\/www.salon-medecinedouce.com\/lyon\/wp-content\/uploads\/sites\/12\/2023\/12\/1700729812-file2-ACMOS-energy-balancing-therapy-705x397-1-150x84.jpg 150w, https:\/\/www.salon-medecinedouce.com\/lyon\/wp-content\/uploads\/sites\/12\/2023\/12\/1700729812-file2-ACMOS-energy-balancing-therapy-705x397-1-500x282.jpg 500w, https:\/\/www.salon-medecinedouce.com\/lyon\/wp-content\/uploads\/sites\/12\/2023\/12\/1700729812-file2-ACMOS-energy-balancing-therapy-705x397-1.jpg 705w\" sizes=\"(max-width: 263px) 100vw, 263px\" \/><\/a><\/p>\n<p>Je propose sur le salon de d\u00e9couvrir la m\u00e9thode\u00a0Acmos, les outils de r\u00e9gulation \u00e9nerg\u00e9tique avec ses appareils de\u00a0mesure, notamment des circuits \u00e9nerg\u00e9tiques m\u00e9ridiens avec un appareil \u00e9lectronique \u00ab\u00a0Biofeedback\u00a0\u00bb.<br \/>\nJe pr\u00e9sente \u00e9galement un atelier-conf\u00e9rence sur la m\u00e9thode\u00a0Acmos\u00a0et ses bienfaits.<\/p>\n<h2>Parlez-nous de votre relation avec le salon<\/h2>\n<p><span id=\"p401\">Je n&rsquo;ai jamais particip\u00e9 \u00e0 ce salon, mais j&rsquo;esp\u00e8re faire de belles rencontres \u00e0 cette occasion.<\/span><\/p>\n<h2>Quelle est votre devise ?<\/h2>\n<p><span id=\"p406\">Le bien-\u00eatre est un \u00e9tat complet d\u2019\u00e9quilibre mental, psychique, physique et environnemental.<\/span><span id=\"p404\">\u00a0<\/span><\/p>\n<h2>Quel serait votre meilleur conseil pour se sentir bien au quotidien ?<\/h2>\n<p>Se lever t\u00f4t et faire de l&rsquo;exercice et ou de la m\u00e9ditation le matin \u00e0 jeun.<br \/>\nCela vous pr\u00e9pare \u00e0 vous cr\u00e9er une belle journ\u00e9e.<\/p>\n<p><a href=\"https:\/\/www.salon-medecinedouce.com\/lyon\/visiter\/liste-des-exposants\/\" target=\"_blank\" rel=\"noopener\"><em>Consultez la liste des exposants\u00a0<\/em><\/a><\/p>\n<div class=\"salon-pubs-hp-bas-de-page salon-entity-placement\" id=\"salon-3275989611\"><div id=\"salon-3259821853\"><a data-no-instant=\"1\" href=\"https:\/\/www.naia-kaolin-delphine.fr\/\" rel=\"noopener\" class=\"a2t-link\" target=\"_blank\"><p><a href=\"https:\/\/www.naia-kaolin-delphine.fr\/\"><img decoding=\"async\" class=\"wp-image-15074 size-full aligncenter\" src=\"https:\/\/www.salon-medecinedouce.com\/lyon\/wp-content\/uploads\/sites\/12\/2026\/01\/Naia-Kaolin-salon-LYON-2026.png\" alt=\"\" width=\"728\" height=\"90\" srcset=\"https:\/\/www.salon-medecinedouce.com\/lyon\/wp-content\/uploads\/sites\/12\/2026\/01\/Naia-Kaolin-salon-LYON-2026.png 728w, https:\/\/www.salon-medecinedouce.com\/lyon\/wp-content\/uploads\/sites\/12\/2026\/01\/Naia-Kaolin-salon-LYON-2026-300x37.png 300w, https:\/\/www.salon-medecinedouce.com\/lyon\/wp-content\/uploads\/sites\/12\/2026\/01\/Naia-Kaolin-salon-LYON-2026-150x19.png 150w, https:\/\/www.salon-medecinedouce.com\/lyon\/wp-content\/uploads\/sites\/12\/2026\/01\/Naia-Kaolin-salon-LYON-2026-500x62.png 500w\" sizes=\"(max-width: 728px) 100vw, 728px\" \/><\/a><\/p>\n<\/a><\/div><\/div>","protected":false},"excerpt":{"rendered":"<p>Pr\u00e9sentez-vous en quelques mots Depuis 2004, je pratique en cabinet des soins \u00e9nerg\u00e9tiques qui boostent la sant\u00e9. Je suis \u00e9galement Formateur de cette m\u00e9thode. La M\u00e9thode\u00a0ACMOS\u00a0est une d\u00e9marche visant \u00e0 renforcer progressivement les capacit\u00e9s de l&rsquo;organisme et \u00e0 maintenir de lui-m\u00eame son \u00e9quilibre \u00e9nerg\u00e9tique face aux agressions qu&rsquo;il subit chroniquement ou ponctuellement. Cette m\u00e9thode nous&hellip; <\/p>\n","protected":false},"author":6,"featured_media":12222,"comment_status":"closed","ping_status":"closed","sticky":false,"template":"","format":"standard","meta":{"_monsterinsights_skip_tracking":false,"_monsterinsights_sitenote_active":false,"_monsterinsights_sitenote_note":"","_monsterinsights_sitenote_category":0,"footnotes":""},"categories":[1],"tags":[],"class_list":["post-12052","post","type-post","status-publish","format-standard","has-post-thumbnail","hentry","category-actualites"],"yoast_head":"<!-- This site is optimized with the Yoast SEO plugin v27.3 - https:\/\/yoast.com\/product\/yoast-seo-wordpress\/ -->\n<title>Portrait Exposant 2024 \u2013 Naturopathe Acmos - Bien-\u00eatre Lyon<\/title>\n<meta name=\"description\" content=\"Venez d\u00e9couvrir ou red\u00e9couvrir Naturopathe Acmos lors du salon Bien-\u00catre et M\u00e9decine Douce Lyon du 19 au 21 janvier 2024 !\" \/>\n<meta name=\"robots\" content=\"index, follow, max-snippet:-1, max-image-preview:large, max-video-preview:-1\" \/>\n<link rel=\"canonical\" href=\"https:\/\/www.salon-medecinedouce.com\/lyon\/portrait-exposant-2024-naturopathe-acmos\/\" \/>\n<meta property=\"og:locale\" content=\"fr_FR\" \/>\n<meta property=\"og:type\" content=\"article\" \/>\n<meta property=\"og:title\" content=\"Portrait Exposant 2024 \u2013 Naturopathe Acmos - Bien-\u00eatre Lyon\" \/>\n<meta property=\"og:description\" content=\"Venez d\u00e9couvrir ou red\u00e9couvrir Naturopathe Acmos lors du salon Bien-\u00catre et M\u00e9decine Douce Lyon du 19 au 21 janvier 2024 !\" \/>\n<meta property=\"og:url\" content=\"https:\/\/www.salon-medecinedouce.com\/lyon\/portrait-exposant-2024-naturopathe-acmos\/\" \/>\n<meta property=\"og:site_name\" content=\"Bien-\u00eatre Lyon\" \/>\n<meta property=\"article:published_time\" content=\"2023-12-19T09:27:42+00:00\" \/>\n<meta property=\"article:modified_time\" content=\"2024-01-10T15:09:22+00:00\" \/>\n<meta property=\"og:image\" content=\"https:\/\/www.salon-medecinedouce.com\/lyon\/wp-content\/uploads\/sites\/12\/2023\/12\/Naturopathe-Acmos.png\" \/>\n\t<meta property=\"og:image:width\" content=\"1080\" \/>\n\t<meta property=\"og:image:height\" content=\"1080\" \/>\n\t<meta property=\"og:image:type\" content=\"image\/png\" \/>\n<meta name=\"author\" content=\"communication\" \/>\n<meta name=\"twitter:card\" content=\"summary_large_image\" \/>\n<meta name=\"twitter:label1\" content=\"\u00c9crit par\" \/>\n\t<meta name=\"twitter:data1\" content=\"communication\" \/>\n\t<meta name=\"twitter:label2\" content=\"Dur\u00e9e de lecture estim\u00e9e\" \/>\n\t<meta name=\"twitter:data2\" content=\"2 minutes\" \/>\n<script type=\"application\/ld+json\" class=\"yoast-schema-graph\">{\"@context\":\"https:\\\/\\\/schema.org\",\"@graph\":[{\"@type\":\"Article\",\"@id\":\"https:\\\/\\\/www.salon-medecinedouce.com\\\/lyon\\\/portrait-exposant-2024-naturopathe-acmos\\\/#article\",\"isPartOf\":{\"@id\":\"https:\\\/\\\/www.salon-medecinedouce.com\\\/lyon\\\/portrait-exposant-2024-naturopathe-acmos\\\/\"},\"author\":{\"name\":\"communication\",\"@id\":\"https:\\\/\\\/www.salon-medecinedouce.com\\\/lyon\\\/#\\\/schema\\\/person\\\/ae137e79c551ab78ea22fb35759cb9f8\"},\"headline\":\"Portrait Exposant 2024 \u2013 Naturopathe Acmos\",\"datePublished\":\"2023-12-19T09:27:42+00:00\",\"dateModified\":\"2024-01-10T15:09:22+00:00\",\"mainEntityOfPage\":{\"@id\":\"https:\\\/\\\/www.salon-medecinedouce.com\\\/lyon\\\/portrait-exposant-2024-naturopathe-acmos\\\/\"},\"wordCount\":257,\"publisher\":{\"@id\":\"https:\\\/\\\/www.salon-medecinedouce.com\\\/lyon\\\/#organization\"},\"image\":{\"@id\":\"https:\\\/\\\/www.salon-medecinedouce.com\\\/lyon\\\/portrait-exposant-2024-naturopathe-acmos\\\/#primaryimage\"},\"thumbnailUrl\":\"https:\\\/\\\/www.salon-medecinedouce.com\\\/lyon\\\/wp-content\\\/uploads\\\/sites\\\/12\\\/2023\\\/12\\\/Naturopathe-Acmos.png\",\"articleSection\":[\"Actualit\u00e9s\"],\"inLanguage\":\"fr-FR\"},{\"@type\":\"WebPage\",\"@id\":\"https:\\\/\\\/www.salon-medecinedouce.com\\\/lyon\\\/portrait-exposant-2024-naturopathe-acmos\\\/\",\"url\":\"https:\\\/\\\/www.salon-medecinedouce.com\\\/lyon\\\/portrait-exposant-2024-naturopathe-acmos\\\/\",\"name\":\"Portrait Exposant 2024 \u2013 Naturopathe Acmos - Bien-\u00eatre Lyon\",\"isPartOf\":{\"@id\":\"https:\\\/\\\/www.salon-medecinedouce.com\\\/lyon\\\/#website\"},\"primaryImageOfPage\":{\"@id\":\"https:\\\/\\\/www.salon-medecinedouce.com\\\/lyon\\\/portrait-exposant-2024-naturopathe-acmos\\\/#primaryimage\"},\"image\":{\"@id\":\"https:\\\/\\\/www.salon-medecinedouce.com\\\/lyon\\\/portrait-exposant-2024-naturopathe-acmos\\\/#primaryimage\"},\"thumbnailUrl\":\"https:\\\/\\\/www.salon-medecinedouce.com\\\/lyon\\\/wp-content\\\/uploads\\\/sites\\\/12\\\/2023\\\/12\\\/Naturopathe-Acmos.png\",\"datePublished\":\"2023-12-19T09:27:42+00:00\",\"dateModified\":\"2024-01-10T15:09:22+00:00\",\"description\":\"Venez d\u00e9couvrir ou red\u00e9couvrir Naturopathe Acmos lors du salon Bien-\u00catre et M\u00e9decine Douce Lyon du 19 au 21 janvier 2024 !\",\"breadcrumb\":{\"@id\":\"https:\\\/\\\/www.salon-medecinedouce.com\\\/lyon\\\/portrait-exposant-2024-naturopathe-acmos\\\/#breadcrumb\"},\"inLanguage\":\"fr-FR\",\"potentialAction\":[{\"@type\":\"ReadAction\",\"target\":[\"https:\\\/\\\/www.salon-medecinedouce.com\\\/lyon\\\/portrait-exposant-2024-naturopathe-acmos\\\/\"]}]},{\"@type\":\"ImageObject\",\"inLanguage\":\"fr-FR\",\"@id\":\"https:\\\/\\\/www.salon-medecinedouce.com\\\/lyon\\\/portrait-exposant-2024-naturopathe-acmos\\\/#primaryimage\",\"url\":\"https:\\\/\\\/www.salon-medecinedouce.com\\\/lyon\\\/wp-content\\\/uploads\\\/sites\\\/12\\\/2023\\\/12\\\/Naturopathe-Acmos.png\",\"contentUrl\":\"https:\\\/\\\/www.salon-medecinedouce.com\\\/lyon\\\/wp-content\\\/uploads\\\/sites\\\/12\\\/2023\\\/12\\\/Naturopathe-Acmos.png\",\"width\":1080,\"height\":1080},{\"@type\":\"BreadcrumbList\",\"@id\":\"https:\\\/\\\/www.salon-medecinedouce.com\\\/lyon\\\/portrait-exposant-2024-naturopathe-acmos\\\/#breadcrumb\",\"itemListElement\":[{\"@type\":\"ListItem\",\"position\":1,\"name\":\"Accueil\",\"item\":\"https:\\\/\\\/www.salon-medecinedouce.com\\\/lyon\\\/\"},{\"@type\":\"ListItem\",\"position\":2,\"name\":\"Portrait Exposant 2024 \u2013 Naturopathe Acmos\"}]},{\"@type\":\"WebSite\",\"@id\":\"https:\\\/\\\/www.salon-medecinedouce.com\\\/lyon\\\/#website\",\"url\":\"https:\\\/\\\/www.salon-medecinedouce.com\\\/lyon\\\/\",\"name\":\"Bien-\u00eatre Lyon\",\"description\":\"La sant\u00e9 au naturel : M\u00e9decines douces - Compl\u00e9ments alimentaires - Alimentation saine - Cosm\u00e9tiques naturelles - Art de vivre - Tourisme de sant\u00e9\",\"publisher\":{\"@id\":\"https:\\\/\\\/www.salon-medecinedouce.com\\\/lyon\\\/#organization\"},\"potentialAction\":[{\"@type\":\"SearchAction\",\"target\":{\"@type\":\"EntryPoint\",\"urlTemplate\":\"https:\\\/\\\/www.salon-medecinedouce.com\\\/lyon\\\/?s={search_term_string}\"},\"query-input\":{\"@type\":\"PropertyValueSpecification\",\"valueRequired\":true,\"valueName\":\"search_term_string\"}}],\"inLanguage\":\"fr-FR\"},{\"@type\":\"Organization\",\"@id\":\"https:\\\/\\\/www.salon-medecinedouce.com\\\/lyon\\\/#organization\",\"name\":\"Bien-\u00eatre Lyon\",\"url\":\"https:\\\/\\\/www.salon-medecinedouce.com\\\/lyon\\\/\",\"logo\":{\"@type\":\"ImageObject\",\"inLanguage\":\"fr-FR\",\"@id\":\"https:\\\/\\\/www.salon-medecinedouce.com\\\/lyon\\\/#\\\/schema\\\/logo\\\/image\\\/\",\"url\":\"https:\\\/\\\/www.salon-medecinedouce.com\\\/lyon\\\/wp-content\\\/uploads\\\/sites\\\/12\\\/2024\\\/05\\\/cropped-logo-orange-bemd.png\",\"contentUrl\":\"https:\\\/\\\/www.salon-medecinedouce.com\\\/lyon\\\/wp-content\\\/uploads\\\/sites\\\/12\\\/2024\\\/05\\\/cropped-logo-orange-bemd.png\",\"width\":591,\"height\":591,\"caption\":\"Bien-\u00eatre Lyon\"},\"image\":{\"@id\":\"https:\\\/\\\/www.salon-medecinedouce.com\\\/lyon\\\/#\\\/schema\\\/logo\\\/image\\\/\"}},{\"@type\":\"Person\",\"@id\":\"https:\\\/\\\/www.salon-medecinedouce.com\\\/lyon\\\/#\\\/schema\\\/person\\\/ae137e79c551ab78ea22fb35759cb9f8\",\"name\":\"communication\",\"image\":{\"@type\":\"ImageObject\",\"inLanguage\":\"fr-FR\",\"@id\":\"https:\\\/\\\/secure.gravatar.com\\\/avatar\\\/0f49d5b7ab56355ffa797b3ce25e4f2375cedf6bc9afe416fe669342c3524275?s=96&d=mm&r=g\",\"url\":\"https:\\\/\\\/secure.gravatar.com\\\/avatar\\\/0f49d5b7ab56355ffa797b3ce25e4f2375cedf6bc9afe416fe669342c3524275?s=96&d=mm&r=g\",\"contentUrl\":\"https:\\\/\\\/secure.gravatar.com\\\/avatar\\\/0f49d5b7ab56355ffa797b3ce25e4f2375cedf6bc9afe416fe669342c3524275?s=96&d=mm&r=g\",\"caption\":\"communication\"},\"url\":\"https:\\\/\\\/www.salon-medecinedouce.com\\\/lyon\\\/author\\\/communication\\\/\"}]}<\/script>\n<!-- \/ Yoast SEO plugin. -->","yoast_head_json":{"title":"Portrait Exposant 2024 \u2013 Naturopathe Acmos - Bien-\u00eatre Lyon","description":"Venez d\u00e9couvrir ou red\u00e9couvrir Naturopathe Acmos lors du salon Bien-\u00catre et M\u00e9decine Douce Lyon du 19 au 21 janvier 2024 !","robots":{"index":"index","follow":"follow","max-snippet":"max-snippet:-1","max-image-preview":"max-image-preview:large","max-video-preview":"max-video-preview:-1"},"canonical":"https:\/\/www.salon-medecinedouce.com\/lyon\/portrait-exposant-2024-naturopathe-acmos\/","og_locale":"fr_FR","og_type":"article","og_title":"Portrait Exposant 2024 \u2013 Naturopathe Acmos - Bien-\u00eatre Lyon","og_description":"Venez d\u00e9couvrir ou red\u00e9couvrir Naturopathe Acmos lors du salon Bien-\u00catre et M\u00e9decine Douce Lyon du 19 au 21 janvier 2024 !","og_url":"https:\/\/www.salon-medecinedouce.com\/lyon\/portrait-exposant-2024-naturopathe-acmos\/","og_site_name":"Bien-\u00eatre Lyon","article_published_time":"2023-12-19T09:27:42+00:00","article_modified_time":"2024-01-10T15:09:22+00:00","og_image":[{"width":1080,"height":1080,"url":"https:\/\/www.salon-medecinedouce.com\/lyon\/wp-content\/uploads\/sites\/12\/2023\/12\/Naturopathe-Acmos.png","type":"image\/png"}],"author":"communication","twitter_card":"summary_large_image","twitter_misc":{"\u00c9crit par":"communication","Dur\u00e9e de lecture estim\u00e9e":"2 minutes"},"schema":{"@context":"https:\/\/schema.org","@graph":[{"@type":"Article","@id":"https:\/\/www.salon-medecinedouce.com\/lyon\/portrait-exposant-2024-naturopathe-acmos\/#article","isPartOf":{"@id":"https:\/\/www.salon-medecinedouce.com\/lyon\/portrait-exposant-2024-naturopathe-acmos\/"},"author":{"name":"communication","@id":"https:\/\/www.salon-medecinedouce.com\/lyon\/#\/schema\/person\/ae137e79c551ab78ea22fb35759cb9f8"},"headline":"Portrait Exposant 2024 \u2013 Naturopathe Acmos","datePublished":"2023-12-19T09:27:42+00:00","dateModified":"2024-01-10T15:09:22+00:00","mainEntityOfPage":{"@id":"https:\/\/www.salon-medecinedouce.com\/lyon\/portrait-exposant-2024-naturopathe-acmos\/"},"wordCount":257,"publisher":{"@id":"https:\/\/www.salon-medecinedouce.com\/lyon\/#organization"},"image":{"@id":"https:\/\/www.salon-medecinedouce.com\/lyon\/portrait-exposant-2024-naturopathe-acmos\/#primaryimage"},"thumbnailUrl":"https:\/\/www.salon-medecinedouce.com\/lyon\/wp-content\/uploads\/sites\/12\/2023\/12\/Naturopathe-Acmos.png","articleSection":["Actualit\u00e9s"],"inLanguage":"fr-FR"},{"@type":"WebPage","@id":"https:\/\/www.salon-medecinedouce.com\/lyon\/portrait-exposant-2024-naturopathe-acmos\/","url":"https:\/\/www.salon-medecinedouce.com\/lyon\/portrait-exposant-2024-naturopathe-acmos\/","name":"Portrait Exposant 2024 \u2013 Naturopathe Acmos - Bien-\u00eatre Lyon","isPartOf":{"@id":"https:\/\/www.salon-medecinedouce.com\/lyon\/#website"},"primaryImageOfPage":{"@id":"https:\/\/www.salon-medecinedouce.com\/lyon\/portrait-exposant-2024-naturopathe-acmos\/#primaryimage"},"image":{"@id":"https:\/\/www.salon-medecinedouce.com\/lyon\/portrait-exposant-2024-naturopathe-acmos\/#primaryimage"},"thumbnailUrl":"https:\/\/www.salon-medecinedouce.com\/lyon\/wp-content\/uploads\/sites\/12\/2023\/12\/Naturopathe-Acmos.png","datePublished":"2023-12-19T09:27:42+00:00","dateModified":"2024-01-10T15:09:22+00:00","description":"Venez d\u00e9couvrir ou red\u00e9couvrir Naturopathe Acmos lors du salon Bien-\u00catre et M\u00e9decine Douce Lyon du 19 au 21 janvier 2024 !","breadcrumb":{"@id":"https:\/\/www.salon-medecinedouce.com\/lyon\/portrait-exposant-2024-naturopathe-acmos\/#breadcrumb"},"inLanguage":"fr-FR","potentialAction":[{"@type":"ReadAction","target":["https:\/\/www.salon-medecinedouce.com\/lyon\/portrait-exposant-2024-naturopathe-acmos\/"]}]},{"@type":"ImageObject","inLanguage":"fr-FR","@id":"https:\/\/www.salon-medecinedouce.com\/lyon\/portrait-exposant-2024-naturopathe-acmos\/#primaryimage","url":"https:\/\/www.salon-medecinedouce.com\/lyon\/wp-content\/uploads\/sites\/12\/2023\/12\/Naturopathe-Acmos.png","contentUrl":"https:\/\/www.salon-medecinedouce.com\/lyon\/wp-content\/uploads\/sites\/12\/2023\/12\/Naturopathe-Acmos.png","width":1080,"height":1080},{"@type":"BreadcrumbList","@id":"https:\/\/www.salon-medecinedouce.com\/lyon\/portrait-exposant-2024-naturopathe-acmos\/#breadcrumb","itemListElement":[{"@type":"ListItem","position":1,"name":"Accueil","item":"https:\/\/www.salon-medecinedouce.com\/lyon\/"},{"@type":"ListItem","position":2,"name":"Portrait Exposant 2024 \u2013 Naturopathe Acmos"}]},{"@type":"WebSite","@id":"https:\/\/www.salon-medecinedouce.com\/lyon\/#website","url":"https:\/\/www.salon-medecinedouce.com\/lyon\/","name":"Bien-\u00eatre Lyon","description":"La sant\u00e9 au naturel : M\u00e9decines douces - Compl\u00e9ments alimentaires - Alimentation saine - Cosm\u00e9tiques naturelles - Art de vivre - Tourisme de sant\u00e9","publisher":{"@id":"https:\/\/www.salon-medecinedouce.com\/lyon\/#organization"},"potentialAction":[{"@type":"SearchAction","target":{"@type":"EntryPoint","urlTemplate":"https:\/\/www.salon-medecinedouce.com\/lyon\/?s={search_term_string}"},"query-input":{"@type":"PropertyValueSpecification","valueRequired":true,"valueName":"search_term_string"}}],"inLanguage":"fr-FR"},{"@type":"Organization","@id":"https:\/\/www.salon-medecinedouce.com\/lyon\/#organization","name":"Bien-\u00eatre Lyon","url":"https:\/\/www.salon-medecinedouce.com\/lyon\/","logo":{"@type":"ImageObject","inLanguage":"fr-FR","@id":"https:\/\/www.salon-medecinedouce.com\/lyon\/#\/schema\/logo\/image\/","url":"https:\/\/www.salon-medecinedouce.com\/lyon\/wp-content\/uploads\/sites\/12\/2024\/05\/cropped-logo-orange-bemd.png","contentUrl":"https:\/\/www.salon-medecinedouce.com\/lyon\/wp-content\/uploads\/sites\/12\/2024\/05\/cropped-logo-orange-bemd.png","width":591,"height":591,"caption":"Bien-\u00eatre Lyon"},"image":{"@id":"https:\/\/www.salon-medecinedouce.com\/lyon\/#\/schema\/logo\/image\/"}},{"@type":"Person","@id":"https:\/\/www.salon-medecinedouce.com\/lyon\/#\/schema\/person\/ae137e79c551ab78ea22fb35759cb9f8","name":"communication","image":{"@type":"ImageObject","inLanguage":"fr-FR","@id":"https:\/\/secure.gravatar.com\/avatar\/0f49d5b7ab56355ffa797b3ce25e4f2375cedf6bc9afe416fe669342c3524275?s=96&d=mm&r=g","url":"https:\/\/secure.gravatar.com\/avatar\/0f49d5b7ab56355ffa797b3ce25e4f2375cedf6bc9afe416fe669342c3524275?s=96&d=mm&r=g","contentUrl":"https:\/\/secure.gravatar.com\/avatar\/0f49d5b7ab56355ffa797b3ce25e4f2375cedf6bc9afe416fe669342c3524275?s=96&d=mm&r=g","caption":"communication"},"url":"https:\/\/www.salon-medecinedouce.com\/lyon\/author\/communication\/"}]}},"rttpg_featured_image_url":{"full":["https:\/\/www.salon-medecinedouce.com\/lyon\/wp-content\/uploads\/sites\/12\/2023\/12\/Naturopathe-Acmos.png",1080,1080,false],"landscape":["https:\/\/www.salon-medecinedouce.com\/lyon\/wp-content\/uploads\/sites\/12\/2023\/12\/Naturopathe-Acmos.png",1080,1080,false],"portraits":["https:\/\/www.salon-medecinedouce.com\/lyon\/wp-content\/uploads\/sites\/12\/2023\/12\/Naturopathe-Acmos.png",1080,1080,false],"thumbnail":["https:\/\/www.salon-medecinedouce.com\/lyon\/wp-content\/uploads\/sites\/12\/2023\/12\/Naturopathe-Acmos-150x150.png",150,150,true],"medium":["https:\/\/www.salon-medecinedouce.com\/lyon\/wp-content\/uploads\/sites\/12\/2023\/12\/Naturopathe-Acmos-300x300.png",300,300,true],"large":["https:\/\/www.salon-medecinedouce.com\/lyon\/wp-content\/uploads\/sites\/12\/2023\/12\/Naturopathe-Acmos-1024x1024.png",790,790,true],"1536x1536":["https:\/\/www.salon-medecinedouce.com\/lyon\/wp-content\/uploads\/sites\/12\/2023\/12\/Naturopathe-Acmos.png",1080,1080,false],"2048x2048":["https:\/\/www.salon-medecinedouce.com\/lyon\/wp-content\/uploads\/sites\/12\/2023\/12\/Naturopathe-Acmos.png",1080,1080,false],"gg_gallery_thumbnail":["https:\/\/www.salon-medecinedouce.com\/lyon\/wp-content\/uploads\/sites\/12\/2023\/12\/Naturopathe-Acmos-450x250.png",450,250,true],"rpwe-thumbnail":["https:\/\/www.salon-medecinedouce.com\/lyon\/wp-content\/uploads\/sites\/12\/2023\/12\/Naturopathe-Acmos-45x45.png",45,45,true]},"rttpg_author":{"display_name":"communication","author_link":"https:\/\/www.salon-medecinedouce.com\/lyon\/author\/communication\/"},"rttpg_comment":0,"rttpg_category":"<a href=\"https:\/\/www.salon-medecinedouce.com\/lyon\/category\/actualites\/\" rel=\"category tag\">Actualit\u00e9s<\/a>","rttpg_excerpt":"Pr\u00e9sentez-vous en quelques mots Depuis 2004, je pratique en cabinet des soins \u00e9nerg\u00e9tiques qui boostent la sant\u00e9. Je suis \u00e9galement Formateur de cette m\u00e9thode. La M\u00e9thode\u00a0ACMOS\u00a0est une d\u00e9marche visant \u00e0 renforcer progressivement les capacit\u00e9s de l&rsquo;organisme et \u00e0 maintenir de lui-m\u00eame son \u00e9quilibre \u00e9nerg\u00e9tique face aux agressions qu&rsquo;il subit chroniquement ou ponctuellement. Cette m\u00e9thode nous&hellip;","_links":{"self":[{"href":"https:\/\/www.salon-medecinedouce.com\/lyon\/wp-json\/wp\/v2\/posts\/12052","targetHints":{"allow":["GET"]}}],"collection":[{"href":"https:\/\/www.salon-medecinedouce.com\/lyon\/wp-json\/wp\/v2\/posts"}],"about":[{"href":"https:\/\/www.salon-medecinedouce.com\/lyon\/wp-json\/wp\/v2\/types\/post"}],"author":[{"embeddable":true,"href":"https:\/\/www.salon-medecinedouce.com\/lyon\/wp-json\/wp\/v2\/users\/6"}],"replies":[{"embeddable":true,"href":"https:\/\/www.salon-medecinedouce.com\/lyon\/wp-json\/wp\/v2\/comments?post=12052"}],"version-history":[{"count":5,"href":"https:\/\/www.salon-medecinedouce.com\/lyon\/wp-json\/wp\/v2\/posts\/12052\/revisions"}],"predecessor-version":[{"id":12495,"href":"https:\/\/www.salon-medecinedouce.com\/lyon\/wp-json\/wp\/v2\/posts\/12052\/revisions\/12495"}],"wp:featuredmedia":[{"embeddable":true,"href":"https:\/\/www.salon-medecinedouce.com\/lyon\/wp-json\/wp\/v2\/media\/12222"}],"wp:attachment":[{"href":"https:\/\/www.salon-medecinedouce.com\/lyon\/wp-json\/wp\/v2\/media?parent=12052"}],"wp:term":[{"taxonomy":"category","embeddable":true,"href":"https:\/\/www.salon-medecinedouce.com\/lyon\/wp-json\/wp\/v2\/categories?post=12052"},{"taxonomy":"post_tag","embeddable":true,"href":"https:\/\/www.salon-medecinedouce.com\/lyon\/wp-json\/wp\/v2\/tags?post=12052"}],"curies":[{"name":"wp","href":"https:\/\/api.w.org\/{rel}","templated":true}]}}