{"id":12041,"date":"2023-12-19T10:23:57","date_gmt":"2023-12-19T09:23:57","guid":{"rendered":"https:\/\/www.salon-medecinedouce.com\/lyon\/?p=12041"},"modified":"2023-12-19T10:41:03","modified_gmt":"2023-12-19T09:41:03","slug":"portrait-exposant-2024-colorame","status":"publish","type":"post","link":"https:\/\/www.salon-medecinedouce.com\/lyon\/portrait-exposant-2024-colorame\/","title":{"rendered":"Portrait Exposant 2024 \u2013 Colorame"},"content":{"rendered":"<h2>Pr\u00e9sentez-vous en quelques mots<\/h2>\n<p><a href=\"https:\/\/www.salon-medecinedouce.com\/paris\/?attachment_id=15883\" rel=\"attachment wp-att-15883\"><img decoding=\"async\" class=\"wp-image-15883 alignleft\" src=\"https:\/\/www.salon-medecinedouce.com\/paris\/wp-content\/uploads\/sites\/14\/2023\/12\/1699892409-file1-063-1-5-300x200.jpg\" alt=\"Colorame - Karine et Pierre\" width=\"264\" height=\"176\" \/><\/a><span id=\"p51\">Nous sommes Karine et Pierre\u00a0<span id=\"58\">Griffoin<\/span>, fondateurs de\u00a0<span id=\"59\">Colorame<\/span>.<\/span><span id=\"p52\">\u00a0Nous cultivons une passion pour la transformation personnelle \u00e0 travers la\u00a0<span id=\"60\" class=\"s-rg\">chromoth\u00e9rapie<\/span>\u00a0sensitive, la sophrologie et la naturopathie.<\/span><span id=\"p63\">\u00a0Notre pratique se fonde sur la conviction que le corps, l&rsquo;esprit et les \u00e9motions sont intrins\u00e8quement li\u00e9e, et que le bien-\u00eatre et le d\u00e9veloppement personnel peuvent \u00eatre atteints par l&rsquo;harmonisation de ces \u00e9l\u00e9ments.<\/span><\/p>\n<p><span id=\"p54\">Nous proposons des <a href=\"https:\/\/colorame.fr\/\" target=\"_blank\" rel=\"noopener\">accompagnements individuels, des formations et du mat\u00e9riel de soin<\/a>.<\/span><\/p>\n<p><span id=\"p55\">Nos s\u00e9ances incluent des soins \u00e9nerg\u00e9tiques qui exploitent la puissance des couleurs et des sons pour nourrir l&rsquo;aura, solliciter les ressources d\u2019auto-gu\u00e9rison et stimuler la d\u00e9couverte de soi.<\/span><\/p>\n<p><span id=\"p56\">Nos formations de\u00a0<span id=\"62\" class=\"s-rg\">chromoth\u00e9rapie<\/span>\u00a0sensitive nous permettent de partager notre passion et nos techniques aupr\u00e8s des particuliers et des th\u00e9rapeutes.<\/span><\/p>\n<p><span id=\"p57\">Notre expertise est \u00e0 votre service pour vous accompagner sur les chemins du mieux-\u00eatre gr\u00e2ce \u00e0 nos techniques de soins \u00e9nerg\u00e9tiques, la sophrologie et la naturopathie.<\/span><\/p>\n<h2>Que propose <span id=\"p51\"><span id=\"59\">Colorame<\/span><\/span>\u00a0sur le salon ?<\/h2>\n<p><a href=\"https:\/\/www.salon-medecinedouce.com\/paris\/?attachment_id=15884\" rel=\"attachment wp-att-15884\"><img fetchpriority=\"high\" decoding=\"async\" class=\" wp-image-15884 aligncenter\" src=\"https:\/\/www.salon-medecinedouce.com\/paris\/wp-content\/uploads\/sites\/14\/2023\/12\/1699892409-file2-039-2-300x200.jpg\" alt=\"Colorame - salon\" width=\"279\" height=\"186\" \/><\/a><\/p>\n<p><span id=\"p72\">Nous sommes ravis de vous faire d\u00e9couvrir l&rsquo;univers fascinant de la\u00a0<span id=\"90\">chromoth\u00e9rapie<\/span>.<\/span><span id=\"p73\">\u00a0Nous proposons ainsi sur notre stand :<\/span><\/p>\n<ul>\n<li><span id=\"p76\">des soins\u00a0<span id=\"91\" class=\"s-ve\">d\u00e9couverte<\/span>\u00a0de la\u00a0<span id=\"92\" class=\"s-rg\">chromoth\u00e9rapie<\/span>\u00a0<span id=\"p74\">(soin par les couleurs)<\/span>,<\/span><\/li>\n<li><span id=\"p78\">des\u00a0<span id=\"93\" class=\"s-rg\">chromotests<\/span>\u00a0pour exp\u00e9rimenter la couleur comme outil de connaissance de soi,<\/span><\/li>\n<li><span id=\"p80\">des livres pour se documenter sur la\u00a0<span id=\"94\" class=\"s-rg\">chromoth\u00e9rapie<\/span>,<\/span><\/li>\n<li><span id=\"p82\">notre programme de formation \u00e0 la\u00a0<span id=\"95\" class=\"s-rg\">chromoth\u00e9rapie<\/span>\u00a0sensitive,<\/span><\/li>\n<li><span id=\"p85\">du mat\u00e9riel innovant de bien-\u00eatre par la lumi\u00e8re et par les sons\u00a0<span id=\"p83\">(<span id=\"96\" class=\"s-rg\">holopsonie<\/span>)<\/span>,<\/span><\/li>\n<li><span id=\"p101\">une remise de 10 % sur les formations \u00e0 Lyon et 13 % sur le mat\u00e9riel de soin,<\/span><\/li>\n<li><span id=\"p89\">des conf\u00e9rences et ateliers d\u00e9couverte de la\u00a0<span id=\"99\">chromoth\u00e9rapie<\/span>\u00a0et de l&rsquo;<span id=\"100\">holopsonie<\/span>.<\/span><\/li>\n<\/ul>\n<h2>Parlez-nous de votre relation avec le salon<\/h2>\n<p><span id=\"p103\">Le salon est une vitrine pr\u00e9cieuse pour\u00a0<span id=\"107\">Colorame<\/span>.<\/span><span id=\"p104\">\u00a0Il repr\u00e9sente une occasion inestimable de nous faire conna\u00eetre et de tisser des liens directs avec le public.<\/span><span id=\"p105\">\u00a0Cet \u00e9v\u00e9nement est le point de rencontre id\u00e9al pour dialoguer avec nos futurs clients et partager notre passion pour la\u00a0<span id=\"108\" class=\"s-rg\">chromoth\u00e9rapie<\/span>\u00a0et l\u2019<span id=\"109\" class=\"s-rg\">holopsonie<\/span>.<\/span><span id=\"p106\">\u00a0Il nous offre le cadre parfait pour \u00e9changer sur l&rsquo;influence des couleurs et leur puissance dans le bien-\u00eatre, et nous permet de montrer concr\u00e8tement comment nos services et produits peuvent enrichir la vie quotidienne de chacun.<\/span><\/p>\n<h2>Quelle est votre devise ?<\/h2>\n<p><span id=\"p47\">Le bien-\u00eatre est l&rsquo;atteinte d&rsquo;une forme d&rsquo;\u00e9quilibre de nos besoins physiques, \u00e9motionnels, mentaux, spirituels et \u00e9nerg\u00e9tiques.<\/span><br \/>\n<span id=\"p50\">Prendre soin de soi dans un objectif de bien-\u00eatre, c&rsquo;est nourrir son corps, son c\u0153ur et son \u00e2me.<\/span><\/p>\n<h2>Quel serait votre meilleur conseil pour se sentir bien au quotidien ?<\/h2>\n<p><span id=\"p52\">Prendre une pause le matin avant que la journ\u00e9e ne d\u00e9marre pour s&rsquo;\u00e9couter et sentir ce dont notre \u00e2me et notre corps ont besoin.<\/span><span id=\"p53\">\u00a0Se concentrer sur une \u00e9nergie positive comme les premi\u00e8res lueurs de l&rsquo;aube ou le rire d&rsquo;un enfant.<\/span><span id=\"p54\">\u00a0Sentir que le bien-\u00eatre se construit\u00a0<span id=\"56\" class=\"s-rg\">petit<\/span>\u00a0pas par petit pas et qu&rsquo;il est important de s&rsquo;autoriser \u00e0 briller en prenant soin de sa lumi\u00e8re int\u00e9rieure.<\/span><span id=\"p55\">\u00a0Enfin, prendre le temps de connecter les \u00e9nergies du ciel, de la terre pour nourrir notre c\u0153ur et rayonner une bulle de lumi\u00e8re nourrici\u00e8re tout autour de nous.<\/span><\/p>\n<p><a href=\"https:\/\/www.salon-medecinedouce.com\/lyon\/visiter\/liste-des-exposants\/\" target=\"_blank\" rel=\"noopener\"><em>Consultez la liste des exposants\u00a0<\/em><\/a><\/p>\n<div class=\"salon-pubs-hp-bas-de-page salon-entity-placement\" id=\"salon-3937521714\"><div id=\"salon-3549612365\"><a data-no-instant=\"1\" href=\"https:\/\/www.naia-kaolin-delphine.fr\/\" rel=\"noopener\" class=\"a2t-link\" target=\"_blank\"><p><a href=\"https:\/\/www.naia-kaolin-delphine.fr\/\"><img decoding=\"async\" class=\"wp-image-15074 size-full aligncenter\" src=\"https:\/\/www.salon-medecinedouce.com\/lyon\/wp-content\/uploads\/sites\/12\/2026\/01\/Naia-Kaolin-salon-LYON-2026.png\" alt=\"\" width=\"728\" height=\"90\" srcset=\"https:\/\/www.salon-medecinedouce.com\/lyon\/wp-content\/uploads\/sites\/12\/2026\/01\/Naia-Kaolin-salon-LYON-2026.png 728w, https:\/\/www.salon-medecinedouce.com\/lyon\/wp-content\/uploads\/sites\/12\/2026\/01\/Naia-Kaolin-salon-LYON-2026-300x37.png 300w, https:\/\/www.salon-medecinedouce.com\/lyon\/wp-content\/uploads\/sites\/12\/2026\/01\/Naia-Kaolin-salon-LYON-2026-150x19.png 150w, https:\/\/www.salon-medecinedouce.com\/lyon\/wp-content\/uploads\/sites\/12\/2026\/01\/Naia-Kaolin-salon-LYON-2026-500x62.png 500w\" sizes=\"(max-width: 728px) 100vw, 728px\" \/><\/a><\/p>\n<\/a><\/div><\/div>","protected":false},"excerpt":{"rendered":"<p>Pr\u00e9sentez-vous en quelques mots Nous sommes Karine et Pierre\u00a0Griffoin, fondateurs de\u00a0Colorame.\u00a0Nous cultivons une passion pour la transformation personnelle \u00e0 travers la\u00a0chromoth\u00e9rapie\u00a0sensitive, la sophrologie et la naturopathie.\u00a0Notre pratique se fonde sur la conviction que le corps, l&rsquo;esprit et les \u00e9motions sont intrins\u00e8quement li\u00e9e, et que le bien-\u00eatre et le d\u00e9veloppement personnel peuvent \u00eatre atteints par l&rsquo;harmonisation&hellip; <\/p>\n","protected":false},"author":6,"featured_media":12224,"comment_status":"closed","ping_status":"closed","sticky":false,"template":"","format":"standard","meta":{"_monsterinsights_skip_tracking":false,"_monsterinsights_sitenote_active":false,"_monsterinsights_sitenote_note":"","_monsterinsights_sitenote_category":0,"footnotes":""},"categories":[384],"tags":[],"class_list":["post-12041","post","type-post","status-publish","format-standard","has-post-thumbnail","hentry","category-portraits-exposants"],"yoast_head":"<!-- This site is optimized with the Yoast SEO plugin v27.3 - https:\/\/yoast.com\/product\/yoast-seo-wordpress\/ -->\n<title>Portrait Exposant 2024 \u2013 Colorame - Bien-\u00eatre Lyon<\/title>\n<meta name=\"description\" content=\"Venez d\u00e9couvrir ou red\u00e9couvrir Colorame lors du salon Bien-\u00catre et M\u00e9decine Douce Lyon du 19 au 21 janvier 2024 !\" \/>\n<meta name=\"robots\" content=\"index, follow, max-snippet:-1, max-image-preview:large, max-video-preview:-1\" \/>\n<link rel=\"canonical\" href=\"https:\/\/www.salon-medecinedouce.com\/lyon\/portrait-exposant-2024-colorame\/\" \/>\n<meta property=\"og:locale\" content=\"fr_FR\" \/>\n<meta property=\"og:type\" content=\"article\" \/>\n<meta property=\"og:title\" content=\"Portrait Exposant 2024 \u2013 Colorame - Bien-\u00eatre Lyon\" \/>\n<meta property=\"og:description\" content=\"Venez d\u00e9couvrir ou red\u00e9couvrir Colorame lors du salon Bien-\u00catre et M\u00e9decine Douce Lyon du 19 au 21 janvier 2024 !\" \/>\n<meta property=\"og:url\" content=\"https:\/\/www.salon-medecinedouce.com\/lyon\/portrait-exposant-2024-colorame\/\" \/>\n<meta property=\"og:site_name\" content=\"Bien-\u00eatre Lyon\" \/>\n<meta property=\"article:published_time\" content=\"2023-12-19T09:23:57+00:00\" \/>\n<meta property=\"article:modified_time\" content=\"2023-12-19T09:41:03+00:00\" \/>\n<meta property=\"og:image\" content=\"https:\/\/www.salon-medecinedouce.com\/lyon\/wp-content\/uploads\/sites\/12\/2023\/12\/Colorame.png\" \/>\n\t<meta property=\"og:image:width\" content=\"1080\" \/>\n\t<meta property=\"og:image:height\" content=\"1080\" \/>\n\t<meta property=\"og:image:type\" content=\"image\/png\" \/>\n<meta name=\"author\" content=\"communication\" \/>\n<meta name=\"twitter:card\" content=\"summary_large_image\" \/>\n<meta name=\"twitter:label1\" content=\"\u00c9crit par\" \/>\n\t<meta name=\"twitter:data1\" content=\"communication\" \/>\n\t<meta name=\"twitter:label2\" content=\"Dur\u00e9e de lecture estim\u00e9e\" \/>\n\t<meta name=\"twitter:data2\" content=\"3 minutes\" \/>\n<script type=\"application\/ld+json\" class=\"yoast-schema-graph\">{\"@context\":\"https:\\\/\\\/schema.org\",\"@graph\":[{\"@type\":\"Article\",\"@id\":\"https:\\\/\\\/www.salon-medecinedouce.com\\\/lyon\\\/portrait-exposant-2024-colorame\\\/#article\",\"isPartOf\":{\"@id\":\"https:\\\/\\\/www.salon-medecinedouce.com\\\/lyon\\\/portrait-exposant-2024-colorame\\\/\"},\"author\":{\"name\":\"communication\",\"@id\":\"https:\\\/\\\/www.salon-medecinedouce.com\\\/lyon\\\/#\\\/schema\\\/person\\\/ae137e79c551ab78ea22fb35759cb9f8\"},\"headline\":\"Portrait Exposant 2024 \u2013 Colorame\",\"datePublished\":\"2023-12-19T09:23:57+00:00\",\"dateModified\":\"2023-12-19T09:41:03+00:00\",\"mainEntityOfPage\":{\"@id\":\"https:\\\/\\\/www.salon-medecinedouce.com\\\/lyon\\\/portrait-exposant-2024-colorame\\\/\"},\"wordCount\":545,\"publisher\":{\"@id\":\"https:\\\/\\\/www.salon-medecinedouce.com\\\/lyon\\\/#organization\"},\"image\":{\"@id\":\"https:\\\/\\\/www.salon-medecinedouce.com\\\/lyon\\\/portrait-exposant-2024-colorame\\\/#primaryimage\"},\"thumbnailUrl\":\"https:\\\/\\\/www.salon-medecinedouce.com\\\/lyon\\\/wp-content\\\/uploads\\\/sites\\\/12\\\/2023\\\/12\\\/Colorame.png\",\"articleSection\":[\"Portraits exposants\"],\"inLanguage\":\"fr-FR\"},{\"@type\":\"WebPage\",\"@id\":\"https:\\\/\\\/www.salon-medecinedouce.com\\\/lyon\\\/portrait-exposant-2024-colorame\\\/\",\"url\":\"https:\\\/\\\/www.salon-medecinedouce.com\\\/lyon\\\/portrait-exposant-2024-colorame\\\/\",\"name\":\"Portrait Exposant 2024 \u2013 Colorame - Bien-\u00eatre Lyon\",\"isPartOf\":{\"@id\":\"https:\\\/\\\/www.salon-medecinedouce.com\\\/lyon\\\/#website\"},\"primaryImageOfPage\":{\"@id\":\"https:\\\/\\\/www.salon-medecinedouce.com\\\/lyon\\\/portrait-exposant-2024-colorame\\\/#primaryimage\"},\"image\":{\"@id\":\"https:\\\/\\\/www.salon-medecinedouce.com\\\/lyon\\\/portrait-exposant-2024-colorame\\\/#primaryimage\"},\"thumbnailUrl\":\"https:\\\/\\\/www.salon-medecinedouce.com\\\/lyon\\\/wp-content\\\/uploads\\\/sites\\\/12\\\/2023\\\/12\\\/Colorame.png\",\"datePublished\":\"2023-12-19T09:23:57+00:00\",\"dateModified\":\"2023-12-19T09:41:03+00:00\",\"description\":\"Venez d\u00e9couvrir ou red\u00e9couvrir Colorame lors du salon Bien-\u00catre et M\u00e9decine Douce Lyon du 19 au 21 janvier 2024 !\",\"breadcrumb\":{\"@id\":\"https:\\\/\\\/www.salon-medecinedouce.com\\\/lyon\\\/portrait-exposant-2024-colorame\\\/#breadcrumb\"},\"inLanguage\":\"fr-FR\",\"potentialAction\":[{\"@type\":\"ReadAction\",\"target\":[\"https:\\\/\\\/www.salon-medecinedouce.com\\\/lyon\\\/portrait-exposant-2024-colorame\\\/\"]}]},{\"@type\":\"ImageObject\",\"inLanguage\":\"fr-FR\",\"@id\":\"https:\\\/\\\/www.salon-medecinedouce.com\\\/lyon\\\/portrait-exposant-2024-colorame\\\/#primaryimage\",\"url\":\"https:\\\/\\\/www.salon-medecinedouce.com\\\/lyon\\\/wp-content\\\/uploads\\\/sites\\\/12\\\/2023\\\/12\\\/Colorame.png\",\"contentUrl\":\"https:\\\/\\\/www.salon-medecinedouce.com\\\/lyon\\\/wp-content\\\/uploads\\\/sites\\\/12\\\/2023\\\/12\\\/Colorame.png\",\"width\":1080,\"height\":1080},{\"@type\":\"BreadcrumbList\",\"@id\":\"https:\\\/\\\/www.salon-medecinedouce.com\\\/lyon\\\/portrait-exposant-2024-colorame\\\/#breadcrumb\",\"itemListElement\":[{\"@type\":\"ListItem\",\"position\":1,\"name\":\"Accueil\",\"item\":\"https:\\\/\\\/www.salon-medecinedouce.com\\\/lyon\\\/\"},{\"@type\":\"ListItem\",\"position\":2,\"name\":\"Portrait Exposant 2024 \u2013 Colorame\"}]},{\"@type\":\"WebSite\",\"@id\":\"https:\\\/\\\/www.salon-medecinedouce.com\\\/lyon\\\/#website\",\"url\":\"https:\\\/\\\/www.salon-medecinedouce.com\\\/lyon\\\/\",\"name\":\"Bien-\u00eatre Lyon\",\"description\":\"La sant\u00e9 au naturel : M\u00e9decines douces - Compl\u00e9ments alimentaires - Alimentation saine - Cosm\u00e9tiques naturelles - Art de vivre - Tourisme de sant\u00e9\",\"publisher\":{\"@id\":\"https:\\\/\\\/www.salon-medecinedouce.com\\\/lyon\\\/#organization\"},\"potentialAction\":[{\"@type\":\"SearchAction\",\"target\":{\"@type\":\"EntryPoint\",\"urlTemplate\":\"https:\\\/\\\/www.salon-medecinedouce.com\\\/lyon\\\/?s={search_term_string}\"},\"query-input\":{\"@type\":\"PropertyValueSpecification\",\"valueRequired\":true,\"valueName\":\"search_term_string\"}}],\"inLanguage\":\"fr-FR\"},{\"@type\":\"Organization\",\"@id\":\"https:\\\/\\\/www.salon-medecinedouce.com\\\/lyon\\\/#organization\",\"name\":\"Bien-\u00eatre Lyon\",\"url\":\"https:\\\/\\\/www.salon-medecinedouce.com\\\/lyon\\\/\",\"logo\":{\"@type\":\"ImageObject\",\"inLanguage\":\"fr-FR\",\"@id\":\"https:\\\/\\\/www.salon-medecinedouce.com\\\/lyon\\\/#\\\/schema\\\/logo\\\/image\\\/\",\"url\":\"https:\\\/\\\/www.salon-medecinedouce.com\\\/lyon\\\/wp-content\\\/uploads\\\/sites\\\/12\\\/2024\\\/05\\\/cropped-logo-orange-bemd.png\",\"contentUrl\":\"https:\\\/\\\/www.salon-medecinedouce.com\\\/lyon\\\/wp-content\\\/uploads\\\/sites\\\/12\\\/2024\\\/05\\\/cropped-logo-orange-bemd.png\",\"width\":591,\"height\":591,\"caption\":\"Bien-\u00eatre Lyon\"},\"image\":{\"@id\":\"https:\\\/\\\/www.salon-medecinedouce.com\\\/lyon\\\/#\\\/schema\\\/logo\\\/image\\\/\"}},{\"@type\":\"Person\",\"@id\":\"https:\\\/\\\/www.salon-medecinedouce.com\\\/lyon\\\/#\\\/schema\\\/person\\\/ae137e79c551ab78ea22fb35759cb9f8\",\"name\":\"communication\",\"image\":{\"@type\":\"ImageObject\",\"inLanguage\":\"fr-FR\",\"@id\":\"https:\\\/\\\/secure.gravatar.com\\\/avatar\\\/0f49d5b7ab56355ffa797b3ce25e4f2375cedf6bc9afe416fe669342c3524275?s=96&d=mm&r=g\",\"url\":\"https:\\\/\\\/secure.gravatar.com\\\/avatar\\\/0f49d5b7ab56355ffa797b3ce25e4f2375cedf6bc9afe416fe669342c3524275?s=96&d=mm&r=g\",\"contentUrl\":\"https:\\\/\\\/secure.gravatar.com\\\/avatar\\\/0f49d5b7ab56355ffa797b3ce25e4f2375cedf6bc9afe416fe669342c3524275?s=96&d=mm&r=g\",\"caption\":\"communication\"},\"url\":\"https:\\\/\\\/www.salon-medecinedouce.com\\\/lyon\\\/author\\\/communication\\\/\"}]}<\/script>\n<!-- \/ Yoast SEO plugin. -->","yoast_head_json":{"title":"Portrait Exposant 2024 \u2013 Colorame - Bien-\u00eatre Lyon","description":"Venez d\u00e9couvrir ou red\u00e9couvrir Colorame lors du salon Bien-\u00catre et M\u00e9decine Douce Lyon du 19 au 21 janvier 2024 !","robots":{"index":"index","follow":"follow","max-snippet":"max-snippet:-1","max-image-preview":"max-image-preview:large","max-video-preview":"max-video-preview:-1"},"canonical":"https:\/\/www.salon-medecinedouce.com\/lyon\/portrait-exposant-2024-colorame\/","og_locale":"fr_FR","og_type":"article","og_title":"Portrait Exposant 2024 \u2013 Colorame - Bien-\u00eatre Lyon","og_description":"Venez d\u00e9couvrir ou red\u00e9couvrir Colorame lors du salon Bien-\u00catre et M\u00e9decine Douce Lyon du 19 au 21 janvier 2024 !","og_url":"https:\/\/www.salon-medecinedouce.com\/lyon\/portrait-exposant-2024-colorame\/","og_site_name":"Bien-\u00eatre Lyon","article_published_time":"2023-12-19T09:23:57+00:00","article_modified_time":"2023-12-19T09:41:03+00:00","og_image":[{"width":1080,"height":1080,"url":"https:\/\/www.salon-medecinedouce.com\/lyon\/wp-content\/uploads\/sites\/12\/2023\/12\/Colorame.png","type":"image\/png"}],"author":"communication","twitter_card":"summary_large_image","twitter_misc":{"\u00c9crit par":"communication","Dur\u00e9e de lecture estim\u00e9e":"3 minutes"},"schema":{"@context":"https:\/\/schema.org","@graph":[{"@type":"Article","@id":"https:\/\/www.salon-medecinedouce.com\/lyon\/portrait-exposant-2024-colorame\/#article","isPartOf":{"@id":"https:\/\/www.salon-medecinedouce.com\/lyon\/portrait-exposant-2024-colorame\/"},"author":{"name":"communication","@id":"https:\/\/www.salon-medecinedouce.com\/lyon\/#\/schema\/person\/ae137e79c551ab78ea22fb35759cb9f8"},"headline":"Portrait Exposant 2024 \u2013 Colorame","datePublished":"2023-12-19T09:23:57+00:00","dateModified":"2023-12-19T09:41:03+00:00","mainEntityOfPage":{"@id":"https:\/\/www.salon-medecinedouce.com\/lyon\/portrait-exposant-2024-colorame\/"},"wordCount":545,"publisher":{"@id":"https:\/\/www.salon-medecinedouce.com\/lyon\/#organization"},"image":{"@id":"https:\/\/www.salon-medecinedouce.com\/lyon\/portrait-exposant-2024-colorame\/#primaryimage"},"thumbnailUrl":"https:\/\/www.salon-medecinedouce.com\/lyon\/wp-content\/uploads\/sites\/12\/2023\/12\/Colorame.png","articleSection":["Portraits exposants"],"inLanguage":"fr-FR"},{"@type":"WebPage","@id":"https:\/\/www.salon-medecinedouce.com\/lyon\/portrait-exposant-2024-colorame\/","url":"https:\/\/www.salon-medecinedouce.com\/lyon\/portrait-exposant-2024-colorame\/","name":"Portrait Exposant 2024 \u2013 Colorame - Bien-\u00eatre Lyon","isPartOf":{"@id":"https:\/\/www.salon-medecinedouce.com\/lyon\/#website"},"primaryImageOfPage":{"@id":"https:\/\/www.salon-medecinedouce.com\/lyon\/portrait-exposant-2024-colorame\/#primaryimage"},"image":{"@id":"https:\/\/www.salon-medecinedouce.com\/lyon\/portrait-exposant-2024-colorame\/#primaryimage"},"thumbnailUrl":"https:\/\/www.salon-medecinedouce.com\/lyon\/wp-content\/uploads\/sites\/12\/2023\/12\/Colorame.png","datePublished":"2023-12-19T09:23:57+00:00","dateModified":"2023-12-19T09:41:03+00:00","description":"Venez d\u00e9couvrir ou red\u00e9couvrir Colorame lors du salon Bien-\u00catre et M\u00e9decine Douce Lyon du 19 au 21 janvier 2024 !","breadcrumb":{"@id":"https:\/\/www.salon-medecinedouce.com\/lyon\/portrait-exposant-2024-colorame\/#breadcrumb"},"inLanguage":"fr-FR","potentialAction":[{"@type":"ReadAction","target":["https:\/\/www.salon-medecinedouce.com\/lyon\/portrait-exposant-2024-colorame\/"]}]},{"@type":"ImageObject","inLanguage":"fr-FR","@id":"https:\/\/www.salon-medecinedouce.com\/lyon\/portrait-exposant-2024-colorame\/#primaryimage","url":"https:\/\/www.salon-medecinedouce.com\/lyon\/wp-content\/uploads\/sites\/12\/2023\/12\/Colorame.png","contentUrl":"https:\/\/www.salon-medecinedouce.com\/lyon\/wp-content\/uploads\/sites\/12\/2023\/12\/Colorame.png","width":1080,"height":1080},{"@type":"BreadcrumbList","@id":"https:\/\/www.salon-medecinedouce.com\/lyon\/portrait-exposant-2024-colorame\/#breadcrumb","itemListElement":[{"@type":"ListItem","position":1,"name":"Accueil","item":"https:\/\/www.salon-medecinedouce.com\/lyon\/"},{"@type":"ListItem","position":2,"name":"Portrait Exposant 2024 \u2013 Colorame"}]},{"@type":"WebSite","@id":"https:\/\/www.salon-medecinedouce.com\/lyon\/#website","url":"https:\/\/www.salon-medecinedouce.com\/lyon\/","name":"Bien-\u00eatre Lyon","description":"La sant\u00e9 au naturel : M\u00e9decines douces - Compl\u00e9ments alimentaires - Alimentation saine - Cosm\u00e9tiques naturelles - Art de vivre - Tourisme de sant\u00e9","publisher":{"@id":"https:\/\/www.salon-medecinedouce.com\/lyon\/#organization"},"potentialAction":[{"@type":"SearchAction","target":{"@type":"EntryPoint","urlTemplate":"https:\/\/www.salon-medecinedouce.com\/lyon\/?s={search_term_string}"},"query-input":{"@type":"PropertyValueSpecification","valueRequired":true,"valueName":"search_term_string"}}],"inLanguage":"fr-FR"},{"@type":"Organization","@id":"https:\/\/www.salon-medecinedouce.com\/lyon\/#organization","name":"Bien-\u00eatre Lyon","url":"https:\/\/www.salon-medecinedouce.com\/lyon\/","logo":{"@type":"ImageObject","inLanguage":"fr-FR","@id":"https:\/\/www.salon-medecinedouce.com\/lyon\/#\/schema\/logo\/image\/","url":"https:\/\/www.salon-medecinedouce.com\/lyon\/wp-content\/uploads\/sites\/12\/2024\/05\/cropped-logo-orange-bemd.png","contentUrl":"https:\/\/www.salon-medecinedouce.com\/lyon\/wp-content\/uploads\/sites\/12\/2024\/05\/cropped-logo-orange-bemd.png","width":591,"height":591,"caption":"Bien-\u00eatre Lyon"},"image":{"@id":"https:\/\/www.salon-medecinedouce.com\/lyon\/#\/schema\/logo\/image\/"}},{"@type":"Person","@id":"https:\/\/www.salon-medecinedouce.com\/lyon\/#\/schema\/person\/ae137e79c551ab78ea22fb35759cb9f8","name":"communication","image":{"@type":"ImageObject","inLanguage":"fr-FR","@id":"https:\/\/secure.gravatar.com\/avatar\/0f49d5b7ab56355ffa797b3ce25e4f2375cedf6bc9afe416fe669342c3524275?s=96&d=mm&r=g","url":"https:\/\/secure.gravatar.com\/avatar\/0f49d5b7ab56355ffa797b3ce25e4f2375cedf6bc9afe416fe669342c3524275?s=96&d=mm&r=g","contentUrl":"https:\/\/secure.gravatar.com\/avatar\/0f49d5b7ab56355ffa797b3ce25e4f2375cedf6bc9afe416fe669342c3524275?s=96&d=mm&r=g","caption":"communication"},"url":"https:\/\/www.salon-medecinedouce.com\/lyon\/author\/communication\/"}]}},"rttpg_featured_image_url":{"full":["https:\/\/www.salon-medecinedouce.com\/lyon\/wp-content\/uploads\/sites\/12\/2023\/12\/Colorame.png",1080,1080,false],"landscape":["https:\/\/www.salon-medecinedouce.com\/lyon\/wp-content\/uploads\/sites\/12\/2023\/12\/Colorame.png",1080,1080,false],"portraits":["https:\/\/www.salon-medecinedouce.com\/lyon\/wp-content\/uploads\/sites\/12\/2023\/12\/Colorame.png",1080,1080,false],"thumbnail":["https:\/\/www.salon-medecinedouce.com\/lyon\/wp-content\/uploads\/sites\/12\/2023\/12\/Colorame-150x150.png",150,150,true],"medium":["https:\/\/www.salon-medecinedouce.com\/lyon\/wp-content\/uploads\/sites\/12\/2023\/12\/Colorame-300x300.png",300,300,true],"large":["https:\/\/www.salon-medecinedouce.com\/lyon\/wp-content\/uploads\/sites\/12\/2023\/12\/Colorame-1024x1024.png",790,790,true],"1536x1536":["https:\/\/www.salon-medecinedouce.com\/lyon\/wp-content\/uploads\/sites\/12\/2023\/12\/Colorame.png",1080,1080,false],"2048x2048":["https:\/\/www.salon-medecinedouce.com\/lyon\/wp-content\/uploads\/sites\/12\/2023\/12\/Colorame.png",1080,1080,false],"gg_gallery_thumbnail":["https:\/\/www.salon-medecinedouce.com\/lyon\/wp-content\/uploads\/sites\/12\/2023\/12\/Colorame-450x250.png",450,250,true],"rpwe-thumbnail":["https:\/\/www.salon-medecinedouce.com\/lyon\/wp-content\/uploads\/sites\/12\/2023\/12\/Colorame-45x45.png",45,45,true]},"rttpg_author":{"display_name":"communication","author_link":"https:\/\/www.salon-medecinedouce.com\/lyon\/author\/communication\/"},"rttpg_comment":0,"rttpg_category":"<a href=\"https:\/\/www.salon-medecinedouce.com\/lyon\/category\/portraits-exposants\/\" rel=\"category tag\">Portraits exposants<\/a>","rttpg_excerpt":"Pr\u00e9sentez-vous en quelques mots Nous sommes Karine et Pierre\u00a0Griffoin, fondateurs de\u00a0Colorame.\u00a0Nous cultivons une passion pour la transformation personnelle \u00e0 travers la\u00a0chromoth\u00e9rapie\u00a0sensitive, la sophrologie et la naturopathie.\u00a0Notre pratique se fonde sur la conviction que le corps, l&rsquo;esprit et les \u00e9motions sont intrins\u00e8quement li\u00e9e, et que le bien-\u00eatre et le d\u00e9veloppement personnel peuvent \u00eatre atteints par l&rsquo;harmonisation&hellip;","_links":{"self":[{"href":"https:\/\/www.salon-medecinedouce.com\/lyon\/wp-json\/wp\/v2\/posts\/12041","targetHints":{"allow":["GET"]}}],"collection":[{"href":"https:\/\/www.salon-medecinedouce.com\/lyon\/wp-json\/wp\/v2\/posts"}],"about":[{"href":"https:\/\/www.salon-medecinedouce.com\/lyon\/wp-json\/wp\/v2\/types\/post"}],"author":[{"embeddable":true,"href":"https:\/\/www.salon-medecinedouce.com\/lyon\/wp-json\/wp\/v2\/users\/6"}],"replies":[{"embeddable":true,"href":"https:\/\/www.salon-medecinedouce.com\/lyon\/wp-json\/wp\/v2\/comments?post=12041"}],"version-history":[{"count":3,"href":"https:\/\/www.salon-medecinedouce.com\/lyon\/wp-json\/wp\/v2\/posts\/12041\/revisions"}],"predecessor-version":[{"id":12207,"href":"https:\/\/www.salon-medecinedouce.com\/lyon\/wp-json\/wp\/v2\/posts\/12041\/revisions\/12207"}],"wp:featuredmedia":[{"embeddable":true,"href":"https:\/\/www.salon-medecinedouce.com\/lyon\/wp-json\/wp\/v2\/media\/12224"}],"wp:attachment":[{"href":"https:\/\/www.salon-medecinedouce.com\/lyon\/wp-json\/wp\/v2\/media?parent=12041"}],"wp:term":[{"taxonomy":"category","embeddable":true,"href":"https:\/\/www.salon-medecinedouce.com\/lyon\/wp-json\/wp\/v2\/categories?post=12041"},{"taxonomy":"post_tag","embeddable":true,"href":"https:\/\/www.salon-medecinedouce.com\/lyon\/wp-json\/wp\/v2\/tags?post=12041"}],"curies":[{"name":"wp","href":"https:\/\/api.w.org\/{rel}","templated":true}]}}