{"id":11824,"date":"2023-12-19T10:21:52","date_gmt":"2023-12-19T09:21:52","guid":{"rendered":"https:\/\/www.salon-medecinedouce.com\/lyon\/?p=11824"},"modified":"2024-01-10T15:54:11","modified_gmt":"2024-01-10T14:54:11","slug":"call-of-souls","status":"publish","type":"post","link":"https:\/\/www.salon-medecinedouce.com\/lyon\/call-of-souls\/","title":{"rendered":"Portrait Exposant 2024 \u2013 Call\u00a0of\u00a0Souls"},"content":{"rendered":"<h2>Pr\u00e9sentez-vous en quelques mots<\/h2>\n<p><a href=\"https:\/\/www.salon-medecinedouce.com\/lyon\/call-of-souls\/1699364677-file1-nouvelle-banniere\/\" rel=\"attachment wp-att-11825\"><img decoding=\"async\" class=\"wp-image-11825 aligncenter\" src=\"https:\/\/www.salon-medecinedouce.com\/lyon\/wp-content\/uploads\/sites\/12\/2023\/11\/1699364677-file1-nouvelle-banniere-300x105.jpg\" alt=\"Call of Souls - bien-\u00eatre\" width=\"312\" height=\"109\" srcset=\"https:\/\/www.salon-medecinedouce.com\/lyon\/wp-content\/uploads\/sites\/12\/2023\/11\/1699364677-file1-nouvelle-banniere-300x105.jpg 300w, https:\/\/www.salon-medecinedouce.com\/lyon\/wp-content\/uploads\/sites\/12\/2023\/11\/1699364677-file1-nouvelle-banniere-1024x358.jpg 1024w, https:\/\/www.salon-medecinedouce.com\/lyon\/wp-content\/uploads\/sites\/12\/2023\/11\/1699364677-file1-nouvelle-banniere-768x269.jpg 768w, https:\/\/www.salon-medecinedouce.com\/lyon\/wp-content\/uploads\/sites\/12\/2023\/11\/1699364677-file1-nouvelle-banniere-1536x538.jpg 1536w, https:\/\/www.salon-medecinedouce.com\/lyon\/wp-content\/uploads\/sites\/12\/2023\/11\/1699364677-file1-nouvelle-banniere-150x53.jpg 150w, https:\/\/www.salon-medecinedouce.com\/lyon\/wp-content\/uploads\/sites\/12\/2023\/11\/1699364677-file1-nouvelle-banniere-500x175.jpg 500w, https:\/\/www.salon-medecinedouce.com\/lyon\/wp-content\/uploads\/sites\/12\/2023\/11\/1699364677-file1-nouvelle-banniere.jpg 2000w\" sizes=\"(max-width: 312px) 100vw, 312px\" \/><\/a><\/p>\n<p><span id=\"p154\"><span id=\"157\">Call<\/span>\u00a0of\u00a0<span id=\"158\">Souls<\/span>\u00a0est un <a href=\"https:\/\/www.callofsouls.com\/\" target=\"_blank\" rel=\"noopener\">projet initiatique de ressourcement de l\u2019\u00e2me<\/a> au moyen de plusieurs outils.<\/span><br \/>\n<span id=\"p155\">Au c\u0153ur de ces\u00a0outils, se\u00a0trouve la danse-transe mahorikatan\u00a0cr\u00e9\u00e9e par Philippe\u00a0<span id=\"161\">Lenaif<\/span>\u00a0apr\u00e8s 30 ans d\u2019exp\u00e9rience dans diff\u00e9rentes traditions autour du monde.<\/span><br \/>\n<span id=\"p156\">Pratiquants et danseurs seront pr\u00e9sents sur le stand pour t\u00e9moigner.<\/span><\/p>\n<h2>Que propose Call\u00a0of\u00a0Souls sur le salon ?<\/h2>\n<p><a href=\"https:\/\/www.salon-medecinedouce.com\/lyon\/call-of-souls\/1699364677-file2-danse-transe\/\" rel=\"attachment wp-att-11826\"><img decoding=\"async\" class=\" wp-image-11826 aligncenter\" src=\"https:\/\/www.salon-medecinedouce.com\/lyon\/wp-content\/uploads\/sites\/12\/2023\/11\/1699364677-file2-Danse-Transe-300x107.png\" alt=\"Call of souls - danse trans\" width=\"317\" height=\"113\" srcset=\"https:\/\/www.salon-medecinedouce.com\/lyon\/wp-content\/uploads\/sites\/12\/2023\/11\/1699364677-file2-Danse-Transe-300x107.png 300w, https:\/\/www.salon-medecinedouce.com\/lyon\/wp-content\/uploads\/sites\/12\/2023\/11\/1699364677-file2-Danse-Transe-150x53.png 150w, https:\/\/www.salon-medecinedouce.com\/lyon\/wp-content\/uploads\/sites\/12\/2023\/11\/1699364677-file2-Danse-Transe.png 500w\" sizes=\"(max-width: 317px) 100vw, 317px\" \/><\/a><\/p>\n<p>Une d\u00e9couverte de Mahorikatan, la danse-transe qui enchante l\u2019\u00e2me, lib\u00e8re les tensions psychiques dans l\u2019inconscient et en harmonise les contenus.<br \/>\nUne pr\u00e9sentation de Katarian, le coaching flash en vue d\u2019aider les managers ambitieux \u00e0 avoir de meilleures relations avec leurs \u00e9quipes.<br \/>\nDes ateliers et conf\u00e9rences\u00a0 anim\u00e9s par Philippe Lenaif.<br \/>\nLa ventes de stages sur place \u00e0 prix promotionnels pour le salon.<\/p>\n<h2>Parlez-nous de votre relation avec le salon<\/h2>\n<p><span id=\"p58\">Les participants \u00e0 nos stages et retraites sont des visiteurs fid\u00e8les aux salons bien-\u00eatre.<\/span><span id=\"p59\"> Nous pensons donc \u00eatre en accord avec la cible de Bien-\u00eatre M\u00e9decine Douce et pouvoir pr\u00e9senter un outil novateur et original de bien-\u00eatre et d\u2019harmonie avec soi et le monde.<\/span><br \/>\n<span id=\"p60\">C\u2019est une premi\u00e8re pour nous en termes de communication\u00a0<span id=\"61\">grand<\/span>\u00a0public, bien que Philippe Lenaif ait d\u00e9j\u00e0 eu l\u2019occasion d\u2019y donner une conf\u00e9rence au salon Zen de\u00a0Paris.<\/span><\/p>\n<h2>Quelle est votre devise ?<\/h2>\n<p>Cultiver l\u2019harmonie dans un corps et un environnement sains.<br \/>\nR\u00e9concilier le psychisme avec le projet de l\u2019\u00e2me en d\u00e9nouant les blocages de l\u2019inconscient.<br \/>\nRenforcer la connexion permanente avec la dimension spirituelle de l\u2019Univers.<\/p>\n<h2>Quel serait votre meilleur conseil pour se sentir bien au quotidien ?<\/h2>\n<p>Accueillir en conscience ses \u00e9motions quand elles se manifestent.<\/p>\n<p><a href=\"https:\/\/www.salon-medecinedouce.com\/lyon\/visiter\/liste-des-exposants\/\" target=\"_blank\" rel=\"noopener\"><em>Consultez la liste des exposants\u00a0<\/em><\/a><\/p>\n<div class=\"salon-pubs-hp-bas-de-page salon-entity-placement\" id=\"salon-235631354\"><div id=\"salon-625235177\"><a data-no-instant=\"1\" href=\"https:\/\/www.adntv.fr\/home?request_origin=tv_app\" rel=\"noopener\" class=\"a2t-link\" target=\"_blank\"><p><a href=\"https:\/\/www.adntv.fr\/home?request_origin=tv_app\"><img fetchpriority=\"high\" decoding=\"async\" class=\"wp-image-15075  aligncenter\" src=\"https:\/\/www.salon-medecinedouce.com\/lyon\/wp-content\/uploads\/sites\/12\/2021\/12\/ADNTV_BANNIERE_.jpg\" alt=\"\" width=\"515\" height=\"196\" srcset=\"https:\/\/www.salon-medecinedouce.com\/lyon\/wp-content\/uploads\/sites\/12\/2021\/12\/ADNTV_BANNIERE_.jpg 820w, https:\/\/www.salon-medecinedouce.com\/lyon\/wp-content\/uploads\/sites\/12\/2021\/12\/ADNTV_BANNIERE_-300x114.jpg 300w, https:\/\/www.salon-medecinedouce.com\/lyon\/wp-content\/uploads\/sites\/12\/2021\/12\/ADNTV_BANNIERE_-768x292.jpg 768w, https:\/\/www.salon-medecinedouce.com\/lyon\/wp-content\/uploads\/sites\/12\/2021\/12\/ADNTV_BANNIERE_-150x57.jpg 150w, https:\/\/www.salon-medecinedouce.com\/lyon\/wp-content\/uploads\/sites\/12\/2021\/12\/ADNTV_BANNIERE_-500x190.jpg 500w\" sizes=\"(max-width: 515px) 100vw, 515px\" \/><\/a><\/p>\n<\/a><\/div><\/div>","protected":false},"excerpt":{"rendered":"<p>Pr\u00e9sentez-vous en quelques mots Call\u00a0of\u00a0Souls\u00a0est un projet initiatique de ressourcement de l\u2019\u00e2me au moyen de plusieurs outils. Au c\u0153ur de ces\u00a0outils, se\u00a0trouve la danse-transe mahorikatan\u00a0cr\u00e9\u00e9e par Philippe\u00a0Lenaif\u00a0apr\u00e8s 30 ans d\u2019exp\u00e9rience dans diff\u00e9rentes traditions autour du monde. Pratiquants et danseurs seront pr\u00e9sents sur le stand pour t\u00e9moigner. Que propose Call\u00a0of\u00a0Souls sur le salon ? Une d\u00e9couverte&hellip; <\/p>\n","protected":false},"author":6,"featured_media":12226,"comment_status":"closed","ping_status":"closed","sticky":false,"template":"","format":"standard","meta":{"_monsterinsights_skip_tracking":false,"_monsterinsights_sitenote_active":false,"_monsterinsights_sitenote_note":"","_monsterinsights_sitenote_category":0,"footnotes":""},"categories":[384],"tags":[],"class_list":["post-11824","post","type-post","status-publish","format-standard","has-post-thumbnail","hentry","category-portraits-exposants"],"yoast_head":"<!-- This site is optimized with the Yoast SEO plugin v27.3 - https:\/\/yoast.com\/product\/yoast-seo-wordpress\/ -->\n<title>Portrait Exposant 2024 \u2013 Call\u00a0of\u00a0Souls - Bien-\u00eatre Lyon<\/title>\n<meta name=\"description\" content=\"Venez d\u00e9couvrir ou red\u00e9couvrir Call\u00a0of\u00a0Souls lors du salon Bien-\u00catre et M\u00e9decine Douce Lyon du 19 au 21 janvier 2024 !\" \/>\n<meta name=\"robots\" content=\"index, follow, max-snippet:-1, max-image-preview:large, max-video-preview:-1\" \/>\n<link rel=\"canonical\" href=\"https:\/\/www.salon-medecinedouce.com\/lyon\/call-of-souls\/\" \/>\n<meta property=\"og:locale\" content=\"fr_FR\" \/>\n<meta property=\"og:type\" content=\"article\" \/>\n<meta property=\"og:title\" content=\"Portrait Exposant 2024 \u2013 Call\u00a0of\u00a0Souls - Bien-\u00eatre Lyon\" \/>\n<meta property=\"og:description\" content=\"Venez d\u00e9couvrir ou red\u00e9couvrir Call\u00a0of\u00a0Souls lors du salon Bien-\u00catre et M\u00e9decine Douce Lyon du 19 au 21 janvier 2024 !\" \/>\n<meta property=\"og:url\" content=\"https:\/\/www.salon-medecinedouce.com\/lyon\/call-of-souls\/\" \/>\n<meta property=\"og:site_name\" content=\"Bien-\u00eatre Lyon\" \/>\n<meta property=\"article:published_time\" content=\"2023-12-19T09:21:52+00:00\" \/>\n<meta property=\"article:modified_time\" content=\"2024-01-10T14:54:11+00:00\" \/>\n<meta property=\"og:image\" content=\"https:\/\/www.salon-medecinedouce.com\/lyon\/wp-content\/uploads\/sites\/12\/2023\/12\/Call-of-Souls.png\" \/>\n\t<meta property=\"og:image:width\" content=\"1080\" \/>\n\t<meta property=\"og:image:height\" content=\"1080\" \/>\n\t<meta property=\"og:image:type\" content=\"image\/png\" \/>\n<meta name=\"author\" content=\"communication\" \/>\n<meta name=\"twitter:card\" content=\"summary_large_image\" \/>\n<meta name=\"twitter:label1\" content=\"\u00c9crit par\" \/>\n\t<meta name=\"twitter:data1\" content=\"communication\" \/>\n\t<meta name=\"twitter:label2\" content=\"Dur\u00e9e de lecture estim\u00e9e\" \/>\n\t<meta name=\"twitter:data2\" content=\"2 minutes\" \/>\n<script type=\"application\/ld+json\" class=\"yoast-schema-graph\">{\"@context\":\"https:\\\/\\\/schema.org\",\"@graph\":[{\"@type\":\"Article\",\"@id\":\"https:\\\/\\\/www.salon-medecinedouce.com\\\/lyon\\\/call-of-souls\\\/#article\",\"isPartOf\":{\"@id\":\"https:\\\/\\\/www.salon-medecinedouce.com\\\/lyon\\\/call-of-souls\\\/\"},\"author\":{\"name\":\"communication\",\"@id\":\"https:\\\/\\\/www.salon-medecinedouce.com\\\/lyon\\\/#\\\/schema\\\/person\\\/ae137e79c551ab78ea22fb35759cb9f8\"},\"headline\":\"Portrait Exposant 2024 \u2013 Call\u00a0of\u00a0Souls\",\"datePublished\":\"2023-12-19T09:21:52+00:00\",\"dateModified\":\"2024-01-10T14:54:11+00:00\",\"mainEntityOfPage\":{\"@id\":\"https:\\\/\\\/www.salon-medecinedouce.com\\\/lyon\\\/call-of-souls\\\/\"},\"wordCount\":302,\"publisher\":{\"@id\":\"https:\\\/\\\/www.salon-medecinedouce.com\\\/lyon\\\/#organization\"},\"image\":{\"@id\":\"https:\\\/\\\/www.salon-medecinedouce.com\\\/lyon\\\/call-of-souls\\\/#primaryimage\"},\"thumbnailUrl\":\"https:\\\/\\\/www.salon-medecinedouce.com\\\/lyon\\\/wp-content\\\/uploads\\\/sites\\\/12\\\/2023\\\/12\\\/Call-of-Souls.png\",\"articleSection\":[\"Portraits exposants\"],\"inLanguage\":\"fr-FR\"},{\"@type\":\"WebPage\",\"@id\":\"https:\\\/\\\/www.salon-medecinedouce.com\\\/lyon\\\/call-of-souls\\\/\",\"url\":\"https:\\\/\\\/www.salon-medecinedouce.com\\\/lyon\\\/call-of-souls\\\/\",\"name\":\"Portrait Exposant 2024 \u2013 Call\u00a0of\u00a0Souls - Bien-\u00eatre Lyon\",\"isPartOf\":{\"@id\":\"https:\\\/\\\/www.salon-medecinedouce.com\\\/lyon\\\/#website\"},\"primaryImageOfPage\":{\"@id\":\"https:\\\/\\\/www.salon-medecinedouce.com\\\/lyon\\\/call-of-souls\\\/#primaryimage\"},\"image\":{\"@id\":\"https:\\\/\\\/www.salon-medecinedouce.com\\\/lyon\\\/call-of-souls\\\/#primaryimage\"},\"thumbnailUrl\":\"https:\\\/\\\/www.salon-medecinedouce.com\\\/lyon\\\/wp-content\\\/uploads\\\/sites\\\/12\\\/2023\\\/12\\\/Call-of-Souls.png\",\"datePublished\":\"2023-12-19T09:21:52+00:00\",\"dateModified\":\"2024-01-10T14:54:11+00:00\",\"description\":\"Venez d\u00e9couvrir ou red\u00e9couvrir Call\u00a0of\u00a0Souls lors du salon Bien-\u00catre et M\u00e9decine Douce Lyon du 19 au 21 janvier 2024 !\",\"breadcrumb\":{\"@id\":\"https:\\\/\\\/www.salon-medecinedouce.com\\\/lyon\\\/call-of-souls\\\/#breadcrumb\"},\"inLanguage\":\"fr-FR\",\"potentialAction\":[{\"@type\":\"ReadAction\",\"target\":[\"https:\\\/\\\/www.salon-medecinedouce.com\\\/lyon\\\/call-of-souls\\\/\"]}]},{\"@type\":\"ImageObject\",\"inLanguage\":\"fr-FR\",\"@id\":\"https:\\\/\\\/www.salon-medecinedouce.com\\\/lyon\\\/call-of-souls\\\/#primaryimage\",\"url\":\"https:\\\/\\\/www.salon-medecinedouce.com\\\/lyon\\\/wp-content\\\/uploads\\\/sites\\\/12\\\/2023\\\/12\\\/Call-of-Souls.png\",\"contentUrl\":\"https:\\\/\\\/www.salon-medecinedouce.com\\\/lyon\\\/wp-content\\\/uploads\\\/sites\\\/12\\\/2023\\\/12\\\/Call-of-Souls.png\",\"width\":1080,\"height\":1080},{\"@type\":\"BreadcrumbList\",\"@id\":\"https:\\\/\\\/www.salon-medecinedouce.com\\\/lyon\\\/call-of-souls\\\/#breadcrumb\",\"itemListElement\":[{\"@type\":\"ListItem\",\"position\":1,\"name\":\"Accueil\",\"item\":\"https:\\\/\\\/www.salon-medecinedouce.com\\\/lyon\\\/\"},{\"@type\":\"ListItem\",\"position\":2,\"name\":\"Portrait Exposant 2024 \u2013 Call\u00a0of\u00a0Souls\"}]},{\"@type\":\"WebSite\",\"@id\":\"https:\\\/\\\/www.salon-medecinedouce.com\\\/lyon\\\/#website\",\"url\":\"https:\\\/\\\/www.salon-medecinedouce.com\\\/lyon\\\/\",\"name\":\"Bien-\u00eatre Lyon\",\"description\":\"La sant\u00e9 au naturel : M\u00e9decines douces - Compl\u00e9ments alimentaires - Alimentation saine - Cosm\u00e9tiques naturelles - Art de vivre - Tourisme de sant\u00e9\",\"publisher\":{\"@id\":\"https:\\\/\\\/www.salon-medecinedouce.com\\\/lyon\\\/#organization\"},\"potentialAction\":[{\"@type\":\"SearchAction\",\"target\":{\"@type\":\"EntryPoint\",\"urlTemplate\":\"https:\\\/\\\/www.salon-medecinedouce.com\\\/lyon\\\/?s={search_term_string}\"},\"query-input\":{\"@type\":\"PropertyValueSpecification\",\"valueRequired\":true,\"valueName\":\"search_term_string\"}}],\"inLanguage\":\"fr-FR\"},{\"@type\":\"Organization\",\"@id\":\"https:\\\/\\\/www.salon-medecinedouce.com\\\/lyon\\\/#organization\",\"name\":\"Bien-\u00eatre Lyon\",\"url\":\"https:\\\/\\\/www.salon-medecinedouce.com\\\/lyon\\\/\",\"logo\":{\"@type\":\"ImageObject\",\"inLanguage\":\"fr-FR\",\"@id\":\"https:\\\/\\\/www.salon-medecinedouce.com\\\/lyon\\\/#\\\/schema\\\/logo\\\/image\\\/\",\"url\":\"https:\\\/\\\/www.salon-medecinedouce.com\\\/lyon\\\/wp-content\\\/uploads\\\/sites\\\/12\\\/2024\\\/05\\\/cropped-logo-orange-bemd.png\",\"contentUrl\":\"https:\\\/\\\/www.salon-medecinedouce.com\\\/lyon\\\/wp-content\\\/uploads\\\/sites\\\/12\\\/2024\\\/05\\\/cropped-logo-orange-bemd.png\",\"width\":591,\"height\":591,\"caption\":\"Bien-\u00eatre Lyon\"},\"image\":{\"@id\":\"https:\\\/\\\/www.salon-medecinedouce.com\\\/lyon\\\/#\\\/schema\\\/logo\\\/image\\\/\"}},{\"@type\":\"Person\",\"@id\":\"https:\\\/\\\/www.salon-medecinedouce.com\\\/lyon\\\/#\\\/schema\\\/person\\\/ae137e79c551ab78ea22fb35759cb9f8\",\"name\":\"communication\",\"image\":{\"@type\":\"ImageObject\",\"inLanguage\":\"fr-FR\",\"@id\":\"https:\\\/\\\/secure.gravatar.com\\\/avatar\\\/0f49d5b7ab56355ffa797b3ce25e4f2375cedf6bc9afe416fe669342c3524275?s=96&d=mm&r=g\",\"url\":\"https:\\\/\\\/secure.gravatar.com\\\/avatar\\\/0f49d5b7ab56355ffa797b3ce25e4f2375cedf6bc9afe416fe669342c3524275?s=96&d=mm&r=g\",\"contentUrl\":\"https:\\\/\\\/secure.gravatar.com\\\/avatar\\\/0f49d5b7ab56355ffa797b3ce25e4f2375cedf6bc9afe416fe669342c3524275?s=96&d=mm&r=g\",\"caption\":\"communication\"},\"url\":\"https:\\\/\\\/www.salon-medecinedouce.com\\\/lyon\\\/author\\\/communication\\\/\"}]}<\/script>\n<!-- \/ Yoast SEO plugin. -->","yoast_head_json":{"title":"Portrait Exposant 2024 \u2013 Call\u00a0of\u00a0Souls - Bien-\u00eatre Lyon","description":"Venez d\u00e9couvrir ou red\u00e9couvrir Call\u00a0of\u00a0Souls lors du salon Bien-\u00catre et M\u00e9decine Douce Lyon du 19 au 21 janvier 2024 !","robots":{"index":"index","follow":"follow","max-snippet":"max-snippet:-1","max-image-preview":"max-image-preview:large","max-video-preview":"max-video-preview:-1"},"canonical":"https:\/\/www.salon-medecinedouce.com\/lyon\/call-of-souls\/","og_locale":"fr_FR","og_type":"article","og_title":"Portrait Exposant 2024 \u2013 Call\u00a0of\u00a0Souls - Bien-\u00eatre Lyon","og_description":"Venez d\u00e9couvrir ou red\u00e9couvrir Call\u00a0of\u00a0Souls lors du salon Bien-\u00catre et M\u00e9decine Douce Lyon du 19 au 21 janvier 2024 !","og_url":"https:\/\/www.salon-medecinedouce.com\/lyon\/call-of-souls\/","og_site_name":"Bien-\u00eatre Lyon","article_published_time":"2023-12-19T09:21:52+00:00","article_modified_time":"2024-01-10T14:54:11+00:00","og_image":[{"width":1080,"height":1080,"url":"https:\/\/www.salon-medecinedouce.com\/lyon\/wp-content\/uploads\/sites\/12\/2023\/12\/Call-of-Souls.png","type":"image\/png"}],"author":"communication","twitter_card":"summary_large_image","twitter_misc":{"\u00c9crit par":"communication","Dur\u00e9e de lecture estim\u00e9e":"2 minutes"},"schema":{"@context":"https:\/\/schema.org","@graph":[{"@type":"Article","@id":"https:\/\/www.salon-medecinedouce.com\/lyon\/call-of-souls\/#article","isPartOf":{"@id":"https:\/\/www.salon-medecinedouce.com\/lyon\/call-of-souls\/"},"author":{"name":"communication","@id":"https:\/\/www.salon-medecinedouce.com\/lyon\/#\/schema\/person\/ae137e79c551ab78ea22fb35759cb9f8"},"headline":"Portrait Exposant 2024 \u2013 Call\u00a0of\u00a0Souls","datePublished":"2023-12-19T09:21:52+00:00","dateModified":"2024-01-10T14:54:11+00:00","mainEntityOfPage":{"@id":"https:\/\/www.salon-medecinedouce.com\/lyon\/call-of-souls\/"},"wordCount":302,"publisher":{"@id":"https:\/\/www.salon-medecinedouce.com\/lyon\/#organization"},"image":{"@id":"https:\/\/www.salon-medecinedouce.com\/lyon\/call-of-souls\/#primaryimage"},"thumbnailUrl":"https:\/\/www.salon-medecinedouce.com\/lyon\/wp-content\/uploads\/sites\/12\/2023\/12\/Call-of-Souls.png","articleSection":["Portraits exposants"],"inLanguage":"fr-FR"},{"@type":"WebPage","@id":"https:\/\/www.salon-medecinedouce.com\/lyon\/call-of-souls\/","url":"https:\/\/www.salon-medecinedouce.com\/lyon\/call-of-souls\/","name":"Portrait Exposant 2024 \u2013 Call\u00a0of\u00a0Souls - Bien-\u00eatre Lyon","isPartOf":{"@id":"https:\/\/www.salon-medecinedouce.com\/lyon\/#website"},"primaryImageOfPage":{"@id":"https:\/\/www.salon-medecinedouce.com\/lyon\/call-of-souls\/#primaryimage"},"image":{"@id":"https:\/\/www.salon-medecinedouce.com\/lyon\/call-of-souls\/#primaryimage"},"thumbnailUrl":"https:\/\/www.salon-medecinedouce.com\/lyon\/wp-content\/uploads\/sites\/12\/2023\/12\/Call-of-Souls.png","datePublished":"2023-12-19T09:21:52+00:00","dateModified":"2024-01-10T14:54:11+00:00","description":"Venez d\u00e9couvrir ou red\u00e9couvrir Call\u00a0of\u00a0Souls lors du salon Bien-\u00catre et M\u00e9decine Douce Lyon du 19 au 21 janvier 2024 !","breadcrumb":{"@id":"https:\/\/www.salon-medecinedouce.com\/lyon\/call-of-souls\/#breadcrumb"},"inLanguage":"fr-FR","potentialAction":[{"@type":"ReadAction","target":["https:\/\/www.salon-medecinedouce.com\/lyon\/call-of-souls\/"]}]},{"@type":"ImageObject","inLanguage":"fr-FR","@id":"https:\/\/www.salon-medecinedouce.com\/lyon\/call-of-souls\/#primaryimage","url":"https:\/\/www.salon-medecinedouce.com\/lyon\/wp-content\/uploads\/sites\/12\/2023\/12\/Call-of-Souls.png","contentUrl":"https:\/\/www.salon-medecinedouce.com\/lyon\/wp-content\/uploads\/sites\/12\/2023\/12\/Call-of-Souls.png","width":1080,"height":1080},{"@type":"BreadcrumbList","@id":"https:\/\/www.salon-medecinedouce.com\/lyon\/call-of-souls\/#breadcrumb","itemListElement":[{"@type":"ListItem","position":1,"name":"Accueil","item":"https:\/\/www.salon-medecinedouce.com\/lyon\/"},{"@type":"ListItem","position":2,"name":"Portrait Exposant 2024 \u2013 Call\u00a0of\u00a0Souls"}]},{"@type":"WebSite","@id":"https:\/\/www.salon-medecinedouce.com\/lyon\/#website","url":"https:\/\/www.salon-medecinedouce.com\/lyon\/","name":"Bien-\u00eatre Lyon","description":"La sant\u00e9 au naturel : M\u00e9decines douces - Compl\u00e9ments alimentaires - Alimentation saine - Cosm\u00e9tiques naturelles - Art de vivre - Tourisme de sant\u00e9","publisher":{"@id":"https:\/\/www.salon-medecinedouce.com\/lyon\/#organization"},"potentialAction":[{"@type":"SearchAction","target":{"@type":"EntryPoint","urlTemplate":"https:\/\/www.salon-medecinedouce.com\/lyon\/?s={search_term_string}"},"query-input":{"@type":"PropertyValueSpecification","valueRequired":true,"valueName":"search_term_string"}}],"inLanguage":"fr-FR"},{"@type":"Organization","@id":"https:\/\/www.salon-medecinedouce.com\/lyon\/#organization","name":"Bien-\u00eatre Lyon","url":"https:\/\/www.salon-medecinedouce.com\/lyon\/","logo":{"@type":"ImageObject","inLanguage":"fr-FR","@id":"https:\/\/www.salon-medecinedouce.com\/lyon\/#\/schema\/logo\/image\/","url":"https:\/\/www.salon-medecinedouce.com\/lyon\/wp-content\/uploads\/sites\/12\/2024\/05\/cropped-logo-orange-bemd.png","contentUrl":"https:\/\/www.salon-medecinedouce.com\/lyon\/wp-content\/uploads\/sites\/12\/2024\/05\/cropped-logo-orange-bemd.png","width":591,"height":591,"caption":"Bien-\u00eatre Lyon"},"image":{"@id":"https:\/\/www.salon-medecinedouce.com\/lyon\/#\/schema\/logo\/image\/"}},{"@type":"Person","@id":"https:\/\/www.salon-medecinedouce.com\/lyon\/#\/schema\/person\/ae137e79c551ab78ea22fb35759cb9f8","name":"communication","image":{"@type":"ImageObject","inLanguage":"fr-FR","@id":"https:\/\/secure.gravatar.com\/avatar\/0f49d5b7ab56355ffa797b3ce25e4f2375cedf6bc9afe416fe669342c3524275?s=96&d=mm&r=g","url":"https:\/\/secure.gravatar.com\/avatar\/0f49d5b7ab56355ffa797b3ce25e4f2375cedf6bc9afe416fe669342c3524275?s=96&d=mm&r=g","contentUrl":"https:\/\/secure.gravatar.com\/avatar\/0f49d5b7ab56355ffa797b3ce25e4f2375cedf6bc9afe416fe669342c3524275?s=96&d=mm&r=g","caption":"communication"},"url":"https:\/\/www.salon-medecinedouce.com\/lyon\/author\/communication\/"}]}},"rttpg_featured_image_url":{"full":["https:\/\/www.salon-medecinedouce.com\/lyon\/wp-content\/uploads\/sites\/12\/2023\/12\/Call-of-Souls.png",1080,1080,false],"landscape":["https:\/\/www.salon-medecinedouce.com\/lyon\/wp-content\/uploads\/sites\/12\/2023\/12\/Call-of-Souls.png",1080,1080,false],"portraits":["https:\/\/www.salon-medecinedouce.com\/lyon\/wp-content\/uploads\/sites\/12\/2023\/12\/Call-of-Souls.png",1080,1080,false],"thumbnail":["https:\/\/www.salon-medecinedouce.com\/lyon\/wp-content\/uploads\/sites\/12\/2023\/12\/Call-of-Souls-150x150.png",150,150,true],"medium":["https:\/\/www.salon-medecinedouce.com\/lyon\/wp-content\/uploads\/sites\/12\/2023\/12\/Call-of-Souls-300x300.png",300,300,true],"large":["https:\/\/www.salon-medecinedouce.com\/lyon\/wp-content\/uploads\/sites\/12\/2023\/12\/Call-of-Souls-1024x1024.png",790,790,true],"1536x1536":["https:\/\/www.salon-medecinedouce.com\/lyon\/wp-content\/uploads\/sites\/12\/2023\/12\/Call-of-Souls.png",1080,1080,false],"2048x2048":["https:\/\/www.salon-medecinedouce.com\/lyon\/wp-content\/uploads\/sites\/12\/2023\/12\/Call-of-Souls.png",1080,1080,false],"gg_gallery_thumbnail":["https:\/\/www.salon-medecinedouce.com\/lyon\/wp-content\/uploads\/sites\/12\/2023\/12\/Call-of-Souls-450x250.png",450,250,true],"rpwe-thumbnail":["https:\/\/www.salon-medecinedouce.com\/lyon\/wp-content\/uploads\/sites\/12\/2023\/12\/Call-of-Souls-45x45.png",45,45,true]},"rttpg_author":{"display_name":"communication","author_link":"https:\/\/www.salon-medecinedouce.com\/lyon\/author\/communication\/"},"rttpg_comment":0,"rttpg_category":"<a href=\"https:\/\/www.salon-medecinedouce.com\/lyon\/category\/portraits-exposants\/\" rel=\"category tag\">Portraits exposants<\/a>","rttpg_excerpt":"Pr\u00e9sentez-vous en quelques mots Call\u00a0of\u00a0Souls\u00a0est un projet initiatique de ressourcement de l\u2019\u00e2me au moyen de plusieurs outils. Au c\u0153ur de ces\u00a0outils, se\u00a0trouve la danse-transe mahorikatan\u00a0cr\u00e9\u00e9e par Philippe\u00a0Lenaif\u00a0apr\u00e8s 30 ans d\u2019exp\u00e9rience dans diff\u00e9rentes traditions autour du monde. Pratiquants et danseurs seront pr\u00e9sents sur le stand pour t\u00e9moigner. Que propose Call\u00a0of\u00a0Souls sur le salon ? Une d\u00e9couverte&hellip;","_links":{"self":[{"href":"https:\/\/www.salon-medecinedouce.com\/lyon\/wp-json\/wp\/v2\/posts\/11824","targetHints":{"allow":["GET"]}}],"collection":[{"href":"https:\/\/www.salon-medecinedouce.com\/lyon\/wp-json\/wp\/v2\/posts"}],"about":[{"href":"https:\/\/www.salon-medecinedouce.com\/lyon\/wp-json\/wp\/v2\/types\/post"}],"author":[{"embeddable":true,"href":"https:\/\/www.salon-medecinedouce.com\/lyon\/wp-json\/wp\/v2\/users\/6"}],"replies":[{"embeddable":true,"href":"https:\/\/www.salon-medecinedouce.com\/lyon\/wp-json\/wp\/v2\/comments?post=11824"}],"version-history":[{"count":7,"href":"https:\/\/www.salon-medecinedouce.com\/lyon\/wp-json\/wp\/v2\/posts\/11824\/revisions"}],"predecessor-version":[{"id":12490,"href":"https:\/\/www.salon-medecinedouce.com\/lyon\/wp-json\/wp\/v2\/posts\/11824\/revisions\/12490"}],"wp:featuredmedia":[{"embeddable":true,"href":"https:\/\/www.salon-medecinedouce.com\/lyon\/wp-json\/wp\/v2\/media\/12226"}],"wp:attachment":[{"href":"https:\/\/www.salon-medecinedouce.com\/lyon\/wp-json\/wp\/v2\/media?parent=11824"}],"wp:term":[{"taxonomy":"category","embeddable":true,"href":"https:\/\/www.salon-medecinedouce.com\/lyon\/wp-json\/wp\/v2\/categories?post=11824"},{"taxonomy":"post_tag","embeddable":true,"href":"https:\/\/www.salon-medecinedouce.com\/lyon\/wp-json\/wp\/v2\/tags?post=11824"}],"curies":[{"name":"wp","href":"https:\/\/api.w.org\/{rel}","templated":true}]}}