{"id":11300,"date":"2023-03-16T12:08:48","date_gmt":"2023-03-16T11:08:48","guid":{"rendered":"https:\/\/www.salon-medecinedouce.com\/lyon\/?p=11300"},"modified":"2023-03-16T16:03:45","modified_gmt":"2023-03-16T15:03:45","slug":"feel-better","status":"publish","type":"post","link":"https:\/\/www.salon-medecinedouce.com\/lyon\/feel-better\/","title":{"rendered":"Portrait Exposant 2023 &#8211; Feel Better"},"content":{"rendered":"<h2><strong><span style=\"font-size: 18pt;\">Pr\u00e9sentez-vous en quelques mots (votre activit\u00e9, votre histoire, vous ).\u00a0<\/span><\/strong><\/h2>\n<p>Je suis S\u00e9verine, <strong><a href=\"https:\/\/sparenatafranca.com\/fr\/\" target=\"_blank\" rel=\"noopener\">praticienne des soins exclusifs<\/a><\/strong> Renata Fran\u00e7a.<br \/>\nFeel Better est n\u00e9 de la volont\u00e9 de vous accompagner dans votre qu\u00eate du bien-\u00eatre au quotidien. Les bienfaits positifs procur\u00e9s d\u00e8s la premi\u00e8re s\u00e9ance par les soins de la m\u00e9thode Renata Fran\u00e7a sont de r\u00e9els leviers permettant de placer l\u2019acceptation et la confiance en soi au c\u0153ur de mon engagement aupr\u00e8s de vous.<\/p>\n<p>J\u2019ai le plaisir de vous proposer des prestations de massage issues de\u00a0la m\u00e9thode officielle Renata Fran\u00e7a.\u00a0Ce massage manuel \u00e9limine les toxines et ass\u00e8che le corps en agissant sur votre syst\u00e8me lymphatique.<\/p>\n<p>D\u00e8s la premi\u00e8re s\u00e9ance, ressentez une v\u00e9ritable sensation de bien \u00eatre et de l\u00e9g\u00e8ret\u00e9, mais aussi :<\/p>\n<ul>\n<li>Un corps moins gonfl\u00e9 et d\u00e9toxifi\u00e9<\/li>\n<li>Une peau raffermit<\/li>\n<li>Une silhouette redessin\u00e9e<\/li>\n<li>Des jambes d\u00e9sengorg\u00e9es<\/li>\n<li>La r\u00e9tention d\u2019eau visiblement diminu\u00e9e<\/li>\n<li>La cellulite moins visible<\/li>\n<li>Des irritations intestinales apais\u00e9es<\/li>\n<li>Un ventre moins ballonn\u00e9<\/li>\n<li>Un syst\u00e8me immunitaire reboost\u00e9\n<p>Accordez-vous un temps pour vous, une bulle de d\u00e9connexion indispensable \u00e0 votre \u00e9quilibre, lors d\u2019une s\u00e9ance au sein de mon atelier de Lyon.<\/li>\n<\/ul>\n<p>\nMon souhait est de vous offrir une vision o\u00f9 le sentiment de bien-\u00eatre est nourrit par l\u2019esprit positif de l&rsquo;instant pr\u00e9sent et la d\u00e9connexion du quotidien pour mieux se reconnecter \u00e0 soi dans un lieu chaleureux.<\/p>\n<h2><span style=\"font-size: 18pt; font-weight: bold;\">Que proposez-vous sur le salon ? Produits phares ? Des remises sur le stand ? Des Nouveaut\u00e9s ? Ateliers ou conf\u00e9rences ?<\/span><\/h2>\n<p>Produits phares :<\/p>\n<p>Feel Better, l&rsquo;atelier du drainage lymphatique Renata Fran\u00e7a\u00a9 vous propose des soins de massage de la m\u00e9thode exclusive \u00e0 Lyon. D\u00e9couvrez le drainage lymphatique, le Miracle Face et le Remodelage, 3 soins reconnus pour leurs bienfaits sant\u00e9 et esth\u00e9tique, visibles d\u00e8s la 1\u00e8re s\u00e9ance.<\/p>\n<ol>\n<li>Drainage lymphatique est un massage manuel qui \u00e9limine les toxines et ass\u00e8che le corps en agissant sur le syst\u00e8me lymphatique. Cela permet d&rsquo;\u00e9viter le stockage d\u2019eau, les exc\u00e8s de liquide, l\u2019apparition de la cellulite aqueuse et de relancer la circulation de la lymphe pour une detoxification du corps en profondeur.\n<\/li>\n<li>Le Miracle Face est un soin du visage qui apporte un coup d\u2019\u00e9clat imm\u00e9diat gr\u00e2ce \u00e0 son action tonifiante et oxyg\u00e9nante. Ce soin anti-\u00e2ge, d\u00e9gonfle, accentue les formes, favorise la production de collag\u00e8ne et la revitalisation naturelle de la peau. B\u00e9n\u00e9ficiez d\u2019une association d\u2019effets imm\u00e9diats en 30 min : bonne mine, lifting, anti-\u00e2ge avec une am\u00e9lioration de la qualit\u00e9 de votre peau.\n<\/li>\n<li>Le Remodelage est un soin con\u00e7u pour sculpter le corps en d\u00e9pla\u00e7ant les adipocytes (amas graisseux) au bon endroit. Par ses gestes de \u00ab\u00a0palper-rouler\u00a0\u00bb et autres manoeuvres bien pr\u00e9cises, ce soin vise \u00e0 traiter la cellulite en profondeur, \u00e0 raffermir la peau et \u00e0 redessiner la silhouette.<\/li>\n<\/ol>\n<p>Un tarif sp\u00e9cial Salon du Bien \u00eatre et de la m\u00e9decine douce est mis en place pour toute r\u00e9servation sur place :<\/p>\n<ul>\n<li>Drainage lymphatique : 130\u20ac au lieu de 150\u20ac<\/li>\n<li>Miracle Face : 70\u20ac au lieu de 75\u20ac<\/li>\n<li>Remodelage : 130\u20ac au lieu de 150\u20ac\n<p>Jeu Concours sp\u00e9cial Salon du Bien \u00eatre et de la m\u00e9decine douce : Gagnez un drainage lymphatique d\u2019une valeur de 150\u20ac !<\/li>\n<\/ul>\n<h2><a href=\"https:\/\/www.salon-medecinedouce.com\/lyon\/feel-better\/1678900859-file2-instagram_1080x1080px4\/\" rel=\"attachment wp-att-11302\"><img fetchpriority=\"high\" decoding=\"async\" class=\"wp-image-11302 size-full aligncenter\" src=\"https:\/\/www.salon-medecinedouce.com\/lyon\/wp-content\/uploads\/sites\/12\/2023\/03\/1678900859-file2-Instagram_1080x1080px4.jpeg\" alt=\"Feel Better Massage\" width=\"1080\" height=\"1080\" srcset=\"https:\/\/www.salon-medecinedouce.com\/lyon\/wp-content\/uploads\/sites\/12\/2023\/03\/1678900859-file2-Instagram_1080x1080px4.jpeg 1080w, https:\/\/www.salon-medecinedouce.com\/lyon\/wp-content\/uploads\/sites\/12\/2023\/03\/1678900859-file2-Instagram_1080x1080px4-300x300.jpeg 300w, https:\/\/www.salon-medecinedouce.com\/lyon\/wp-content\/uploads\/sites\/12\/2023\/03\/1678900859-file2-Instagram_1080x1080px4-1024x1024.jpeg 1024w, https:\/\/www.salon-medecinedouce.com\/lyon\/wp-content\/uploads\/sites\/12\/2023\/03\/1678900859-file2-Instagram_1080x1080px4-150x150.jpeg 150w, https:\/\/www.salon-medecinedouce.com\/lyon\/wp-content\/uploads\/sites\/12\/2023\/03\/1678900859-file2-Instagram_1080x1080px4-768x768.jpeg 768w, https:\/\/www.salon-medecinedouce.com\/lyon\/wp-content\/uploads\/sites\/12\/2023\/03\/1678900859-file2-Instagram_1080x1080px4-200x200.jpeg 200w, https:\/\/www.salon-medecinedouce.com\/lyon\/wp-content\/uploads\/sites\/12\/2023\/03\/1678900859-file2-Instagram_1080x1080px4-100x100.jpeg 100w, https:\/\/www.salon-medecinedouce.com\/lyon\/wp-content\/uploads\/sites\/12\/2023\/03\/1678900859-file2-Instagram_1080x1080px4-500x500.jpeg 500w, https:\/\/www.salon-medecinedouce.com\/lyon\/wp-content\/uploads\/sites\/12\/2023\/03\/1678900859-file2-Instagram_1080x1080px4-45x45.jpeg 45w\" sizes=\"(max-width: 1080px) 100vw, 1080px\" \/><\/a><\/h2>\n<h2><strong><span style=\"font-size: 18pt;\">Parlez-nous du salon Bien-\u00catre M\u00e9decine Douce et de votre relation avec ce salon<\/span><\/strong><\/h2>\n<p>C\u2019est ma premi\u00e8re participation au salon, je suis tr\u00e8s fi\u00e8re de pouvoir y exposer. Pour moi, le salon du Bien Etre M\u00e9decine Douce est un \u00e9v\u00e8nement incontournable pour c\u00f4toyer les professionnels du secteur, pouvoir rencontrer un public d\u2019averti, de curieux et potentiellement des prospects. C\u2019est un tr\u00e8s bon levier pour faire d\u00e9couvrir les soins et les bienfaits de la m\u00e9thode Renata Fran\u00e7a. Enfin, ce salon permet de faire conna\u00eetre Feel Better et de gagner en visibilit\u00e9 sur la plaque g\u00e9ographique lyonnaise.<\/p>\n<h2><span style=\"font-size: 18pt;\"><strong>Un conseil ou astuce pour aider \u00e0 se sentir bien au quotidien ?<\/strong><\/span><\/h2>\n<p>Meilleurs conseils :<\/p>\n<ol>\n<li>Etre align\u00e9.e avec ce qu\u2019on fait, que ce soit personnel ou professionnel.<\/li>\n<li>Ne pas (jamais) culpabiliser de prendre du temps pour soi et de faire de son bonheur une priorit\u00e9.\n<p>Meilleure astuce :<\/li>\n<\/ol>\n<p>S\u2019hydrater tout au long de la journ\u00e9e (entre 1,5L \u00e0 2L par jour). Je le r\u00e9p\u00e8te sans cesse \u00e0 mes clientes puisque l\u2019eau joue un grand r\u00f4le dans l\u2019\u00e9limination des toxines, l\u2019oxyg\u00e9nation de nos cellules, maintenir la temp\u00e9rature optimale de notre corps etc.<\/p>\n<p>\nLes bienfaits de l&rsquo;eau sur notre corps :<\/p>\n<ul>\n<li>Lutte contre la r\u00e9tention d\u2019eau<\/li>\n<li>Lutte contre les infections<\/li>\n<li>Facilite la digestion et le transit<\/li>\n<li>Hydrate et am\u00e9liore la qualit\u00e9 de la peau<\/li>\n<li>Limine les toxines<\/li>\n<li>Booste l\u2019\u00e9nergie<\/li>\n<li>Aide \u00e0 la pr\u00e9vention des blessures<\/li>\n<li>Am\u00e9liore la r\u00e9cup\u00e9ration sportive<\/li>\n<\/ul>\n<p>\nPour ne pas passer \u00e0 c\u00f4t\u00e9 des bienfaits d\u2019une bonne hydratation, n\u2019h\u00e9sitez pas \u00e0 :<\/p>\n<ul>\n<li>Prendre une gourde tout le temps avec vous<\/li>\n<li>Mettre des rappels \u00ab\u00a0hydratation\u00a0\u00bb plusieurs fois par jour sur votre smartphone ou votre montre connect\u00e9e !<\/li>\n<\/ul>\n<h2><span style=\"font-size: 18pt;\"><strong>Selon vous quelle serait la d\u00e9finition du bien-\u00eatre ?<\/strong><\/span><\/h2>\n<p>C\u2019est un \u00e9tat de s\u00e9r\u00e9nit\u00e9, de l\u00e9g\u00e8ret\u00e9, de confort. Un \u00e9tat positif o\u00f9 nous ne ressentons ni peur ni n\u00e9gativit\u00e9 provenant de nos pens\u00e9es ou d\u2019\u00e9l\u00e9ments ext\u00e9rieurs. C\u2019est un \u00e9tat d\u2019acceptation et de satisfaction physique et mentale.<\/p>\n<p>&nbsp;<\/p>\n<p><a href=\"https:\/\/www.salon-medecinedouce.com\/lyon\/visiter\/liste-des-exposants\/\" target=\"_blank\" rel=\"noopener\">D\u00e9couvrez la liste des exposants du salon Bien-\u00catre M\u00e9decine Douce Lyon<\/a><\/p>\n<div class=\"salon-pubs-hp-bas-de-page salon-entity-placement\" id=\"salon-10767731\"><div id=\"salon-3107536162\"><a data-no-instant=\"1\" href=\"https:\/\/www.adntv.fr\/home?request_origin=tv_app\" rel=\"noopener\" class=\"a2t-link\" target=\"_blank\"><p><a href=\"https:\/\/www.adntv.fr\/home?request_origin=tv_app\"><img decoding=\"async\" class=\"wp-image-15075  aligncenter\" src=\"https:\/\/www.salon-medecinedouce.com\/lyon\/wp-content\/uploads\/sites\/12\/2021\/12\/ADNTV_BANNIERE_.jpg\" alt=\"\" width=\"515\" height=\"196\" srcset=\"https:\/\/www.salon-medecinedouce.com\/lyon\/wp-content\/uploads\/sites\/12\/2021\/12\/ADNTV_BANNIERE_.jpg 820w, https:\/\/www.salon-medecinedouce.com\/lyon\/wp-content\/uploads\/sites\/12\/2021\/12\/ADNTV_BANNIERE_-300x114.jpg 300w, https:\/\/www.salon-medecinedouce.com\/lyon\/wp-content\/uploads\/sites\/12\/2021\/12\/ADNTV_BANNIERE_-768x292.jpg 768w, https:\/\/www.salon-medecinedouce.com\/lyon\/wp-content\/uploads\/sites\/12\/2021\/12\/ADNTV_BANNIERE_-150x57.jpg 150w, https:\/\/www.salon-medecinedouce.com\/lyon\/wp-content\/uploads\/sites\/12\/2021\/12\/ADNTV_BANNIERE_-500x190.jpg 500w\" sizes=\"(max-width: 515px) 100vw, 515px\" \/><\/a><\/p>\n<\/a><\/div><\/div>","protected":false},"excerpt":{"rendered":"<p>Pr\u00e9sentez-vous en quelques mots (votre activit\u00e9, votre histoire, vous ).\u00a0 Je suis S\u00e9verine, praticienne des soins exclusifs Renata Fran\u00e7a. Feel Better est n\u00e9 de la volont\u00e9 de vous accompagner dans votre qu\u00eate du bien-\u00eatre au quotidien. Les bienfaits positifs procur\u00e9s d\u00e8s la premi\u00e8re s\u00e9ance par les soins de la m\u00e9thode Renata Fran\u00e7a sont de r\u00e9els&hellip; <\/p>\n","protected":false},"author":6,"featured_media":11301,"comment_status":"closed","ping_status":"closed","sticky":false,"template":"","format":"standard","meta":{"_monsterinsights_skip_tracking":false,"_monsterinsights_sitenote_active":false,"_monsterinsights_sitenote_note":"","_monsterinsights_sitenote_category":0,"footnotes":""},"categories":[384],"tags":[],"class_list":["post-11300","post","type-post","status-publish","format-standard","has-post-thumbnail","hentry","category-portraits-exposants"],"yoast_head":"<!-- This site is optimized with the Yoast SEO plugin v27.3 - https:\/\/yoast.com\/product\/yoast-seo-wordpress\/ -->\n<title>Portrait Exposant 2023 - Feel Better - Bien-\u00eatre Lyon<\/title>\n<meta name=\"description\" content=\"Venez rencontrer Feel Better lors du salon Bien \u00catre M\u00e9decine Douce Lyon du 24 au 26 mars 2023 ! Rendez-vous \u00e0 Eurexpo !\" \/>\n<meta name=\"robots\" content=\"index, follow, max-snippet:-1, max-image-preview:large, max-video-preview:-1\" \/>\n<link rel=\"canonical\" href=\"https:\/\/www.salon-medecinedouce.com\/lyon\/feel-better\/\" \/>\n<meta property=\"og:locale\" content=\"fr_FR\" \/>\n<meta property=\"og:type\" content=\"article\" \/>\n<meta property=\"og:title\" content=\"Portrait Exposant 2023 - Feel Better - Bien-\u00eatre Lyon\" \/>\n<meta property=\"og:description\" content=\"Venez rencontrer Feel Better lors du salon Bien \u00catre M\u00e9decine Douce Lyon du 24 au 26 mars 2023 ! Rendez-vous \u00e0 Eurexpo !\" \/>\n<meta property=\"og:url\" content=\"https:\/\/www.salon-medecinedouce.com\/lyon\/feel-better\/\" \/>\n<meta property=\"og:site_name\" content=\"Bien-\u00eatre Lyon\" \/>\n<meta property=\"article:published_time\" content=\"2023-03-16T11:08:48+00:00\" \/>\n<meta property=\"article:modified_time\" content=\"2023-03-16T15:03:45+00:00\" \/>\n<meta property=\"og:image\" content=\"https:\/\/www.salon-medecinedouce.com\/lyon\/wp-content\/uploads\/sites\/12\/2023\/03\/1678900859-file1-Instagram_1080x1080px5.jpeg\" \/>\n\t<meta property=\"og:image:width\" content=\"1080\" \/>\n\t<meta property=\"og:image:height\" content=\"1080\" \/>\n\t<meta property=\"og:image:type\" content=\"image\/jpeg\" \/>\n<meta name=\"author\" content=\"communication\" \/>\n<meta name=\"twitter:card\" content=\"summary_large_image\" \/>\n<meta name=\"twitter:label1\" content=\"\u00c9crit par\" \/>\n\t<meta name=\"twitter:data1\" content=\"communication\" \/>\n\t<meta name=\"twitter:label2\" content=\"Dur\u00e9e de lecture estim\u00e9e\" \/>\n\t<meta name=\"twitter:data2\" content=\"5 minutes\" \/>\n<script type=\"application\/ld+json\" class=\"yoast-schema-graph\">{\"@context\":\"https:\\\/\\\/schema.org\",\"@graph\":[{\"@type\":\"Article\",\"@id\":\"https:\\\/\\\/www.salon-medecinedouce.com\\\/lyon\\\/feel-better\\\/#article\",\"isPartOf\":{\"@id\":\"https:\\\/\\\/www.salon-medecinedouce.com\\\/lyon\\\/feel-better\\\/\"},\"author\":{\"name\":\"communication\",\"@id\":\"https:\\\/\\\/www.salon-medecinedouce.com\\\/lyon\\\/#\\\/schema\\\/person\\\/ae137e79c551ab78ea22fb35759cb9f8\"},\"headline\":\"Portrait Exposant 2023 &#8211; Feel Better\",\"datePublished\":\"2023-03-16T11:08:48+00:00\",\"dateModified\":\"2023-03-16T15:03:45+00:00\",\"mainEntityOfPage\":{\"@id\":\"https:\\\/\\\/www.salon-medecinedouce.com\\\/lyon\\\/feel-better\\\/\"},\"wordCount\":942,\"publisher\":{\"@id\":\"https:\\\/\\\/www.salon-medecinedouce.com\\\/lyon\\\/#organization\"},\"image\":{\"@id\":\"https:\\\/\\\/www.salon-medecinedouce.com\\\/lyon\\\/feel-better\\\/#primaryimage\"},\"thumbnailUrl\":\"https:\\\/\\\/www.salon-medecinedouce.com\\\/lyon\\\/wp-content\\\/uploads\\\/sites\\\/12\\\/2023\\\/03\\\/1678900859-file1-Instagram_1080x1080px5.jpeg\",\"articleSection\":[\"Portraits exposants\"],\"inLanguage\":\"fr-FR\"},{\"@type\":\"WebPage\",\"@id\":\"https:\\\/\\\/www.salon-medecinedouce.com\\\/lyon\\\/feel-better\\\/\",\"url\":\"https:\\\/\\\/www.salon-medecinedouce.com\\\/lyon\\\/feel-better\\\/\",\"name\":\"Portrait Exposant 2023 - Feel Better - Bien-\u00eatre Lyon\",\"isPartOf\":{\"@id\":\"https:\\\/\\\/www.salon-medecinedouce.com\\\/lyon\\\/#website\"},\"primaryImageOfPage\":{\"@id\":\"https:\\\/\\\/www.salon-medecinedouce.com\\\/lyon\\\/feel-better\\\/#primaryimage\"},\"image\":{\"@id\":\"https:\\\/\\\/www.salon-medecinedouce.com\\\/lyon\\\/feel-better\\\/#primaryimage\"},\"thumbnailUrl\":\"https:\\\/\\\/www.salon-medecinedouce.com\\\/lyon\\\/wp-content\\\/uploads\\\/sites\\\/12\\\/2023\\\/03\\\/1678900859-file1-Instagram_1080x1080px5.jpeg\",\"datePublished\":\"2023-03-16T11:08:48+00:00\",\"dateModified\":\"2023-03-16T15:03:45+00:00\",\"description\":\"Venez rencontrer Feel Better lors du salon Bien \u00catre M\u00e9decine Douce Lyon du 24 au 26 mars 2023 ! Rendez-vous \u00e0 Eurexpo !\",\"breadcrumb\":{\"@id\":\"https:\\\/\\\/www.salon-medecinedouce.com\\\/lyon\\\/feel-better\\\/#breadcrumb\"},\"inLanguage\":\"fr-FR\",\"potentialAction\":[{\"@type\":\"ReadAction\",\"target\":[\"https:\\\/\\\/www.salon-medecinedouce.com\\\/lyon\\\/feel-better\\\/\"]}]},{\"@type\":\"ImageObject\",\"inLanguage\":\"fr-FR\",\"@id\":\"https:\\\/\\\/www.salon-medecinedouce.com\\\/lyon\\\/feel-better\\\/#primaryimage\",\"url\":\"https:\\\/\\\/www.salon-medecinedouce.com\\\/lyon\\\/wp-content\\\/uploads\\\/sites\\\/12\\\/2023\\\/03\\\/1678900859-file1-Instagram_1080x1080px5.jpeg\",\"contentUrl\":\"https:\\\/\\\/www.salon-medecinedouce.com\\\/lyon\\\/wp-content\\\/uploads\\\/sites\\\/12\\\/2023\\\/03\\\/1678900859-file1-Instagram_1080x1080px5.jpeg\",\"width\":1080,\"height\":1080,\"caption\":\"Feel Better Avant\"},{\"@type\":\"BreadcrumbList\",\"@id\":\"https:\\\/\\\/www.salon-medecinedouce.com\\\/lyon\\\/feel-better\\\/#breadcrumb\",\"itemListElement\":[{\"@type\":\"ListItem\",\"position\":1,\"name\":\"Accueil\",\"item\":\"https:\\\/\\\/www.salon-medecinedouce.com\\\/lyon\\\/\"},{\"@type\":\"ListItem\",\"position\":2,\"name\":\"Portrait Exposant 2023 &#8211; Feel Better\"}]},{\"@type\":\"WebSite\",\"@id\":\"https:\\\/\\\/www.salon-medecinedouce.com\\\/lyon\\\/#website\",\"url\":\"https:\\\/\\\/www.salon-medecinedouce.com\\\/lyon\\\/\",\"name\":\"Bien-\u00eatre Lyon\",\"description\":\"La sant\u00e9 au naturel : M\u00e9decines douces - Compl\u00e9ments alimentaires - Alimentation saine - Cosm\u00e9tiques naturelles - Art de vivre - Tourisme de sant\u00e9\",\"publisher\":{\"@id\":\"https:\\\/\\\/www.salon-medecinedouce.com\\\/lyon\\\/#organization\"},\"potentialAction\":[{\"@type\":\"SearchAction\",\"target\":{\"@type\":\"EntryPoint\",\"urlTemplate\":\"https:\\\/\\\/www.salon-medecinedouce.com\\\/lyon\\\/?s={search_term_string}\"},\"query-input\":{\"@type\":\"PropertyValueSpecification\",\"valueRequired\":true,\"valueName\":\"search_term_string\"}}],\"inLanguage\":\"fr-FR\"},{\"@type\":\"Organization\",\"@id\":\"https:\\\/\\\/www.salon-medecinedouce.com\\\/lyon\\\/#organization\",\"name\":\"Bien-\u00eatre Lyon\",\"url\":\"https:\\\/\\\/www.salon-medecinedouce.com\\\/lyon\\\/\",\"logo\":{\"@type\":\"ImageObject\",\"inLanguage\":\"fr-FR\",\"@id\":\"https:\\\/\\\/www.salon-medecinedouce.com\\\/lyon\\\/#\\\/schema\\\/logo\\\/image\\\/\",\"url\":\"https:\\\/\\\/www.salon-medecinedouce.com\\\/lyon\\\/wp-content\\\/uploads\\\/sites\\\/12\\\/2024\\\/05\\\/cropped-logo-orange-bemd.png\",\"contentUrl\":\"https:\\\/\\\/www.salon-medecinedouce.com\\\/lyon\\\/wp-content\\\/uploads\\\/sites\\\/12\\\/2024\\\/05\\\/cropped-logo-orange-bemd.png\",\"width\":591,\"height\":591,\"caption\":\"Bien-\u00eatre Lyon\"},\"image\":{\"@id\":\"https:\\\/\\\/www.salon-medecinedouce.com\\\/lyon\\\/#\\\/schema\\\/logo\\\/image\\\/\"}},{\"@type\":\"Person\",\"@id\":\"https:\\\/\\\/www.salon-medecinedouce.com\\\/lyon\\\/#\\\/schema\\\/person\\\/ae137e79c551ab78ea22fb35759cb9f8\",\"name\":\"communication\",\"image\":{\"@type\":\"ImageObject\",\"inLanguage\":\"fr-FR\",\"@id\":\"https:\\\/\\\/secure.gravatar.com\\\/avatar\\\/0f49d5b7ab56355ffa797b3ce25e4f2375cedf6bc9afe416fe669342c3524275?s=96&d=mm&r=g\",\"url\":\"https:\\\/\\\/secure.gravatar.com\\\/avatar\\\/0f49d5b7ab56355ffa797b3ce25e4f2375cedf6bc9afe416fe669342c3524275?s=96&d=mm&r=g\",\"contentUrl\":\"https:\\\/\\\/secure.gravatar.com\\\/avatar\\\/0f49d5b7ab56355ffa797b3ce25e4f2375cedf6bc9afe416fe669342c3524275?s=96&d=mm&r=g\",\"caption\":\"communication\"},\"url\":\"https:\\\/\\\/www.salon-medecinedouce.com\\\/lyon\\\/author\\\/communication\\\/\"}]}<\/script>\n<!-- \/ Yoast SEO plugin. -->","yoast_head_json":{"title":"Portrait Exposant 2023 - Feel Better - Bien-\u00eatre Lyon","description":"Venez rencontrer Feel Better lors du salon Bien \u00catre M\u00e9decine Douce Lyon du 24 au 26 mars 2023 ! Rendez-vous \u00e0 Eurexpo !","robots":{"index":"index","follow":"follow","max-snippet":"max-snippet:-1","max-image-preview":"max-image-preview:large","max-video-preview":"max-video-preview:-1"},"canonical":"https:\/\/www.salon-medecinedouce.com\/lyon\/feel-better\/","og_locale":"fr_FR","og_type":"article","og_title":"Portrait Exposant 2023 - Feel Better - Bien-\u00eatre Lyon","og_description":"Venez rencontrer Feel Better lors du salon Bien \u00catre M\u00e9decine Douce Lyon du 24 au 26 mars 2023 ! Rendez-vous \u00e0 Eurexpo !","og_url":"https:\/\/www.salon-medecinedouce.com\/lyon\/feel-better\/","og_site_name":"Bien-\u00eatre Lyon","article_published_time":"2023-03-16T11:08:48+00:00","article_modified_time":"2023-03-16T15:03:45+00:00","og_image":[{"width":1080,"height":1080,"url":"https:\/\/www.salon-medecinedouce.com\/lyon\/wp-content\/uploads\/sites\/12\/2023\/03\/1678900859-file1-Instagram_1080x1080px5.jpeg","type":"image\/jpeg"}],"author":"communication","twitter_card":"summary_large_image","twitter_misc":{"\u00c9crit par":"communication","Dur\u00e9e de lecture estim\u00e9e":"5 minutes"},"schema":{"@context":"https:\/\/schema.org","@graph":[{"@type":"Article","@id":"https:\/\/www.salon-medecinedouce.com\/lyon\/feel-better\/#article","isPartOf":{"@id":"https:\/\/www.salon-medecinedouce.com\/lyon\/feel-better\/"},"author":{"name":"communication","@id":"https:\/\/www.salon-medecinedouce.com\/lyon\/#\/schema\/person\/ae137e79c551ab78ea22fb35759cb9f8"},"headline":"Portrait Exposant 2023 &#8211; Feel Better","datePublished":"2023-03-16T11:08:48+00:00","dateModified":"2023-03-16T15:03:45+00:00","mainEntityOfPage":{"@id":"https:\/\/www.salon-medecinedouce.com\/lyon\/feel-better\/"},"wordCount":942,"publisher":{"@id":"https:\/\/www.salon-medecinedouce.com\/lyon\/#organization"},"image":{"@id":"https:\/\/www.salon-medecinedouce.com\/lyon\/feel-better\/#primaryimage"},"thumbnailUrl":"https:\/\/www.salon-medecinedouce.com\/lyon\/wp-content\/uploads\/sites\/12\/2023\/03\/1678900859-file1-Instagram_1080x1080px5.jpeg","articleSection":["Portraits exposants"],"inLanguage":"fr-FR"},{"@type":"WebPage","@id":"https:\/\/www.salon-medecinedouce.com\/lyon\/feel-better\/","url":"https:\/\/www.salon-medecinedouce.com\/lyon\/feel-better\/","name":"Portrait Exposant 2023 - Feel Better - Bien-\u00eatre Lyon","isPartOf":{"@id":"https:\/\/www.salon-medecinedouce.com\/lyon\/#website"},"primaryImageOfPage":{"@id":"https:\/\/www.salon-medecinedouce.com\/lyon\/feel-better\/#primaryimage"},"image":{"@id":"https:\/\/www.salon-medecinedouce.com\/lyon\/feel-better\/#primaryimage"},"thumbnailUrl":"https:\/\/www.salon-medecinedouce.com\/lyon\/wp-content\/uploads\/sites\/12\/2023\/03\/1678900859-file1-Instagram_1080x1080px5.jpeg","datePublished":"2023-03-16T11:08:48+00:00","dateModified":"2023-03-16T15:03:45+00:00","description":"Venez rencontrer Feel Better lors du salon Bien \u00catre M\u00e9decine Douce Lyon du 24 au 26 mars 2023 ! Rendez-vous \u00e0 Eurexpo !","breadcrumb":{"@id":"https:\/\/www.salon-medecinedouce.com\/lyon\/feel-better\/#breadcrumb"},"inLanguage":"fr-FR","potentialAction":[{"@type":"ReadAction","target":["https:\/\/www.salon-medecinedouce.com\/lyon\/feel-better\/"]}]},{"@type":"ImageObject","inLanguage":"fr-FR","@id":"https:\/\/www.salon-medecinedouce.com\/lyon\/feel-better\/#primaryimage","url":"https:\/\/www.salon-medecinedouce.com\/lyon\/wp-content\/uploads\/sites\/12\/2023\/03\/1678900859-file1-Instagram_1080x1080px5.jpeg","contentUrl":"https:\/\/www.salon-medecinedouce.com\/lyon\/wp-content\/uploads\/sites\/12\/2023\/03\/1678900859-file1-Instagram_1080x1080px5.jpeg","width":1080,"height":1080,"caption":"Feel Better Avant"},{"@type":"BreadcrumbList","@id":"https:\/\/www.salon-medecinedouce.com\/lyon\/feel-better\/#breadcrumb","itemListElement":[{"@type":"ListItem","position":1,"name":"Accueil","item":"https:\/\/www.salon-medecinedouce.com\/lyon\/"},{"@type":"ListItem","position":2,"name":"Portrait Exposant 2023 &#8211; Feel Better"}]},{"@type":"WebSite","@id":"https:\/\/www.salon-medecinedouce.com\/lyon\/#website","url":"https:\/\/www.salon-medecinedouce.com\/lyon\/","name":"Bien-\u00eatre Lyon","description":"La sant\u00e9 au naturel : M\u00e9decines douces - Compl\u00e9ments alimentaires - Alimentation saine - Cosm\u00e9tiques naturelles - Art de vivre - Tourisme de sant\u00e9","publisher":{"@id":"https:\/\/www.salon-medecinedouce.com\/lyon\/#organization"},"potentialAction":[{"@type":"SearchAction","target":{"@type":"EntryPoint","urlTemplate":"https:\/\/www.salon-medecinedouce.com\/lyon\/?s={search_term_string}"},"query-input":{"@type":"PropertyValueSpecification","valueRequired":true,"valueName":"search_term_string"}}],"inLanguage":"fr-FR"},{"@type":"Organization","@id":"https:\/\/www.salon-medecinedouce.com\/lyon\/#organization","name":"Bien-\u00eatre Lyon","url":"https:\/\/www.salon-medecinedouce.com\/lyon\/","logo":{"@type":"ImageObject","inLanguage":"fr-FR","@id":"https:\/\/www.salon-medecinedouce.com\/lyon\/#\/schema\/logo\/image\/","url":"https:\/\/www.salon-medecinedouce.com\/lyon\/wp-content\/uploads\/sites\/12\/2024\/05\/cropped-logo-orange-bemd.png","contentUrl":"https:\/\/www.salon-medecinedouce.com\/lyon\/wp-content\/uploads\/sites\/12\/2024\/05\/cropped-logo-orange-bemd.png","width":591,"height":591,"caption":"Bien-\u00eatre Lyon"},"image":{"@id":"https:\/\/www.salon-medecinedouce.com\/lyon\/#\/schema\/logo\/image\/"}},{"@type":"Person","@id":"https:\/\/www.salon-medecinedouce.com\/lyon\/#\/schema\/person\/ae137e79c551ab78ea22fb35759cb9f8","name":"communication","image":{"@type":"ImageObject","inLanguage":"fr-FR","@id":"https:\/\/secure.gravatar.com\/avatar\/0f49d5b7ab56355ffa797b3ce25e4f2375cedf6bc9afe416fe669342c3524275?s=96&d=mm&r=g","url":"https:\/\/secure.gravatar.com\/avatar\/0f49d5b7ab56355ffa797b3ce25e4f2375cedf6bc9afe416fe669342c3524275?s=96&d=mm&r=g","contentUrl":"https:\/\/secure.gravatar.com\/avatar\/0f49d5b7ab56355ffa797b3ce25e4f2375cedf6bc9afe416fe669342c3524275?s=96&d=mm&r=g","caption":"communication"},"url":"https:\/\/www.salon-medecinedouce.com\/lyon\/author\/communication\/"}]}},"rttpg_featured_image_url":{"full":["https:\/\/www.salon-medecinedouce.com\/lyon\/wp-content\/uploads\/sites\/12\/2023\/03\/1678900859-file1-Instagram_1080x1080px5.jpeg",1080,1080,false],"landscape":["https:\/\/www.salon-medecinedouce.com\/lyon\/wp-content\/uploads\/sites\/12\/2023\/03\/1678900859-file1-Instagram_1080x1080px5.jpeg",1080,1080,false],"portraits":["https:\/\/www.salon-medecinedouce.com\/lyon\/wp-content\/uploads\/sites\/12\/2023\/03\/1678900859-file1-Instagram_1080x1080px5.jpeg",1080,1080,false],"thumbnail":["https:\/\/www.salon-medecinedouce.com\/lyon\/wp-content\/uploads\/sites\/12\/2023\/03\/1678900859-file1-Instagram_1080x1080px5-150x150.jpeg",150,150,true],"medium":["https:\/\/www.salon-medecinedouce.com\/lyon\/wp-content\/uploads\/sites\/12\/2023\/03\/1678900859-file1-Instagram_1080x1080px5-300x300.jpeg",300,300,true],"large":["https:\/\/www.salon-medecinedouce.com\/lyon\/wp-content\/uploads\/sites\/12\/2023\/03\/1678900859-file1-Instagram_1080x1080px5-1024x1024.jpeg",790,790,true],"1536x1536":["https:\/\/www.salon-medecinedouce.com\/lyon\/wp-content\/uploads\/sites\/12\/2023\/03\/1678900859-file1-Instagram_1080x1080px5.jpeg",1080,1080,false],"2048x2048":["https:\/\/www.salon-medecinedouce.com\/lyon\/wp-content\/uploads\/sites\/12\/2023\/03\/1678900859-file1-Instagram_1080x1080px5.jpeg",1080,1080,false],"gg_gallery_thumbnail":["https:\/\/www.salon-medecinedouce.com\/lyon\/wp-content\/uploads\/sites\/12\/2023\/03\/1678900859-file1-Instagram_1080x1080px5-450x250.jpeg",450,250,true],"rpwe-thumbnail":["https:\/\/www.salon-medecinedouce.com\/lyon\/wp-content\/uploads\/sites\/12\/2023\/03\/1678900859-file1-Instagram_1080x1080px5-45x45.jpeg",45,45,true]},"rttpg_author":{"display_name":"communication","author_link":"https:\/\/www.salon-medecinedouce.com\/lyon\/author\/communication\/"},"rttpg_comment":0,"rttpg_category":"<a href=\"https:\/\/www.salon-medecinedouce.com\/lyon\/category\/portraits-exposants\/\" rel=\"category tag\">Portraits exposants<\/a>","rttpg_excerpt":"Pr\u00e9sentez-vous en quelques mots (votre activit\u00e9, votre histoire, vous ).\u00a0 Je suis S\u00e9verine, praticienne des soins exclusifs Renata Fran\u00e7a. Feel Better est n\u00e9 de la volont\u00e9 de vous accompagner dans votre qu\u00eate du bien-\u00eatre au quotidien. Les bienfaits positifs procur\u00e9s d\u00e8s la premi\u00e8re s\u00e9ance par les soins de la m\u00e9thode Renata Fran\u00e7a sont de r\u00e9els&hellip;","_links":{"self":[{"href":"https:\/\/www.salon-medecinedouce.com\/lyon\/wp-json\/wp\/v2\/posts\/11300","targetHints":{"allow":["GET"]}}],"collection":[{"href":"https:\/\/www.salon-medecinedouce.com\/lyon\/wp-json\/wp\/v2\/posts"}],"about":[{"href":"https:\/\/www.salon-medecinedouce.com\/lyon\/wp-json\/wp\/v2\/types\/post"}],"author":[{"embeddable":true,"href":"https:\/\/www.salon-medecinedouce.com\/lyon\/wp-json\/wp\/v2\/users\/6"}],"replies":[{"embeddable":true,"href":"https:\/\/www.salon-medecinedouce.com\/lyon\/wp-json\/wp\/v2\/comments?post=11300"}],"version-history":[{"count":3,"href":"https:\/\/www.salon-medecinedouce.com\/lyon\/wp-json\/wp\/v2\/posts\/11300\/revisions"}],"predecessor-version":[{"id":11358,"href":"https:\/\/www.salon-medecinedouce.com\/lyon\/wp-json\/wp\/v2\/posts\/11300\/revisions\/11358"}],"wp:featuredmedia":[{"embeddable":true,"href":"https:\/\/www.salon-medecinedouce.com\/lyon\/wp-json\/wp\/v2\/media\/11301"}],"wp:attachment":[{"href":"https:\/\/www.salon-medecinedouce.com\/lyon\/wp-json\/wp\/v2\/media?parent=11300"}],"wp:term":[{"taxonomy":"category","embeddable":true,"href":"https:\/\/www.salon-medecinedouce.com\/lyon\/wp-json\/wp\/v2\/categories?post=11300"},{"taxonomy":"post_tag","embeddable":true,"href":"https:\/\/www.salon-medecinedouce.com\/lyon\/wp-json\/wp\/v2\/tags?post=11300"}],"curies":[{"name":"wp","href":"https:\/\/api.w.org\/{rel}","templated":true}]}}