{"id":10984,"date":"2023-03-08T15:17:56","date_gmt":"2023-03-08T14:17:56","guid":{"rendered":"https:\/\/www.salon-medecinedouce.com\/lyon\/?p=10984"},"modified":"2023-03-16T15:30:27","modified_gmt":"2023-03-16T14:30:27","slug":"teravive","status":"publish","type":"post","link":"https:\/\/www.salon-medecinedouce.com\/lyon\/teravive\/","title":{"rendered":"Portrait Exposant 2023 &#8211; Teravive"},"content":{"rendered":"<h2><strong><span style=\"font-size: 18pt;\">Pr\u00e9sentez-vous en quelques mots (votre activit\u00e9, votre histoire, vous ).\u00a0<\/span><\/strong><\/h2>\n<p>Bonjour,<br \/>\nJe suis Benjamin Jouve, <strong><a href=\"https:\/\/www.teraviveardeche.com\/\" target=\"_blank\" rel=\"noopener\">repr\u00e9sentant de Teravive<\/a><\/strong>. Je suis guide de Bains de For\u00eat et Praticien en Th\u00e9rapie foresti\u00e8re certifi\u00e9.<\/p>\n<p>\nJ\u2019ai trois passions :<\/p>\n<ul>\n<li>la nature depuis tout petit,<\/li>\n<li>les voyages,<\/li>\n<li>la connaissance de soi.<\/li>\n<\/ul>\n<p>\nJ&rsquo;ai travaill\u00e9 20 ans comme salari\u00e9 aupr\u00e8s de collectivit\u00e9s locales et de bailleurs sociaux dans l\u2019am\u00e9nagement urbain puis 2 ans dans dans le d\u00e9veloppement durable d\u2019une grande soci\u00e9t\u00e9 de logements.<br \/>\nJ\u2019ai fait partie de la gouvernance de l&rsquo;association Les Colibris de 2016 \u00e0 2020 (P Rabbhi) et commenc\u00e9 mon chemin de reconversion.<\/p>\n<ul>\n<li>En 2020, apr\u00e8s un long cheminement int\u00e9rieur, j\u2019ai quitt\u00e9 mon entreprise et je me suis install\u00e9 sur un territoire rural isol\u00e9.<\/li>\n<li>En 2021 j\u2019ai suivi une formation de guide de bains de for\u00eat<\/li>\n<li>En 2022 j&rsquo;ai suivi une formation de praticien en th\u00e9rapie foresti\u00e8re<\/li>\n<\/ul>\n<p>Je propose des s\u00e9jours en immersion dans la nature en Cevennes d&rsquo;Ard\u00e8che.<br \/>\nEnfin je pratique la m\u00e9ditation depuis plus de 20 ans.<\/p>\n<h2><span style=\"font-size: 18pt; font-weight: bold;\">Que proposez-vous sur le salon ? Produits phares ? Des remises sur le stand ? Des Nouveaut\u00e9s ? Ateliers ou conf\u00e9rences ?<\/span><\/h2>\n<p>Sur le salon, je propose des plaquettes d&rsquo;information sur mon m\u00e9tier qui recouvre retraites, s\u00e9jours bien \u00eatre li\u00e9 \u00e0 la nature pour les particuliers et les salari\u00e9s des entreprises.<br \/>\nJe propose un atelier sur les bienfaits de la connexion \u00e0 la nature sur l&rsquo;organisme le 24 mars \u00e0 17H30.<\/p>\n<h2><a href=\"https:\/\/www.salon-medecinedouce.com\/lyon\/teravive\/capture-decran-2023-03-08-a-15-16-07\/\" rel=\"attachment wp-att-10986\"><img fetchpriority=\"high\" decoding=\"async\" class=\"wp-image-10986 size-full aligncenter\" src=\"https:\/\/www.salon-medecinedouce.com\/lyon\/wp-content\/uploads\/sites\/12\/2023\/03\/Capture-decran-2023-03-08-a-15.16.07.png\" alt=\"Teravive Homme\" width=\"1122\" height=\"1428\" srcset=\"https:\/\/www.salon-medecinedouce.com\/lyon\/wp-content\/uploads\/sites\/12\/2023\/03\/Capture-decran-2023-03-08-a-15.16.07.png 1122w, https:\/\/www.salon-medecinedouce.com\/lyon\/wp-content\/uploads\/sites\/12\/2023\/03\/Capture-decran-2023-03-08-a-15.16.07-236x300.png 236w, https:\/\/www.salon-medecinedouce.com\/lyon\/wp-content\/uploads\/sites\/12\/2023\/03\/Capture-decran-2023-03-08-a-15.16.07-805x1024.png 805w, https:\/\/www.salon-medecinedouce.com\/lyon\/wp-content\/uploads\/sites\/12\/2023\/03\/Capture-decran-2023-03-08-a-15.16.07-768x977.png 768w, https:\/\/www.salon-medecinedouce.com\/lyon\/wp-content\/uploads\/sites\/12\/2023\/03\/Capture-decran-2023-03-08-a-15.16.07-150x191.png 150w, https:\/\/www.salon-medecinedouce.com\/lyon\/wp-content\/uploads\/sites\/12\/2023\/03\/Capture-decran-2023-03-08-a-15.16.07-393x500.png 393w\" sizes=\"(max-width: 1122px) 100vw, 1122px\" \/><\/a><\/h2>\n<h2><strong><span style=\"font-size: 18pt;\">Parlez-nous du salon Bien-\u00catre M\u00e9decine Douce et de votre relation avec ce salon\u00a0<\/span><\/strong><\/h2>\n<p>Teravive\u00a0propose des s\u00e9jours bas\u00e9es sur la d\u00e9connexion du tumulte de notre vie quotidienne et la re-connexion \u00e0 soi, aux autres et \u00e0 la nature par les 5 sens.<br \/>\nC&rsquo;est mon premier salon du bien \u00eatre et m\u00e9decine douce.<\/p>\n<h2><span style=\"font-size: 18pt;\"><strong>Un conseil ou astuce pour aider \u00e0 se sentir bien au quotidien ?<\/strong><\/span><\/h2>\n<p>Pratiquer une m\u00e9ditation ou contemplation de la nature chaque jour 10 mn (paysage, arbre, ciel&#8230;) afin de nous connecter \u00e0 notre environnement et \u00e0 nous-m\u00eame.<\/p>\n<h2><span style=\"font-size: 18pt;\"><strong>Selon vous quelle serait la d\u00e9finition du bien-\u00eatre ?<\/strong><\/span><\/h2>\n<p>C&rsquo;est une \u00e9tat int\u00e9rieur dispos\u00e9 \u00e0 accueillir toutes les situations avec \u00e9quanimit\u00e9. Certaines pratiques facilitent le bien-\u00eatre mais il n&rsquo;est pas d\u00e9pendant de ces pratiques.<\/p>\n<p>&nbsp;<\/p>\n<p><a href=\"https:\/\/www.salon-medecinedouce.com\/lyon\/visiter\/liste-des-exposants\/\" target=\"_blank\" rel=\"noopener\">D\u00e9couvrez la liste des exposants du salon Bien-\u00catre M\u00e9decine Douce Lyon<\/a><\/p>\n<div class=\"salon-pubs-hp-bas-de-page salon-entity-placement\" id=\"salon-989018926\"><div id=\"salon-527185428\"><a data-no-instant=\"1\" href=\"https:\/\/www.naia-kaolin-delphine.fr\/\" rel=\"noopener\" class=\"a2t-link\" target=\"_blank\"><p><a href=\"https:\/\/www.naia-kaolin-delphine.fr\/\"><img decoding=\"async\" class=\"wp-image-15074 size-full aligncenter\" src=\"https:\/\/www.salon-medecinedouce.com\/lyon\/wp-content\/uploads\/sites\/12\/2026\/01\/Naia-Kaolin-salon-LYON-2026.png\" alt=\"\" width=\"728\" height=\"90\" srcset=\"https:\/\/www.salon-medecinedouce.com\/lyon\/wp-content\/uploads\/sites\/12\/2026\/01\/Naia-Kaolin-salon-LYON-2026.png 728w, https:\/\/www.salon-medecinedouce.com\/lyon\/wp-content\/uploads\/sites\/12\/2026\/01\/Naia-Kaolin-salon-LYON-2026-300x37.png 300w, https:\/\/www.salon-medecinedouce.com\/lyon\/wp-content\/uploads\/sites\/12\/2026\/01\/Naia-Kaolin-salon-LYON-2026-150x19.png 150w, https:\/\/www.salon-medecinedouce.com\/lyon\/wp-content\/uploads\/sites\/12\/2026\/01\/Naia-Kaolin-salon-LYON-2026-500x62.png 500w\" sizes=\"(max-width: 728px) 100vw, 728px\" \/><\/a><\/p>\n<\/a><\/div><\/div>","protected":false},"excerpt":{"rendered":"<p>Pr\u00e9sentez-vous en quelques mots (votre activit\u00e9, votre histoire, vous ).\u00a0 Bonjour, Je suis Benjamin Jouve, repr\u00e9sentant de Teravive. Je suis guide de Bains de For\u00eat et Praticien en Th\u00e9rapie foresti\u00e8re certifi\u00e9. J\u2019ai trois passions : la nature depuis tout petit, les voyages, la connaissance de soi. J&rsquo;ai travaill\u00e9 20 ans comme salari\u00e9 aupr\u00e8s de collectivit\u00e9s&hellip; <\/p>\n","protected":false},"author":6,"featured_media":10985,"comment_status":"closed","ping_status":"closed","sticky":false,"template":"","format":"standard","meta":{"_monsterinsights_skip_tracking":false,"_monsterinsights_sitenote_active":false,"_monsterinsights_sitenote_note":"","_monsterinsights_sitenote_category":0,"footnotes":""},"categories":[384],"tags":[],"class_list":["post-10984","post","type-post","status-publish","format-standard","has-post-thumbnail","hentry","category-portraits-exposants"],"yoast_head":"<!-- This site is optimized with the Yoast SEO plugin v27.3 - https:\/\/yoast.com\/product\/yoast-seo-wordpress\/ -->\n<title>Portrait Exposant 2023 - Teravive - Bien-\u00eatre Lyon<\/title>\n<meta name=\"description\" content=\"Venez rencontrer Teravive lors du salon Bien \u00catre M\u00e9decine Douce Lyon du 24 au 26 mars 2023 ! Rendez-vous \u00e0 Eurexpo !\" \/>\n<meta name=\"robots\" content=\"index, follow, max-snippet:-1, max-image-preview:large, max-video-preview:-1\" \/>\n<link rel=\"canonical\" href=\"https:\/\/www.salon-medecinedouce.com\/lyon\/teravive\/\" \/>\n<meta property=\"og:locale\" content=\"fr_FR\" \/>\n<meta property=\"og:type\" content=\"article\" \/>\n<meta property=\"og:title\" content=\"Portrait Exposant 2023 - Teravive - Bien-\u00eatre Lyon\" \/>\n<meta property=\"og:description\" content=\"Venez rencontrer Teravive lors du salon Bien \u00catre M\u00e9decine Douce Lyon du 24 au 26 mars 2023 ! Rendez-vous \u00e0 Eurexpo !\" \/>\n<meta property=\"og:url\" content=\"https:\/\/www.salon-medecinedouce.com\/lyon\/teravive\/\" \/>\n<meta property=\"og:site_name\" content=\"Bien-\u00eatre Lyon\" \/>\n<meta property=\"article:published_time\" content=\"2023-03-08T14:17:56+00:00\" \/>\n<meta property=\"article:modified_time\" content=\"2023-03-16T14:30:27+00:00\" \/>\n<meta property=\"og:image\" content=\"https:\/\/www.salon-medecinedouce.com\/lyon\/wp-content\/uploads\/sites\/12\/2023\/03\/Teravive.png\" \/>\n\t<meta property=\"og:image:width\" content=\"800\" \/>\n\t<meta property=\"og:image:height\" content=\"800\" \/>\n\t<meta property=\"og:image:type\" content=\"image\/png\" \/>\n<meta name=\"author\" content=\"communication\" \/>\n<meta name=\"twitter:card\" content=\"summary_large_image\" \/>\n<meta name=\"twitter:label1\" content=\"\u00c9crit par\" \/>\n\t<meta name=\"twitter:data1\" content=\"communication\" \/>\n\t<meta name=\"twitter:label2\" content=\"Dur\u00e9e de lecture estim\u00e9e\" \/>\n\t<meta name=\"twitter:data2\" content=\"3 minutes\" \/>\n<script type=\"application\/ld+json\" class=\"yoast-schema-graph\">{\"@context\":\"https:\\\/\\\/schema.org\",\"@graph\":[{\"@type\":\"Article\",\"@id\":\"https:\\\/\\\/www.salon-medecinedouce.com\\\/lyon\\\/teravive\\\/#article\",\"isPartOf\":{\"@id\":\"https:\\\/\\\/www.salon-medecinedouce.com\\\/lyon\\\/teravive\\\/\"},\"author\":{\"name\":\"communication\",\"@id\":\"https:\\\/\\\/www.salon-medecinedouce.com\\\/lyon\\\/#\\\/schema\\\/person\\\/ae137e79c551ab78ea22fb35759cb9f8\"},\"headline\":\"Portrait Exposant 2023 &#8211; Teravive\",\"datePublished\":\"2023-03-08T14:17:56+00:00\",\"dateModified\":\"2023-03-16T14:30:27+00:00\",\"mainEntityOfPage\":{\"@id\":\"https:\\\/\\\/www.salon-medecinedouce.com\\\/lyon\\\/teravive\\\/\"},\"wordCount\":390,\"publisher\":{\"@id\":\"https:\\\/\\\/www.salon-medecinedouce.com\\\/lyon\\\/#organization\"},\"image\":{\"@id\":\"https:\\\/\\\/www.salon-medecinedouce.com\\\/lyon\\\/teravive\\\/#primaryimage\"},\"thumbnailUrl\":\"https:\\\/\\\/www.salon-medecinedouce.com\\\/lyon\\\/wp-content\\\/uploads\\\/sites\\\/12\\\/2023\\\/03\\\/Teravive.png\",\"articleSection\":[\"Portraits exposants\"],\"inLanguage\":\"fr-FR\"},{\"@type\":\"WebPage\",\"@id\":\"https:\\\/\\\/www.salon-medecinedouce.com\\\/lyon\\\/teravive\\\/\",\"url\":\"https:\\\/\\\/www.salon-medecinedouce.com\\\/lyon\\\/teravive\\\/\",\"name\":\"Portrait Exposant 2023 - Teravive - Bien-\u00eatre Lyon\",\"isPartOf\":{\"@id\":\"https:\\\/\\\/www.salon-medecinedouce.com\\\/lyon\\\/#website\"},\"primaryImageOfPage\":{\"@id\":\"https:\\\/\\\/www.salon-medecinedouce.com\\\/lyon\\\/teravive\\\/#primaryimage\"},\"image\":{\"@id\":\"https:\\\/\\\/www.salon-medecinedouce.com\\\/lyon\\\/teravive\\\/#primaryimage\"},\"thumbnailUrl\":\"https:\\\/\\\/www.salon-medecinedouce.com\\\/lyon\\\/wp-content\\\/uploads\\\/sites\\\/12\\\/2023\\\/03\\\/Teravive.png\",\"datePublished\":\"2023-03-08T14:17:56+00:00\",\"dateModified\":\"2023-03-16T14:30:27+00:00\",\"description\":\"Venez rencontrer Teravive lors du salon Bien \u00catre M\u00e9decine Douce Lyon du 24 au 26 mars 2023 ! Rendez-vous \u00e0 Eurexpo !\",\"breadcrumb\":{\"@id\":\"https:\\\/\\\/www.salon-medecinedouce.com\\\/lyon\\\/teravive\\\/#breadcrumb\"},\"inLanguage\":\"fr-FR\",\"potentialAction\":[{\"@type\":\"ReadAction\",\"target\":[\"https:\\\/\\\/www.salon-medecinedouce.com\\\/lyon\\\/teravive\\\/\"]}]},{\"@type\":\"ImageObject\",\"inLanguage\":\"fr-FR\",\"@id\":\"https:\\\/\\\/www.salon-medecinedouce.com\\\/lyon\\\/teravive\\\/#primaryimage\",\"url\":\"https:\\\/\\\/www.salon-medecinedouce.com\\\/lyon\\\/wp-content\\\/uploads\\\/sites\\\/12\\\/2023\\\/03\\\/Teravive.png\",\"contentUrl\":\"https:\\\/\\\/www.salon-medecinedouce.com\\\/lyon\\\/wp-content\\\/uploads\\\/sites\\\/12\\\/2023\\\/03\\\/Teravive.png\",\"width\":800,\"height\":800,\"caption\":\"Teravive Avant\"},{\"@type\":\"BreadcrumbList\",\"@id\":\"https:\\\/\\\/www.salon-medecinedouce.com\\\/lyon\\\/teravive\\\/#breadcrumb\",\"itemListElement\":[{\"@type\":\"ListItem\",\"position\":1,\"name\":\"Accueil\",\"item\":\"https:\\\/\\\/www.salon-medecinedouce.com\\\/lyon\\\/\"},{\"@type\":\"ListItem\",\"position\":2,\"name\":\"Portrait Exposant 2023 &#8211; Teravive\"}]},{\"@type\":\"WebSite\",\"@id\":\"https:\\\/\\\/www.salon-medecinedouce.com\\\/lyon\\\/#website\",\"url\":\"https:\\\/\\\/www.salon-medecinedouce.com\\\/lyon\\\/\",\"name\":\"Bien-\u00eatre Lyon\",\"description\":\"La sant\u00e9 au naturel : M\u00e9decines douces - Compl\u00e9ments alimentaires - Alimentation saine - Cosm\u00e9tiques naturelles - Art de vivre - Tourisme de sant\u00e9\",\"publisher\":{\"@id\":\"https:\\\/\\\/www.salon-medecinedouce.com\\\/lyon\\\/#organization\"},\"potentialAction\":[{\"@type\":\"SearchAction\",\"target\":{\"@type\":\"EntryPoint\",\"urlTemplate\":\"https:\\\/\\\/www.salon-medecinedouce.com\\\/lyon\\\/?s={search_term_string}\"},\"query-input\":{\"@type\":\"PropertyValueSpecification\",\"valueRequired\":true,\"valueName\":\"search_term_string\"}}],\"inLanguage\":\"fr-FR\"},{\"@type\":\"Organization\",\"@id\":\"https:\\\/\\\/www.salon-medecinedouce.com\\\/lyon\\\/#organization\",\"name\":\"Bien-\u00eatre Lyon\",\"url\":\"https:\\\/\\\/www.salon-medecinedouce.com\\\/lyon\\\/\",\"logo\":{\"@type\":\"ImageObject\",\"inLanguage\":\"fr-FR\",\"@id\":\"https:\\\/\\\/www.salon-medecinedouce.com\\\/lyon\\\/#\\\/schema\\\/logo\\\/image\\\/\",\"url\":\"https:\\\/\\\/www.salon-medecinedouce.com\\\/lyon\\\/wp-content\\\/uploads\\\/sites\\\/12\\\/2024\\\/05\\\/cropped-logo-orange-bemd.png\",\"contentUrl\":\"https:\\\/\\\/www.salon-medecinedouce.com\\\/lyon\\\/wp-content\\\/uploads\\\/sites\\\/12\\\/2024\\\/05\\\/cropped-logo-orange-bemd.png\",\"width\":591,\"height\":591,\"caption\":\"Bien-\u00eatre Lyon\"},\"image\":{\"@id\":\"https:\\\/\\\/www.salon-medecinedouce.com\\\/lyon\\\/#\\\/schema\\\/logo\\\/image\\\/\"}},{\"@type\":\"Person\",\"@id\":\"https:\\\/\\\/www.salon-medecinedouce.com\\\/lyon\\\/#\\\/schema\\\/person\\\/ae137e79c551ab78ea22fb35759cb9f8\",\"name\":\"communication\",\"image\":{\"@type\":\"ImageObject\",\"inLanguage\":\"fr-FR\",\"@id\":\"https:\\\/\\\/secure.gravatar.com\\\/avatar\\\/0f49d5b7ab56355ffa797b3ce25e4f2375cedf6bc9afe416fe669342c3524275?s=96&d=mm&r=g\",\"url\":\"https:\\\/\\\/secure.gravatar.com\\\/avatar\\\/0f49d5b7ab56355ffa797b3ce25e4f2375cedf6bc9afe416fe669342c3524275?s=96&d=mm&r=g\",\"contentUrl\":\"https:\\\/\\\/secure.gravatar.com\\\/avatar\\\/0f49d5b7ab56355ffa797b3ce25e4f2375cedf6bc9afe416fe669342c3524275?s=96&d=mm&r=g\",\"caption\":\"communication\"},\"url\":\"https:\\\/\\\/www.salon-medecinedouce.com\\\/lyon\\\/author\\\/communication\\\/\"}]}<\/script>\n<!-- \/ Yoast SEO plugin. -->","yoast_head_json":{"title":"Portrait Exposant 2023 - Teravive - Bien-\u00eatre Lyon","description":"Venez rencontrer Teravive lors du salon Bien \u00catre M\u00e9decine Douce Lyon du 24 au 26 mars 2023 ! Rendez-vous \u00e0 Eurexpo !","robots":{"index":"index","follow":"follow","max-snippet":"max-snippet:-1","max-image-preview":"max-image-preview:large","max-video-preview":"max-video-preview:-1"},"canonical":"https:\/\/www.salon-medecinedouce.com\/lyon\/teravive\/","og_locale":"fr_FR","og_type":"article","og_title":"Portrait Exposant 2023 - Teravive - Bien-\u00eatre Lyon","og_description":"Venez rencontrer Teravive lors du salon Bien \u00catre M\u00e9decine Douce Lyon du 24 au 26 mars 2023 ! Rendez-vous \u00e0 Eurexpo !","og_url":"https:\/\/www.salon-medecinedouce.com\/lyon\/teravive\/","og_site_name":"Bien-\u00eatre Lyon","article_published_time":"2023-03-08T14:17:56+00:00","article_modified_time":"2023-03-16T14:30:27+00:00","og_image":[{"width":800,"height":800,"url":"https:\/\/www.salon-medecinedouce.com\/lyon\/wp-content\/uploads\/sites\/12\/2023\/03\/Teravive.png","type":"image\/png"}],"author":"communication","twitter_card":"summary_large_image","twitter_misc":{"\u00c9crit par":"communication","Dur\u00e9e de lecture estim\u00e9e":"3 minutes"},"schema":{"@context":"https:\/\/schema.org","@graph":[{"@type":"Article","@id":"https:\/\/www.salon-medecinedouce.com\/lyon\/teravive\/#article","isPartOf":{"@id":"https:\/\/www.salon-medecinedouce.com\/lyon\/teravive\/"},"author":{"name":"communication","@id":"https:\/\/www.salon-medecinedouce.com\/lyon\/#\/schema\/person\/ae137e79c551ab78ea22fb35759cb9f8"},"headline":"Portrait Exposant 2023 &#8211; Teravive","datePublished":"2023-03-08T14:17:56+00:00","dateModified":"2023-03-16T14:30:27+00:00","mainEntityOfPage":{"@id":"https:\/\/www.salon-medecinedouce.com\/lyon\/teravive\/"},"wordCount":390,"publisher":{"@id":"https:\/\/www.salon-medecinedouce.com\/lyon\/#organization"},"image":{"@id":"https:\/\/www.salon-medecinedouce.com\/lyon\/teravive\/#primaryimage"},"thumbnailUrl":"https:\/\/www.salon-medecinedouce.com\/lyon\/wp-content\/uploads\/sites\/12\/2023\/03\/Teravive.png","articleSection":["Portraits exposants"],"inLanguage":"fr-FR"},{"@type":"WebPage","@id":"https:\/\/www.salon-medecinedouce.com\/lyon\/teravive\/","url":"https:\/\/www.salon-medecinedouce.com\/lyon\/teravive\/","name":"Portrait Exposant 2023 - Teravive - Bien-\u00eatre Lyon","isPartOf":{"@id":"https:\/\/www.salon-medecinedouce.com\/lyon\/#website"},"primaryImageOfPage":{"@id":"https:\/\/www.salon-medecinedouce.com\/lyon\/teravive\/#primaryimage"},"image":{"@id":"https:\/\/www.salon-medecinedouce.com\/lyon\/teravive\/#primaryimage"},"thumbnailUrl":"https:\/\/www.salon-medecinedouce.com\/lyon\/wp-content\/uploads\/sites\/12\/2023\/03\/Teravive.png","datePublished":"2023-03-08T14:17:56+00:00","dateModified":"2023-03-16T14:30:27+00:00","description":"Venez rencontrer Teravive lors du salon Bien \u00catre M\u00e9decine Douce Lyon du 24 au 26 mars 2023 ! Rendez-vous \u00e0 Eurexpo !","breadcrumb":{"@id":"https:\/\/www.salon-medecinedouce.com\/lyon\/teravive\/#breadcrumb"},"inLanguage":"fr-FR","potentialAction":[{"@type":"ReadAction","target":["https:\/\/www.salon-medecinedouce.com\/lyon\/teravive\/"]}]},{"@type":"ImageObject","inLanguage":"fr-FR","@id":"https:\/\/www.salon-medecinedouce.com\/lyon\/teravive\/#primaryimage","url":"https:\/\/www.salon-medecinedouce.com\/lyon\/wp-content\/uploads\/sites\/12\/2023\/03\/Teravive.png","contentUrl":"https:\/\/www.salon-medecinedouce.com\/lyon\/wp-content\/uploads\/sites\/12\/2023\/03\/Teravive.png","width":800,"height":800,"caption":"Teravive Avant"},{"@type":"BreadcrumbList","@id":"https:\/\/www.salon-medecinedouce.com\/lyon\/teravive\/#breadcrumb","itemListElement":[{"@type":"ListItem","position":1,"name":"Accueil","item":"https:\/\/www.salon-medecinedouce.com\/lyon\/"},{"@type":"ListItem","position":2,"name":"Portrait Exposant 2023 &#8211; Teravive"}]},{"@type":"WebSite","@id":"https:\/\/www.salon-medecinedouce.com\/lyon\/#website","url":"https:\/\/www.salon-medecinedouce.com\/lyon\/","name":"Bien-\u00eatre Lyon","description":"La sant\u00e9 au naturel : M\u00e9decines douces - Compl\u00e9ments alimentaires - Alimentation saine - Cosm\u00e9tiques naturelles - Art de vivre - Tourisme de sant\u00e9","publisher":{"@id":"https:\/\/www.salon-medecinedouce.com\/lyon\/#organization"},"potentialAction":[{"@type":"SearchAction","target":{"@type":"EntryPoint","urlTemplate":"https:\/\/www.salon-medecinedouce.com\/lyon\/?s={search_term_string}"},"query-input":{"@type":"PropertyValueSpecification","valueRequired":true,"valueName":"search_term_string"}}],"inLanguage":"fr-FR"},{"@type":"Organization","@id":"https:\/\/www.salon-medecinedouce.com\/lyon\/#organization","name":"Bien-\u00eatre Lyon","url":"https:\/\/www.salon-medecinedouce.com\/lyon\/","logo":{"@type":"ImageObject","inLanguage":"fr-FR","@id":"https:\/\/www.salon-medecinedouce.com\/lyon\/#\/schema\/logo\/image\/","url":"https:\/\/www.salon-medecinedouce.com\/lyon\/wp-content\/uploads\/sites\/12\/2024\/05\/cropped-logo-orange-bemd.png","contentUrl":"https:\/\/www.salon-medecinedouce.com\/lyon\/wp-content\/uploads\/sites\/12\/2024\/05\/cropped-logo-orange-bemd.png","width":591,"height":591,"caption":"Bien-\u00eatre Lyon"},"image":{"@id":"https:\/\/www.salon-medecinedouce.com\/lyon\/#\/schema\/logo\/image\/"}},{"@type":"Person","@id":"https:\/\/www.salon-medecinedouce.com\/lyon\/#\/schema\/person\/ae137e79c551ab78ea22fb35759cb9f8","name":"communication","image":{"@type":"ImageObject","inLanguage":"fr-FR","@id":"https:\/\/secure.gravatar.com\/avatar\/0f49d5b7ab56355ffa797b3ce25e4f2375cedf6bc9afe416fe669342c3524275?s=96&d=mm&r=g","url":"https:\/\/secure.gravatar.com\/avatar\/0f49d5b7ab56355ffa797b3ce25e4f2375cedf6bc9afe416fe669342c3524275?s=96&d=mm&r=g","contentUrl":"https:\/\/secure.gravatar.com\/avatar\/0f49d5b7ab56355ffa797b3ce25e4f2375cedf6bc9afe416fe669342c3524275?s=96&d=mm&r=g","caption":"communication"},"url":"https:\/\/www.salon-medecinedouce.com\/lyon\/author\/communication\/"}]}},"rttpg_featured_image_url":{"full":["https:\/\/www.salon-medecinedouce.com\/lyon\/wp-content\/uploads\/sites\/12\/2023\/03\/Teravive.png",800,800,false],"landscape":["https:\/\/www.salon-medecinedouce.com\/lyon\/wp-content\/uploads\/sites\/12\/2023\/03\/Teravive.png",800,800,false],"portraits":["https:\/\/www.salon-medecinedouce.com\/lyon\/wp-content\/uploads\/sites\/12\/2023\/03\/Teravive.png",800,800,false],"thumbnail":["https:\/\/www.salon-medecinedouce.com\/lyon\/wp-content\/uploads\/sites\/12\/2023\/03\/Teravive-150x150.png",150,150,true],"medium":["https:\/\/www.salon-medecinedouce.com\/lyon\/wp-content\/uploads\/sites\/12\/2023\/03\/Teravive-300x300.png",300,300,true],"large":["https:\/\/www.salon-medecinedouce.com\/lyon\/wp-content\/uploads\/sites\/12\/2023\/03\/Teravive.png",790,790,false],"1536x1536":["https:\/\/www.salon-medecinedouce.com\/lyon\/wp-content\/uploads\/sites\/12\/2023\/03\/Teravive.png",800,800,false],"2048x2048":["https:\/\/www.salon-medecinedouce.com\/lyon\/wp-content\/uploads\/sites\/12\/2023\/03\/Teravive.png",800,800,false],"gg_gallery_thumbnail":["https:\/\/www.salon-medecinedouce.com\/lyon\/wp-content\/uploads\/sites\/12\/2023\/03\/Teravive-450x250.png",450,250,true],"rpwe-thumbnail":["https:\/\/www.salon-medecinedouce.com\/lyon\/wp-content\/uploads\/sites\/12\/2023\/03\/Teravive-45x45.png",45,45,true]},"rttpg_author":{"display_name":"communication","author_link":"https:\/\/www.salon-medecinedouce.com\/lyon\/author\/communication\/"},"rttpg_comment":0,"rttpg_category":"<a href=\"https:\/\/www.salon-medecinedouce.com\/lyon\/category\/portraits-exposants\/\" rel=\"category tag\">Portraits exposants<\/a>","rttpg_excerpt":"Pr\u00e9sentez-vous en quelques mots (votre activit\u00e9, votre histoire, vous ).\u00a0 Bonjour, Je suis Benjamin Jouve, repr\u00e9sentant de Teravive. Je suis guide de Bains de For\u00eat et Praticien en Th\u00e9rapie foresti\u00e8re certifi\u00e9. J\u2019ai trois passions : la nature depuis tout petit, les voyages, la connaissance de soi. J&rsquo;ai travaill\u00e9 20 ans comme salari\u00e9 aupr\u00e8s de collectivit\u00e9s&hellip;","_links":{"self":[{"href":"https:\/\/www.salon-medecinedouce.com\/lyon\/wp-json\/wp\/v2\/posts\/10984","targetHints":{"allow":["GET"]}}],"collection":[{"href":"https:\/\/www.salon-medecinedouce.com\/lyon\/wp-json\/wp\/v2\/posts"}],"about":[{"href":"https:\/\/www.salon-medecinedouce.com\/lyon\/wp-json\/wp\/v2\/types\/post"}],"author":[{"embeddable":true,"href":"https:\/\/www.salon-medecinedouce.com\/lyon\/wp-json\/wp\/v2\/users\/6"}],"replies":[{"embeddable":true,"href":"https:\/\/www.salon-medecinedouce.com\/lyon\/wp-json\/wp\/v2\/comments?post=10984"}],"version-history":[{"count":4,"href":"https:\/\/www.salon-medecinedouce.com\/lyon\/wp-json\/wp\/v2\/posts\/10984\/revisions"}],"predecessor-version":[{"id":11333,"href":"https:\/\/www.salon-medecinedouce.com\/lyon\/wp-json\/wp\/v2\/posts\/10984\/revisions\/11333"}],"wp:featuredmedia":[{"embeddable":true,"href":"https:\/\/www.salon-medecinedouce.com\/lyon\/wp-json\/wp\/v2\/media\/10985"}],"wp:attachment":[{"href":"https:\/\/www.salon-medecinedouce.com\/lyon\/wp-json\/wp\/v2\/media?parent=10984"}],"wp:term":[{"taxonomy":"category","embeddable":true,"href":"https:\/\/www.salon-medecinedouce.com\/lyon\/wp-json\/wp\/v2\/categories?post=10984"},{"taxonomy":"post_tag","embeddable":true,"href":"https:\/\/www.salon-medecinedouce.com\/lyon\/wp-json\/wp\/v2\/tags?post=10984"}],"curies":[{"name":"wp","href":"https:\/\/api.w.org\/{rel}","templated":true}]}}