{"id":10978,"date":"2023-03-07T15:56:08","date_gmt":"2023-03-07T14:56:08","guid":{"rendered":"https:\/\/www.salon-medecinedouce.com\/lyon\/?p=10978"},"modified":"2023-03-16T15:27:54","modified_gmt":"2023-03-16T14:27:54","slug":"olivia-de-raucourt","status":"publish","type":"post","link":"https:\/\/www.salon-medecinedouce.com\/lyon\/olivia-de-raucourt\/","title":{"rendered":"Portrait Exposant 2023 &#8211; Olivia de Raucourt"},"content":{"rendered":"<h2><strong><span style=\"font-size: 18pt;\">Pr\u00e9sentez-vous en quelques mots (votre activit\u00e9, votre histoire, vous ).\u00a0<\/span><\/strong><\/h2>\n<p>Olivia de Raucourt propose des <strong><a href=\"https:\/\/www.developpement-fengshui.com\/\" target=\"_blank\" rel=\"noopener\">soins \u00e9nerg\u00e9tiques<\/a><\/strong> et informationnels pour la personne et son espace.<br \/>\nPour elle, la phrase \u00e0 retenir est \u00ab\u00a0Bien \u00eatre chez soi, Bien vivre en Soi\u00a0\u00bb.<br \/>\nElle rep\u00e8re, analyse et ajuste avec vous vos \u00e9nergies, avec des soins impactants positivement votre vie.<\/p>\n<p>Pour vous aider, elle se base sur :<\/p>\n<ul>\n<li>G\u00e9obiologie\u00a0<\/li>\n<li>Feng Shui\u00a0<\/li>\n<li>Reconnexion<\/li>\n<\/ul>\n<p>\nLes s\u00e9ances agissent sur toutes les dimensions, qu&rsquo;elles soient physique, \u00e9motionnelle, mentale, \u00e9nerg\u00e9tique ou informationnelle.<\/p>\n<h2><span style=\"font-size: 18pt; font-weight: bold;\">Que proposez-vous sur le salon ? Produits phares ? Des remises sur le stand ? Des Nouveaut\u00e9s ? Ateliers ou conf\u00e9rences ?<\/span><\/h2>\n<p>Sur le salon, Olivia de Raucourt vous propose de :<\/p>\n<ul>\n<li>la G\u00e9obiologie\u00a0<\/li>\n<li>le Feng Shui\u00a0<\/li>\n<li>la Reconnexion\u00a0<\/li>\n<li>la BaZi Astrologie Chinoise\u00a0<\/li>\n<li>le Yi Jing\u00a0<\/li>\n<li>la Bio-R\u00e9sonance<\/li>\n<\/ul>\n<p>\nOffre sp\u00e9ciale salon : \u00c9valuation G\u00e9obiologie 33 \u20ac au lieu de 55 \u20ac<\/p>\n<p>\nLivre : \u00ab\u00a0\u00catre le meilleur de Soi\u00a0\u00bb<\/p>\n<p>2 formations :<\/p>\n<ul>\n<li>\u00a0Le r\u00e9encodage au quotidien\u00a0<\/li>\n<li>\u00c9voluer avec le Yi Jing<\/li>\n<\/ul>\n<h2><a href=\"https:\/\/www.salon-medecinedouce.com\/lyon\/olivia-de-raucourt\/1676391898-file1-geobio-affiche\/\" rel=\"attachment wp-att-10980\"><img fetchpriority=\"high\" decoding=\"async\" class=\"wp-image-10980 size-full aligncenter\" src=\"https:\/\/www.salon-medecinedouce.com\/lyon\/wp-content\/uploads\/sites\/12\/2023\/03\/1676391898-file1-Geobio-Affiche.jpeg\" alt=\"Olivia de Raucourt Flyer\" width=\"942\" height=\"577\" srcset=\"https:\/\/www.salon-medecinedouce.com\/lyon\/wp-content\/uploads\/sites\/12\/2023\/03\/1676391898-file1-Geobio-Affiche.jpeg 942w, https:\/\/www.salon-medecinedouce.com\/lyon\/wp-content\/uploads\/sites\/12\/2023\/03\/1676391898-file1-Geobio-Affiche-300x184.jpeg 300w, https:\/\/www.salon-medecinedouce.com\/lyon\/wp-content\/uploads\/sites\/12\/2023\/03\/1676391898-file1-Geobio-Affiche-768x470.jpeg 768w, https:\/\/www.salon-medecinedouce.com\/lyon\/wp-content\/uploads\/sites\/12\/2023\/03\/1676391898-file1-Geobio-Affiche-150x92.jpeg 150w, https:\/\/www.salon-medecinedouce.com\/lyon\/wp-content\/uploads\/sites\/12\/2023\/03\/1676391898-file1-Geobio-Affiche-500x306.jpeg 500w\" sizes=\"(max-width: 942px) 100vw, 942px\" \/><\/a><\/h2>\n<h2><strong><span style=\"font-size: 18pt;\">Parlez-nous du salon Bien-\u00catre M\u00e9decine Douce et de votre relation avec ce salon\u00a0<\/span><\/strong><\/h2>\n<p>Je suis ravie de participer \u00e0 ce salon, cependant c\u2019est une premi\u00e8re et je ne connais pas votre salon.<\/p>\n<h2><span style=\"font-size: 18pt;\"><strong>Un conseil ou astuce pour aider \u00e0 se sentir bien au quotidien ?<\/strong><\/span><\/h2>\n<p>\u00catre bien chez soi pour \u00eatre bien en Soi.<br \/>\nVeiller \u00e0 la qualit\u00e9 de sa vibration, toujours choisir au quotidien le beau, bon, bien, juste pour soi comme pour tous. Garder son autonomie et sa responsabilit\u00e9. Se connecter toujours plus profond\u00e9ment au vrai en Soi.<\/p>\n<h2><span style=\"font-size: 18pt;\"><strong>Selon vous quelle serait la d\u00e9finition du bien-\u00eatre ?<\/strong><\/span><\/h2>\n<p>Se sentir \u00e0 sa place chaque jour, en sant\u00e9 physique \u00e9motionnelle et mentale, vivant la vie qui nous ressemble.<\/p>\n<p><a href=\"https:\/\/www.salon-medecinedouce.com\/lyon\/visiter\/liste-des-exposants\/\" target=\"_blank\" rel=\"noopener\">D\u00e9couvrez la liste des exposants du salon Bien-\u00catre M\u00e9decine Douce Lyon<\/a><\/p>\n<div class=\"salon-pubs-hp-bas-de-page salon-entity-placement\" id=\"salon-1899008408\"><div id=\"salon-949983123\"><a data-no-instant=\"1\" href=\"https:\/\/www.adntv.fr\/home?request_origin=tv_app\" rel=\"noopener\" class=\"a2t-link\" target=\"_blank\"><p><a href=\"https:\/\/www.adntv.fr\/home?request_origin=tv_app\"><img decoding=\"async\" class=\"wp-image-15075  aligncenter\" src=\"https:\/\/www.salon-medecinedouce.com\/lyon\/wp-content\/uploads\/sites\/12\/2021\/12\/ADNTV_BANNIERE_.jpg\" alt=\"\" width=\"515\" height=\"196\" srcset=\"https:\/\/www.salon-medecinedouce.com\/lyon\/wp-content\/uploads\/sites\/12\/2021\/12\/ADNTV_BANNIERE_.jpg 820w, https:\/\/www.salon-medecinedouce.com\/lyon\/wp-content\/uploads\/sites\/12\/2021\/12\/ADNTV_BANNIERE_-300x114.jpg 300w, https:\/\/www.salon-medecinedouce.com\/lyon\/wp-content\/uploads\/sites\/12\/2021\/12\/ADNTV_BANNIERE_-768x292.jpg 768w, https:\/\/www.salon-medecinedouce.com\/lyon\/wp-content\/uploads\/sites\/12\/2021\/12\/ADNTV_BANNIERE_-150x57.jpg 150w, https:\/\/www.salon-medecinedouce.com\/lyon\/wp-content\/uploads\/sites\/12\/2021\/12\/ADNTV_BANNIERE_-500x190.jpg 500w\" sizes=\"(max-width: 515px) 100vw, 515px\" \/><\/a><\/p>\n<\/a><\/div><\/div>","protected":false},"excerpt":{"rendered":"<p>Pr\u00e9sentez-vous en quelques mots (votre activit\u00e9, votre histoire, vous ).\u00a0 Olivia de Raucourt propose des soins \u00e9nerg\u00e9tiques et informationnels pour la personne et son espace. Pour elle, la phrase \u00e0 retenir est \u00ab\u00a0Bien \u00eatre chez soi, Bien vivre en Soi\u00a0\u00bb. Elle rep\u00e8re, analyse et ajuste avec vous vos \u00e9nergies, avec des soins impactants positivement votre&hellip; <\/p>\n","protected":false},"author":6,"featured_media":10979,"comment_status":"closed","ping_status":"closed","sticky":false,"template":"","format":"standard","meta":{"_monsterinsights_skip_tracking":false,"_monsterinsights_sitenote_active":false,"_monsterinsights_sitenote_note":"","_monsterinsights_sitenote_category":0,"footnotes":""},"categories":[384],"tags":[],"class_list":["post-10978","post","type-post","status-publish","format-standard","has-post-thumbnail","hentry","category-portraits-exposants"],"yoast_head":"<!-- This site is optimized with the Yoast SEO plugin v27.3 - https:\/\/yoast.com\/product\/yoast-seo-wordpress\/ -->\n<title>Portrait Exposant 2023 - Olivia de Raucourt - Bien-\u00eatre Lyon<\/title>\n<meta name=\"description\" content=\"Venez rencontrer Olivia de Raucourt lors du salon Bien \u00catre M\u00e9decine Douce Lyon du 24 au 26 mars 2023 ! Rendez-vous \u00e0 Eurexpo !\" \/>\n<meta name=\"robots\" content=\"index, follow, max-snippet:-1, max-image-preview:large, max-video-preview:-1\" \/>\n<link rel=\"canonical\" href=\"https:\/\/www.salon-medecinedouce.com\/lyon\/olivia-de-raucourt\/\" \/>\n<meta property=\"og:locale\" content=\"fr_FR\" \/>\n<meta property=\"og:type\" content=\"article\" \/>\n<meta property=\"og:title\" content=\"Portrait Exposant 2023 - Olivia de Raucourt - Bien-\u00eatre Lyon\" \/>\n<meta property=\"og:description\" content=\"Venez rencontrer Olivia de Raucourt lors du salon Bien \u00catre M\u00e9decine Douce Lyon du 24 au 26 mars 2023 ! Rendez-vous \u00e0 Eurexpo !\" \/>\n<meta property=\"og:url\" content=\"https:\/\/www.salon-medecinedouce.com\/lyon\/olivia-de-raucourt\/\" \/>\n<meta property=\"og:site_name\" content=\"Bien-\u00eatre Lyon\" \/>\n<meta property=\"article:published_time\" content=\"2023-03-07T14:56:08+00:00\" \/>\n<meta property=\"article:modified_time\" content=\"2023-03-16T14:27:54+00:00\" \/>\n<meta property=\"og:image\" content=\"https:\/\/www.salon-medecinedouce.com\/lyon\/wp-content\/uploads\/sites\/12\/2023\/03\/Olivia-de-Raucourt.png\" \/>\n\t<meta property=\"og:image:width\" content=\"800\" \/>\n\t<meta property=\"og:image:height\" content=\"800\" \/>\n\t<meta property=\"og:image:type\" content=\"image\/png\" \/>\n<meta name=\"author\" content=\"communication\" \/>\n<meta name=\"twitter:card\" content=\"summary_large_image\" \/>\n<meta name=\"twitter:label1\" content=\"\u00c9crit par\" \/>\n\t<meta name=\"twitter:data1\" content=\"communication\" \/>\n\t<meta name=\"twitter:label2\" content=\"Dur\u00e9e de lecture estim\u00e9e\" \/>\n\t<meta name=\"twitter:data2\" content=\"2 minutes\" \/>\n<script type=\"application\/ld+json\" class=\"yoast-schema-graph\">{\"@context\":\"https:\\\/\\\/schema.org\",\"@graph\":[{\"@type\":\"Article\",\"@id\":\"https:\\\/\\\/www.salon-medecinedouce.com\\\/lyon\\\/olivia-de-raucourt\\\/#article\",\"isPartOf\":{\"@id\":\"https:\\\/\\\/www.salon-medecinedouce.com\\\/lyon\\\/olivia-de-raucourt\\\/\"},\"author\":{\"name\":\"communication\",\"@id\":\"https:\\\/\\\/www.salon-medecinedouce.com\\\/lyon\\\/#\\\/schema\\\/person\\\/ae137e79c551ab78ea22fb35759cb9f8\"},\"headline\":\"Portrait Exposant 2023 &#8211; Olivia de Raucourt\",\"datePublished\":\"2023-03-07T14:56:08+00:00\",\"dateModified\":\"2023-03-16T14:27:54+00:00\",\"mainEntityOfPage\":{\"@id\":\"https:\\\/\\\/www.salon-medecinedouce.com\\\/lyon\\\/olivia-de-raucourt\\\/\"},\"wordCount\":298,\"publisher\":{\"@id\":\"https:\\\/\\\/www.salon-medecinedouce.com\\\/lyon\\\/#organization\"},\"image\":{\"@id\":\"https:\\\/\\\/www.salon-medecinedouce.com\\\/lyon\\\/olivia-de-raucourt\\\/#primaryimage\"},\"thumbnailUrl\":\"https:\\\/\\\/www.salon-medecinedouce.com\\\/lyon\\\/wp-content\\\/uploads\\\/sites\\\/12\\\/2023\\\/03\\\/Olivia-de-Raucourt.png\",\"articleSection\":[\"Portraits exposants\"],\"inLanguage\":\"fr-FR\"},{\"@type\":\"WebPage\",\"@id\":\"https:\\\/\\\/www.salon-medecinedouce.com\\\/lyon\\\/olivia-de-raucourt\\\/\",\"url\":\"https:\\\/\\\/www.salon-medecinedouce.com\\\/lyon\\\/olivia-de-raucourt\\\/\",\"name\":\"Portrait Exposant 2023 - Olivia de Raucourt - Bien-\u00eatre Lyon\",\"isPartOf\":{\"@id\":\"https:\\\/\\\/www.salon-medecinedouce.com\\\/lyon\\\/#website\"},\"primaryImageOfPage\":{\"@id\":\"https:\\\/\\\/www.salon-medecinedouce.com\\\/lyon\\\/olivia-de-raucourt\\\/#primaryimage\"},\"image\":{\"@id\":\"https:\\\/\\\/www.salon-medecinedouce.com\\\/lyon\\\/olivia-de-raucourt\\\/#primaryimage\"},\"thumbnailUrl\":\"https:\\\/\\\/www.salon-medecinedouce.com\\\/lyon\\\/wp-content\\\/uploads\\\/sites\\\/12\\\/2023\\\/03\\\/Olivia-de-Raucourt.png\",\"datePublished\":\"2023-03-07T14:56:08+00:00\",\"dateModified\":\"2023-03-16T14:27:54+00:00\",\"description\":\"Venez rencontrer Olivia de Raucourt lors du salon Bien \u00catre M\u00e9decine Douce Lyon du 24 au 26 mars 2023 ! Rendez-vous \u00e0 Eurexpo !\",\"breadcrumb\":{\"@id\":\"https:\\\/\\\/www.salon-medecinedouce.com\\\/lyon\\\/olivia-de-raucourt\\\/#breadcrumb\"},\"inLanguage\":\"fr-FR\",\"potentialAction\":[{\"@type\":\"ReadAction\",\"target\":[\"https:\\\/\\\/www.salon-medecinedouce.com\\\/lyon\\\/olivia-de-raucourt\\\/\"]}]},{\"@type\":\"ImageObject\",\"inLanguage\":\"fr-FR\",\"@id\":\"https:\\\/\\\/www.salon-medecinedouce.com\\\/lyon\\\/olivia-de-raucourt\\\/#primaryimage\",\"url\":\"https:\\\/\\\/www.salon-medecinedouce.com\\\/lyon\\\/wp-content\\\/uploads\\\/sites\\\/12\\\/2023\\\/03\\\/Olivia-de-Raucourt.png\",\"contentUrl\":\"https:\\\/\\\/www.salon-medecinedouce.com\\\/lyon\\\/wp-content\\\/uploads\\\/sites\\\/12\\\/2023\\\/03\\\/Olivia-de-Raucourt.png\",\"width\":800,\"height\":800,\"caption\":\"Olivia de Raucourt Avant\"},{\"@type\":\"BreadcrumbList\",\"@id\":\"https:\\\/\\\/www.salon-medecinedouce.com\\\/lyon\\\/olivia-de-raucourt\\\/#breadcrumb\",\"itemListElement\":[{\"@type\":\"ListItem\",\"position\":1,\"name\":\"Accueil\",\"item\":\"https:\\\/\\\/www.salon-medecinedouce.com\\\/lyon\\\/\"},{\"@type\":\"ListItem\",\"position\":2,\"name\":\"Portrait Exposant 2023 &#8211; Olivia de Raucourt\"}]},{\"@type\":\"WebSite\",\"@id\":\"https:\\\/\\\/www.salon-medecinedouce.com\\\/lyon\\\/#website\",\"url\":\"https:\\\/\\\/www.salon-medecinedouce.com\\\/lyon\\\/\",\"name\":\"Bien-\u00eatre Lyon\",\"description\":\"La sant\u00e9 au naturel : M\u00e9decines douces - Compl\u00e9ments alimentaires - Alimentation saine - Cosm\u00e9tiques naturelles - Art de vivre - Tourisme de sant\u00e9\",\"publisher\":{\"@id\":\"https:\\\/\\\/www.salon-medecinedouce.com\\\/lyon\\\/#organization\"},\"potentialAction\":[{\"@type\":\"SearchAction\",\"target\":{\"@type\":\"EntryPoint\",\"urlTemplate\":\"https:\\\/\\\/www.salon-medecinedouce.com\\\/lyon\\\/?s={search_term_string}\"},\"query-input\":{\"@type\":\"PropertyValueSpecification\",\"valueRequired\":true,\"valueName\":\"search_term_string\"}}],\"inLanguage\":\"fr-FR\"},{\"@type\":\"Organization\",\"@id\":\"https:\\\/\\\/www.salon-medecinedouce.com\\\/lyon\\\/#organization\",\"name\":\"Bien-\u00eatre Lyon\",\"url\":\"https:\\\/\\\/www.salon-medecinedouce.com\\\/lyon\\\/\",\"logo\":{\"@type\":\"ImageObject\",\"inLanguage\":\"fr-FR\",\"@id\":\"https:\\\/\\\/www.salon-medecinedouce.com\\\/lyon\\\/#\\\/schema\\\/logo\\\/image\\\/\",\"url\":\"https:\\\/\\\/www.salon-medecinedouce.com\\\/lyon\\\/wp-content\\\/uploads\\\/sites\\\/12\\\/2024\\\/05\\\/cropped-logo-orange-bemd.png\",\"contentUrl\":\"https:\\\/\\\/www.salon-medecinedouce.com\\\/lyon\\\/wp-content\\\/uploads\\\/sites\\\/12\\\/2024\\\/05\\\/cropped-logo-orange-bemd.png\",\"width\":591,\"height\":591,\"caption\":\"Bien-\u00eatre Lyon\"},\"image\":{\"@id\":\"https:\\\/\\\/www.salon-medecinedouce.com\\\/lyon\\\/#\\\/schema\\\/logo\\\/image\\\/\"}},{\"@type\":\"Person\",\"@id\":\"https:\\\/\\\/www.salon-medecinedouce.com\\\/lyon\\\/#\\\/schema\\\/person\\\/ae137e79c551ab78ea22fb35759cb9f8\",\"name\":\"communication\",\"image\":{\"@type\":\"ImageObject\",\"inLanguage\":\"fr-FR\",\"@id\":\"https:\\\/\\\/secure.gravatar.com\\\/avatar\\\/0f49d5b7ab56355ffa797b3ce25e4f2375cedf6bc9afe416fe669342c3524275?s=96&d=mm&r=g\",\"url\":\"https:\\\/\\\/secure.gravatar.com\\\/avatar\\\/0f49d5b7ab56355ffa797b3ce25e4f2375cedf6bc9afe416fe669342c3524275?s=96&d=mm&r=g\",\"contentUrl\":\"https:\\\/\\\/secure.gravatar.com\\\/avatar\\\/0f49d5b7ab56355ffa797b3ce25e4f2375cedf6bc9afe416fe669342c3524275?s=96&d=mm&r=g\",\"caption\":\"communication\"},\"url\":\"https:\\\/\\\/www.salon-medecinedouce.com\\\/lyon\\\/author\\\/communication\\\/\"}]}<\/script>\n<!-- \/ Yoast SEO plugin. -->","yoast_head_json":{"title":"Portrait Exposant 2023 - Olivia de Raucourt - Bien-\u00eatre Lyon","description":"Venez rencontrer Olivia de Raucourt lors du salon Bien \u00catre M\u00e9decine Douce Lyon du 24 au 26 mars 2023 ! Rendez-vous \u00e0 Eurexpo !","robots":{"index":"index","follow":"follow","max-snippet":"max-snippet:-1","max-image-preview":"max-image-preview:large","max-video-preview":"max-video-preview:-1"},"canonical":"https:\/\/www.salon-medecinedouce.com\/lyon\/olivia-de-raucourt\/","og_locale":"fr_FR","og_type":"article","og_title":"Portrait Exposant 2023 - Olivia de Raucourt - Bien-\u00eatre Lyon","og_description":"Venez rencontrer Olivia de Raucourt lors du salon Bien \u00catre M\u00e9decine Douce Lyon du 24 au 26 mars 2023 ! Rendez-vous \u00e0 Eurexpo !","og_url":"https:\/\/www.salon-medecinedouce.com\/lyon\/olivia-de-raucourt\/","og_site_name":"Bien-\u00eatre Lyon","article_published_time":"2023-03-07T14:56:08+00:00","article_modified_time":"2023-03-16T14:27:54+00:00","og_image":[{"width":800,"height":800,"url":"https:\/\/www.salon-medecinedouce.com\/lyon\/wp-content\/uploads\/sites\/12\/2023\/03\/Olivia-de-Raucourt.png","type":"image\/png"}],"author":"communication","twitter_card":"summary_large_image","twitter_misc":{"\u00c9crit par":"communication","Dur\u00e9e de lecture estim\u00e9e":"2 minutes"},"schema":{"@context":"https:\/\/schema.org","@graph":[{"@type":"Article","@id":"https:\/\/www.salon-medecinedouce.com\/lyon\/olivia-de-raucourt\/#article","isPartOf":{"@id":"https:\/\/www.salon-medecinedouce.com\/lyon\/olivia-de-raucourt\/"},"author":{"name":"communication","@id":"https:\/\/www.salon-medecinedouce.com\/lyon\/#\/schema\/person\/ae137e79c551ab78ea22fb35759cb9f8"},"headline":"Portrait Exposant 2023 &#8211; Olivia de Raucourt","datePublished":"2023-03-07T14:56:08+00:00","dateModified":"2023-03-16T14:27:54+00:00","mainEntityOfPage":{"@id":"https:\/\/www.salon-medecinedouce.com\/lyon\/olivia-de-raucourt\/"},"wordCount":298,"publisher":{"@id":"https:\/\/www.salon-medecinedouce.com\/lyon\/#organization"},"image":{"@id":"https:\/\/www.salon-medecinedouce.com\/lyon\/olivia-de-raucourt\/#primaryimage"},"thumbnailUrl":"https:\/\/www.salon-medecinedouce.com\/lyon\/wp-content\/uploads\/sites\/12\/2023\/03\/Olivia-de-Raucourt.png","articleSection":["Portraits exposants"],"inLanguage":"fr-FR"},{"@type":"WebPage","@id":"https:\/\/www.salon-medecinedouce.com\/lyon\/olivia-de-raucourt\/","url":"https:\/\/www.salon-medecinedouce.com\/lyon\/olivia-de-raucourt\/","name":"Portrait Exposant 2023 - Olivia de Raucourt - Bien-\u00eatre Lyon","isPartOf":{"@id":"https:\/\/www.salon-medecinedouce.com\/lyon\/#website"},"primaryImageOfPage":{"@id":"https:\/\/www.salon-medecinedouce.com\/lyon\/olivia-de-raucourt\/#primaryimage"},"image":{"@id":"https:\/\/www.salon-medecinedouce.com\/lyon\/olivia-de-raucourt\/#primaryimage"},"thumbnailUrl":"https:\/\/www.salon-medecinedouce.com\/lyon\/wp-content\/uploads\/sites\/12\/2023\/03\/Olivia-de-Raucourt.png","datePublished":"2023-03-07T14:56:08+00:00","dateModified":"2023-03-16T14:27:54+00:00","description":"Venez rencontrer Olivia de Raucourt lors du salon Bien \u00catre M\u00e9decine Douce Lyon du 24 au 26 mars 2023 ! Rendez-vous \u00e0 Eurexpo !","breadcrumb":{"@id":"https:\/\/www.salon-medecinedouce.com\/lyon\/olivia-de-raucourt\/#breadcrumb"},"inLanguage":"fr-FR","potentialAction":[{"@type":"ReadAction","target":["https:\/\/www.salon-medecinedouce.com\/lyon\/olivia-de-raucourt\/"]}]},{"@type":"ImageObject","inLanguage":"fr-FR","@id":"https:\/\/www.salon-medecinedouce.com\/lyon\/olivia-de-raucourt\/#primaryimage","url":"https:\/\/www.salon-medecinedouce.com\/lyon\/wp-content\/uploads\/sites\/12\/2023\/03\/Olivia-de-Raucourt.png","contentUrl":"https:\/\/www.salon-medecinedouce.com\/lyon\/wp-content\/uploads\/sites\/12\/2023\/03\/Olivia-de-Raucourt.png","width":800,"height":800,"caption":"Olivia de Raucourt Avant"},{"@type":"BreadcrumbList","@id":"https:\/\/www.salon-medecinedouce.com\/lyon\/olivia-de-raucourt\/#breadcrumb","itemListElement":[{"@type":"ListItem","position":1,"name":"Accueil","item":"https:\/\/www.salon-medecinedouce.com\/lyon\/"},{"@type":"ListItem","position":2,"name":"Portrait Exposant 2023 &#8211; Olivia de Raucourt"}]},{"@type":"WebSite","@id":"https:\/\/www.salon-medecinedouce.com\/lyon\/#website","url":"https:\/\/www.salon-medecinedouce.com\/lyon\/","name":"Bien-\u00eatre Lyon","description":"La sant\u00e9 au naturel : M\u00e9decines douces - Compl\u00e9ments alimentaires - Alimentation saine - Cosm\u00e9tiques naturelles - Art de vivre - Tourisme de sant\u00e9","publisher":{"@id":"https:\/\/www.salon-medecinedouce.com\/lyon\/#organization"},"potentialAction":[{"@type":"SearchAction","target":{"@type":"EntryPoint","urlTemplate":"https:\/\/www.salon-medecinedouce.com\/lyon\/?s={search_term_string}"},"query-input":{"@type":"PropertyValueSpecification","valueRequired":true,"valueName":"search_term_string"}}],"inLanguage":"fr-FR"},{"@type":"Organization","@id":"https:\/\/www.salon-medecinedouce.com\/lyon\/#organization","name":"Bien-\u00eatre Lyon","url":"https:\/\/www.salon-medecinedouce.com\/lyon\/","logo":{"@type":"ImageObject","inLanguage":"fr-FR","@id":"https:\/\/www.salon-medecinedouce.com\/lyon\/#\/schema\/logo\/image\/","url":"https:\/\/www.salon-medecinedouce.com\/lyon\/wp-content\/uploads\/sites\/12\/2024\/05\/cropped-logo-orange-bemd.png","contentUrl":"https:\/\/www.salon-medecinedouce.com\/lyon\/wp-content\/uploads\/sites\/12\/2024\/05\/cropped-logo-orange-bemd.png","width":591,"height":591,"caption":"Bien-\u00eatre Lyon"},"image":{"@id":"https:\/\/www.salon-medecinedouce.com\/lyon\/#\/schema\/logo\/image\/"}},{"@type":"Person","@id":"https:\/\/www.salon-medecinedouce.com\/lyon\/#\/schema\/person\/ae137e79c551ab78ea22fb35759cb9f8","name":"communication","image":{"@type":"ImageObject","inLanguage":"fr-FR","@id":"https:\/\/secure.gravatar.com\/avatar\/0f49d5b7ab56355ffa797b3ce25e4f2375cedf6bc9afe416fe669342c3524275?s=96&d=mm&r=g","url":"https:\/\/secure.gravatar.com\/avatar\/0f49d5b7ab56355ffa797b3ce25e4f2375cedf6bc9afe416fe669342c3524275?s=96&d=mm&r=g","contentUrl":"https:\/\/secure.gravatar.com\/avatar\/0f49d5b7ab56355ffa797b3ce25e4f2375cedf6bc9afe416fe669342c3524275?s=96&d=mm&r=g","caption":"communication"},"url":"https:\/\/www.salon-medecinedouce.com\/lyon\/author\/communication\/"}]}},"rttpg_featured_image_url":{"full":["https:\/\/www.salon-medecinedouce.com\/lyon\/wp-content\/uploads\/sites\/12\/2023\/03\/Olivia-de-Raucourt.png",800,800,false],"landscape":["https:\/\/www.salon-medecinedouce.com\/lyon\/wp-content\/uploads\/sites\/12\/2023\/03\/Olivia-de-Raucourt.png",800,800,false],"portraits":["https:\/\/www.salon-medecinedouce.com\/lyon\/wp-content\/uploads\/sites\/12\/2023\/03\/Olivia-de-Raucourt.png",800,800,false],"thumbnail":["https:\/\/www.salon-medecinedouce.com\/lyon\/wp-content\/uploads\/sites\/12\/2023\/03\/Olivia-de-Raucourt-150x150.png",150,150,true],"medium":["https:\/\/www.salon-medecinedouce.com\/lyon\/wp-content\/uploads\/sites\/12\/2023\/03\/Olivia-de-Raucourt-300x300.png",300,300,true],"large":["https:\/\/www.salon-medecinedouce.com\/lyon\/wp-content\/uploads\/sites\/12\/2023\/03\/Olivia-de-Raucourt.png",790,790,false],"1536x1536":["https:\/\/www.salon-medecinedouce.com\/lyon\/wp-content\/uploads\/sites\/12\/2023\/03\/Olivia-de-Raucourt.png",800,800,false],"2048x2048":["https:\/\/www.salon-medecinedouce.com\/lyon\/wp-content\/uploads\/sites\/12\/2023\/03\/Olivia-de-Raucourt.png",800,800,false],"gg_gallery_thumbnail":["https:\/\/www.salon-medecinedouce.com\/lyon\/wp-content\/uploads\/sites\/12\/2023\/03\/Olivia-de-Raucourt-450x250.png",450,250,true],"rpwe-thumbnail":["https:\/\/www.salon-medecinedouce.com\/lyon\/wp-content\/uploads\/sites\/12\/2023\/03\/Olivia-de-Raucourt-45x45.png",45,45,true]},"rttpg_author":{"display_name":"communication","author_link":"https:\/\/www.salon-medecinedouce.com\/lyon\/author\/communication\/"},"rttpg_comment":0,"rttpg_category":"<a href=\"https:\/\/www.salon-medecinedouce.com\/lyon\/category\/portraits-exposants\/\" rel=\"category tag\">Portraits exposants<\/a>","rttpg_excerpt":"Pr\u00e9sentez-vous en quelques mots (votre activit\u00e9, votre histoire, vous ).\u00a0 Olivia de Raucourt propose des soins \u00e9nerg\u00e9tiques et informationnels pour la personne et son espace. Pour elle, la phrase \u00e0 retenir est \u00ab\u00a0Bien \u00eatre chez soi, Bien vivre en Soi\u00a0\u00bb. Elle rep\u00e8re, analyse et ajuste avec vous vos \u00e9nergies, avec des soins impactants positivement votre&hellip;","_links":{"self":[{"href":"https:\/\/www.salon-medecinedouce.com\/lyon\/wp-json\/wp\/v2\/posts\/10978","targetHints":{"allow":["GET"]}}],"collection":[{"href":"https:\/\/www.salon-medecinedouce.com\/lyon\/wp-json\/wp\/v2\/posts"}],"about":[{"href":"https:\/\/www.salon-medecinedouce.com\/lyon\/wp-json\/wp\/v2\/types\/post"}],"author":[{"embeddable":true,"href":"https:\/\/www.salon-medecinedouce.com\/lyon\/wp-json\/wp\/v2\/users\/6"}],"replies":[{"embeddable":true,"href":"https:\/\/www.salon-medecinedouce.com\/lyon\/wp-json\/wp\/v2\/comments?post=10978"}],"version-history":[{"count":4,"href":"https:\/\/www.salon-medecinedouce.com\/lyon\/wp-json\/wp\/v2\/posts\/10978\/revisions"}],"predecessor-version":[{"id":11331,"href":"https:\/\/www.salon-medecinedouce.com\/lyon\/wp-json\/wp\/v2\/posts\/10978\/revisions\/11331"}],"wp:featuredmedia":[{"embeddable":true,"href":"https:\/\/www.salon-medecinedouce.com\/lyon\/wp-json\/wp\/v2\/media\/10979"}],"wp:attachment":[{"href":"https:\/\/www.salon-medecinedouce.com\/lyon\/wp-json\/wp\/v2\/media?parent=10978"}],"wp:term":[{"taxonomy":"category","embeddable":true,"href":"https:\/\/www.salon-medecinedouce.com\/lyon\/wp-json\/wp\/v2\/categories?post=10978"},{"taxonomy":"post_tag","embeddable":true,"href":"https:\/\/www.salon-medecinedouce.com\/lyon\/wp-json\/wp\/v2\/tags?post=10978"}],"curies":[{"name":"wp","href":"https:\/\/api.w.org\/{rel}","templated":true}]}}