{"id":10968,"date":"2023-03-06T16:47:03","date_gmt":"2023-03-06T15:47:03","guid":{"rendered":"https:\/\/www.salon-medecinedouce.com\/lyon\/?p=10968"},"modified":"2023-03-16T15:23:06","modified_gmt":"2023-03-16T14:23:06","slug":"ecole-du-stress","status":"publish","type":"post","link":"https:\/\/www.salon-medecinedouce.com\/lyon\/ecole-du-stress\/","title":{"rendered":"Portrait Exposant 2023 &#8211; \u00c9cole du stress"},"content":{"rendered":"<h2><strong><span style=\"font-size: 18pt;\">Pr\u00e9sentez-vous en quelques mots (votre activit\u00e9, votre histoire, vous ).\u00a0<\/span><\/strong><\/h2>\n<p>L&rsquo;\u00c9cole du stress est un <strong><a href=\"https:\/\/www.ecoledustress.com\/\" target=\"_blank\" rel=\"noopener\">organisme de formation<\/a> <\/strong>qui forme des personnes au m\u00e9tier de relaxologue professionnel, sp\u00e9cialis\u00e9 en gestion du stress. Nous existons depuis 2010 et nous nous situons sur :<\/p>\n<ul>\n<li>Paris,<\/li>\n<li>Nantes,<\/li>\n<li>Lyon.<\/li>\n<\/ul>\n<p>Notre label Qualiopi est une r\u00e9f\u00e9rence en termes de qualit\u00e9 d\u2019organisme de formation.<\/p>\n<h2><span style=\"font-size: 18pt; font-weight: bold;\">Que proposez-vous sur le salon ? Produits phares ? Des remises sur le stand ? Des Nouveaut\u00e9s ? Ateliers ou conf\u00e9rences ?<\/span><\/h2>\n<p>Notre formation \u00e0 l&rsquo;\u00c9cole du stress dure moins d\u2019un an. Le rythme s&rsquo;adapte \u00e0 vos disponibilit\u00e9s personnelles et professionnelles. Notre m\u00e9thode existe depuis 1974, nos techniques sont diversifi\u00e9es et compl\u00e9mentaires. Vous pouvez pratiquer en groupe et en individuel, que ce soit en entreprise, en h\u00f4pital, ou dans des activit\u00e9s culturelles ou de loisirs.<\/p>\n<p><a href=\"https:\/\/www.salon-medecinedouce.com\/lyon\/ecole-du-stress\/1676373508-file1-flyerrecto2023\/\" rel=\"attachment wp-att-10970\"><img fetchpriority=\"high\" decoding=\"async\" class=\"wp-image-10970 size-full aligncenter\" src=\"https:\/\/www.salon-medecinedouce.com\/lyon\/wp-content\/uploads\/sites\/12\/2023\/03\/1676373508-file1-FlyerRecto2023.jpeg\" alt=\"\u00c9cole du stress Flyer\" width=\"1240\" height=\"1565\" srcset=\"https:\/\/www.salon-medecinedouce.com\/lyon\/wp-content\/uploads\/sites\/12\/2023\/03\/1676373508-file1-FlyerRecto2023.jpeg 1240w, https:\/\/www.salon-medecinedouce.com\/lyon\/wp-content\/uploads\/sites\/12\/2023\/03\/1676373508-file1-FlyerRecto2023-238x300.jpeg 238w, https:\/\/www.salon-medecinedouce.com\/lyon\/wp-content\/uploads\/sites\/12\/2023\/03\/1676373508-file1-FlyerRecto2023-811x1024.jpeg 811w, https:\/\/www.salon-medecinedouce.com\/lyon\/wp-content\/uploads\/sites\/12\/2023\/03\/1676373508-file1-FlyerRecto2023-768x969.jpeg 768w, https:\/\/www.salon-medecinedouce.com\/lyon\/wp-content\/uploads\/sites\/12\/2023\/03\/1676373508-file1-FlyerRecto2023-1217x1536.jpeg 1217w, https:\/\/www.salon-medecinedouce.com\/lyon\/wp-content\/uploads\/sites\/12\/2023\/03\/1676373508-file1-FlyerRecto2023-150x189.jpeg 150w, https:\/\/www.salon-medecinedouce.com\/lyon\/wp-content\/uploads\/sites\/12\/2023\/03\/1676373508-file1-FlyerRecto2023-396x500.jpeg 396w\" sizes=\"(max-width: 1240px) 100vw, 1240px\" \/><\/a><\/p>\n<h2><strong><span style=\"font-size: 18pt;\">Parlez-nous du salon Bien-\u00catre M\u00e9decine Douce et de votre relation avec ce salon\u00a0<\/span><\/strong><\/h2>\n<p>Notre premi\u00e8re parution sur le salon BEMD doit dater d\u2019il y a 20 ans, nous \u00e9tions alors une autre association.<\/p>\n<h2><span style=\"font-size: 18pt;\"><strong>Un conseil ou astuce pour aider \u00e0 se sentir bien au quotidien ?<\/strong><\/span><\/h2>\n<p>Il faut que vous r\u00e9apprenez \u00e0 vous \u00e9couter pour se sentir bien au quotidien !<\/p>\n<h2><span style=\"font-size: 18pt;\"><strong>Selon vous quelle serait la d\u00e9finition du bien-\u00eatre ?<\/strong><\/span><\/h2>\n<p>Bonne question, le bien-\u00eatre pourrait \u00eatre qualifi\u00e9 d\u2019un \u00e9quilibre entre la personne et son environnement, et entre les diff\u00e9rents plans de l\u2019individu : intellectuel, \u00e9motionnel, corporels et autres<\/p>\n<p><a href=\"https:\/\/www.salon-medecinedouce.com\/lyon\/visiter\/liste-des-exposants\/\" target=\"_blank\" rel=\"noopener\">D\u00e9couvrez la liste des exposants du salon Bien-\u00catre M\u00e9decine Douce Lyon<\/a><\/p>\n<div class=\"salon-pubs-hp-bas-de-page salon-entity-placement\" id=\"salon-3633776671\"><div id=\"salon-520009045\"><a data-no-instant=\"1\" href=\"https:\/\/www.naia-kaolin-delphine.fr\/\" rel=\"noopener\" class=\"a2t-link\" target=\"_blank\"><p><a href=\"https:\/\/www.naia-kaolin-delphine.fr\/\"><img decoding=\"async\" class=\"wp-image-15074 size-full aligncenter\" src=\"https:\/\/www.salon-medecinedouce.com\/lyon\/wp-content\/uploads\/sites\/12\/2026\/01\/Naia-Kaolin-salon-LYON-2026.png\" alt=\"\" width=\"728\" height=\"90\" srcset=\"https:\/\/www.salon-medecinedouce.com\/lyon\/wp-content\/uploads\/sites\/12\/2026\/01\/Naia-Kaolin-salon-LYON-2026.png 728w, https:\/\/www.salon-medecinedouce.com\/lyon\/wp-content\/uploads\/sites\/12\/2026\/01\/Naia-Kaolin-salon-LYON-2026-300x37.png 300w, https:\/\/www.salon-medecinedouce.com\/lyon\/wp-content\/uploads\/sites\/12\/2026\/01\/Naia-Kaolin-salon-LYON-2026-150x19.png 150w, https:\/\/www.salon-medecinedouce.com\/lyon\/wp-content\/uploads\/sites\/12\/2026\/01\/Naia-Kaolin-salon-LYON-2026-500x62.png 500w\" sizes=\"(max-width: 728px) 100vw, 728px\" \/><\/a><\/p>\n<\/a><\/div><\/div>","protected":false},"excerpt":{"rendered":"<p>Pr\u00e9sentez-vous en quelques mots (votre activit\u00e9, votre histoire, vous ).\u00a0 L&rsquo;\u00c9cole du stress est un organisme de formation qui forme des personnes au m\u00e9tier de relaxologue professionnel, sp\u00e9cialis\u00e9 en gestion du stress. Nous existons depuis 2010 et nous nous situons sur : Paris, Nantes, Lyon. Notre label Qualiopi est une r\u00e9f\u00e9rence en termes de qualit\u00e9&hellip; <\/p>\n","protected":false},"author":6,"featured_media":10969,"comment_status":"closed","ping_status":"closed","sticky":false,"template":"","format":"standard","meta":{"_monsterinsights_skip_tracking":false,"_monsterinsights_sitenote_active":false,"_monsterinsights_sitenote_note":"","_monsterinsights_sitenote_category":0,"footnotes":""},"categories":[384],"tags":[],"class_list":["post-10968","post","type-post","status-publish","format-standard","has-post-thumbnail","hentry","category-portraits-exposants"],"yoast_head":"<!-- This site is optimized with the Yoast SEO plugin v27.3 - https:\/\/yoast.com\/product\/yoast-seo-wordpress\/ -->\n<title>Portrait Exposant 2023 - \u00c9cole du stress - Bien-\u00eatre Lyon<\/title>\n<meta name=\"description\" content=\"Venez rencontrer \u00c9cole du stress lors du salon Bien \u00catre M\u00e9decine Douce Lyon du 24 au 26 mars 2023 ! Rendez-vous \u00e0 Eurexpo !\" \/>\n<meta name=\"robots\" content=\"index, follow, max-snippet:-1, max-image-preview:large, max-video-preview:-1\" \/>\n<link rel=\"canonical\" href=\"https:\/\/www.salon-medecinedouce.com\/lyon\/ecole-du-stress\/\" \/>\n<meta property=\"og:locale\" content=\"fr_FR\" \/>\n<meta property=\"og:type\" content=\"article\" \/>\n<meta property=\"og:title\" content=\"Portrait Exposant 2023 - \u00c9cole du stress - Bien-\u00eatre Lyon\" \/>\n<meta property=\"og:description\" content=\"Venez rencontrer \u00c9cole du stress lors du salon Bien \u00catre M\u00e9decine Douce Lyon du 24 au 26 mars 2023 ! Rendez-vous \u00e0 Eurexpo !\" \/>\n<meta property=\"og:url\" content=\"https:\/\/www.salon-medecinedouce.com\/lyon\/ecole-du-stress\/\" \/>\n<meta property=\"og:site_name\" content=\"Bien-\u00eatre Lyon\" \/>\n<meta property=\"article:published_time\" content=\"2023-03-06T15:47:03+00:00\" \/>\n<meta property=\"article:modified_time\" content=\"2023-03-16T14:23:06+00:00\" \/>\n<meta property=\"og:image\" content=\"https:\/\/www.salon-medecinedouce.com\/lyon\/wp-content\/uploads\/sites\/12\/2023\/03\/Ecole-du-stress.png\" \/>\n\t<meta property=\"og:image:width\" content=\"800\" \/>\n\t<meta property=\"og:image:height\" content=\"800\" \/>\n\t<meta property=\"og:image:type\" content=\"image\/png\" \/>\n<meta name=\"author\" content=\"communication\" \/>\n<meta name=\"twitter:card\" content=\"summary_large_image\" \/>\n<meta name=\"twitter:label1\" content=\"\u00c9crit par\" \/>\n\t<meta name=\"twitter:data1\" content=\"communication\" \/>\n\t<meta name=\"twitter:label2\" content=\"Dur\u00e9e de lecture estim\u00e9e\" \/>\n\t<meta name=\"twitter:data2\" content=\"2 minutes\" \/>\n<script type=\"application\/ld+json\" class=\"yoast-schema-graph\">{\"@context\":\"https:\\\/\\\/schema.org\",\"@graph\":[{\"@type\":\"Article\",\"@id\":\"https:\\\/\\\/www.salon-medecinedouce.com\\\/lyon\\\/ecole-du-stress\\\/#article\",\"isPartOf\":{\"@id\":\"https:\\\/\\\/www.salon-medecinedouce.com\\\/lyon\\\/ecole-du-stress\\\/\"},\"author\":{\"name\":\"communication\",\"@id\":\"https:\\\/\\\/www.salon-medecinedouce.com\\\/lyon\\\/#\\\/schema\\\/person\\\/ae137e79c551ab78ea22fb35759cb9f8\"},\"headline\":\"Portrait Exposant 2023 &#8211; \u00c9cole du stress\",\"datePublished\":\"2023-03-06T15:47:03+00:00\",\"dateModified\":\"2023-03-16T14:23:06+00:00\",\"mainEntityOfPage\":{\"@id\":\"https:\\\/\\\/www.salon-medecinedouce.com\\\/lyon\\\/ecole-du-stress\\\/\"},\"wordCount\":261,\"publisher\":{\"@id\":\"https:\\\/\\\/www.salon-medecinedouce.com\\\/lyon\\\/#organization\"},\"image\":{\"@id\":\"https:\\\/\\\/www.salon-medecinedouce.com\\\/lyon\\\/ecole-du-stress\\\/#primaryimage\"},\"thumbnailUrl\":\"https:\\\/\\\/www.salon-medecinedouce.com\\\/lyon\\\/wp-content\\\/uploads\\\/sites\\\/12\\\/2023\\\/03\\\/Ecole-du-stress.png\",\"articleSection\":[\"Portraits exposants\"],\"inLanguage\":\"fr-FR\"},{\"@type\":\"WebPage\",\"@id\":\"https:\\\/\\\/www.salon-medecinedouce.com\\\/lyon\\\/ecole-du-stress\\\/\",\"url\":\"https:\\\/\\\/www.salon-medecinedouce.com\\\/lyon\\\/ecole-du-stress\\\/\",\"name\":\"Portrait Exposant 2023 - \u00c9cole du stress - Bien-\u00eatre Lyon\",\"isPartOf\":{\"@id\":\"https:\\\/\\\/www.salon-medecinedouce.com\\\/lyon\\\/#website\"},\"primaryImageOfPage\":{\"@id\":\"https:\\\/\\\/www.salon-medecinedouce.com\\\/lyon\\\/ecole-du-stress\\\/#primaryimage\"},\"image\":{\"@id\":\"https:\\\/\\\/www.salon-medecinedouce.com\\\/lyon\\\/ecole-du-stress\\\/#primaryimage\"},\"thumbnailUrl\":\"https:\\\/\\\/www.salon-medecinedouce.com\\\/lyon\\\/wp-content\\\/uploads\\\/sites\\\/12\\\/2023\\\/03\\\/Ecole-du-stress.png\",\"datePublished\":\"2023-03-06T15:47:03+00:00\",\"dateModified\":\"2023-03-16T14:23:06+00:00\",\"description\":\"Venez rencontrer \u00c9cole du stress lors du salon Bien \u00catre M\u00e9decine Douce Lyon du 24 au 26 mars 2023 ! Rendez-vous \u00e0 Eurexpo !\",\"breadcrumb\":{\"@id\":\"https:\\\/\\\/www.salon-medecinedouce.com\\\/lyon\\\/ecole-du-stress\\\/#breadcrumb\"},\"inLanguage\":\"fr-FR\",\"potentialAction\":[{\"@type\":\"ReadAction\",\"target\":[\"https:\\\/\\\/www.salon-medecinedouce.com\\\/lyon\\\/ecole-du-stress\\\/\"]}]},{\"@type\":\"ImageObject\",\"inLanguage\":\"fr-FR\",\"@id\":\"https:\\\/\\\/www.salon-medecinedouce.com\\\/lyon\\\/ecole-du-stress\\\/#primaryimage\",\"url\":\"https:\\\/\\\/www.salon-medecinedouce.com\\\/lyon\\\/wp-content\\\/uploads\\\/sites\\\/12\\\/2023\\\/03\\\/Ecole-du-stress.png\",\"contentUrl\":\"https:\\\/\\\/www.salon-medecinedouce.com\\\/lyon\\\/wp-content\\\/uploads\\\/sites\\\/12\\\/2023\\\/03\\\/Ecole-du-stress.png\",\"width\":800,\"height\":800,\"caption\":\"\u00c9cole du stress Avant\"},{\"@type\":\"BreadcrumbList\",\"@id\":\"https:\\\/\\\/www.salon-medecinedouce.com\\\/lyon\\\/ecole-du-stress\\\/#breadcrumb\",\"itemListElement\":[{\"@type\":\"ListItem\",\"position\":1,\"name\":\"Accueil\",\"item\":\"https:\\\/\\\/www.salon-medecinedouce.com\\\/lyon\\\/\"},{\"@type\":\"ListItem\",\"position\":2,\"name\":\"Portrait Exposant 2023 &#8211; \u00c9cole du stress\"}]},{\"@type\":\"WebSite\",\"@id\":\"https:\\\/\\\/www.salon-medecinedouce.com\\\/lyon\\\/#website\",\"url\":\"https:\\\/\\\/www.salon-medecinedouce.com\\\/lyon\\\/\",\"name\":\"Bien-\u00eatre Lyon\",\"description\":\"La sant\u00e9 au naturel : M\u00e9decines douces - Compl\u00e9ments alimentaires - Alimentation saine - Cosm\u00e9tiques naturelles - Art de vivre - Tourisme de sant\u00e9\",\"publisher\":{\"@id\":\"https:\\\/\\\/www.salon-medecinedouce.com\\\/lyon\\\/#organization\"},\"potentialAction\":[{\"@type\":\"SearchAction\",\"target\":{\"@type\":\"EntryPoint\",\"urlTemplate\":\"https:\\\/\\\/www.salon-medecinedouce.com\\\/lyon\\\/?s={search_term_string}\"},\"query-input\":{\"@type\":\"PropertyValueSpecification\",\"valueRequired\":true,\"valueName\":\"search_term_string\"}}],\"inLanguage\":\"fr-FR\"},{\"@type\":\"Organization\",\"@id\":\"https:\\\/\\\/www.salon-medecinedouce.com\\\/lyon\\\/#organization\",\"name\":\"Bien-\u00eatre Lyon\",\"url\":\"https:\\\/\\\/www.salon-medecinedouce.com\\\/lyon\\\/\",\"logo\":{\"@type\":\"ImageObject\",\"inLanguage\":\"fr-FR\",\"@id\":\"https:\\\/\\\/www.salon-medecinedouce.com\\\/lyon\\\/#\\\/schema\\\/logo\\\/image\\\/\",\"url\":\"https:\\\/\\\/www.salon-medecinedouce.com\\\/lyon\\\/wp-content\\\/uploads\\\/sites\\\/12\\\/2024\\\/05\\\/cropped-logo-orange-bemd.png\",\"contentUrl\":\"https:\\\/\\\/www.salon-medecinedouce.com\\\/lyon\\\/wp-content\\\/uploads\\\/sites\\\/12\\\/2024\\\/05\\\/cropped-logo-orange-bemd.png\",\"width\":591,\"height\":591,\"caption\":\"Bien-\u00eatre Lyon\"},\"image\":{\"@id\":\"https:\\\/\\\/www.salon-medecinedouce.com\\\/lyon\\\/#\\\/schema\\\/logo\\\/image\\\/\"}},{\"@type\":\"Person\",\"@id\":\"https:\\\/\\\/www.salon-medecinedouce.com\\\/lyon\\\/#\\\/schema\\\/person\\\/ae137e79c551ab78ea22fb35759cb9f8\",\"name\":\"communication\",\"image\":{\"@type\":\"ImageObject\",\"inLanguage\":\"fr-FR\",\"@id\":\"https:\\\/\\\/secure.gravatar.com\\\/avatar\\\/0f49d5b7ab56355ffa797b3ce25e4f2375cedf6bc9afe416fe669342c3524275?s=96&d=mm&r=g\",\"url\":\"https:\\\/\\\/secure.gravatar.com\\\/avatar\\\/0f49d5b7ab56355ffa797b3ce25e4f2375cedf6bc9afe416fe669342c3524275?s=96&d=mm&r=g\",\"contentUrl\":\"https:\\\/\\\/secure.gravatar.com\\\/avatar\\\/0f49d5b7ab56355ffa797b3ce25e4f2375cedf6bc9afe416fe669342c3524275?s=96&d=mm&r=g\",\"caption\":\"communication\"},\"url\":\"https:\\\/\\\/www.salon-medecinedouce.com\\\/lyon\\\/author\\\/communication\\\/\"}]}<\/script>\n<!-- \/ Yoast SEO plugin. -->","yoast_head_json":{"title":"Portrait Exposant 2023 - \u00c9cole du stress - Bien-\u00eatre Lyon","description":"Venez rencontrer \u00c9cole du stress lors du salon Bien \u00catre M\u00e9decine Douce Lyon du 24 au 26 mars 2023 ! Rendez-vous \u00e0 Eurexpo !","robots":{"index":"index","follow":"follow","max-snippet":"max-snippet:-1","max-image-preview":"max-image-preview:large","max-video-preview":"max-video-preview:-1"},"canonical":"https:\/\/www.salon-medecinedouce.com\/lyon\/ecole-du-stress\/","og_locale":"fr_FR","og_type":"article","og_title":"Portrait Exposant 2023 - \u00c9cole du stress - Bien-\u00eatre Lyon","og_description":"Venez rencontrer \u00c9cole du stress lors du salon Bien \u00catre M\u00e9decine Douce Lyon du 24 au 26 mars 2023 ! Rendez-vous \u00e0 Eurexpo !","og_url":"https:\/\/www.salon-medecinedouce.com\/lyon\/ecole-du-stress\/","og_site_name":"Bien-\u00eatre Lyon","article_published_time":"2023-03-06T15:47:03+00:00","article_modified_time":"2023-03-16T14:23:06+00:00","og_image":[{"width":800,"height":800,"url":"https:\/\/www.salon-medecinedouce.com\/lyon\/wp-content\/uploads\/sites\/12\/2023\/03\/Ecole-du-stress.png","type":"image\/png"}],"author":"communication","twitter_card":"summary_large_image","twitter_misc":{"\u00c9crit par":"communication","Dur\u00e9e de lecture estim\u00e9e":"2 minutes"},"schema":{"@context":"https:\/\/schema.org","@graph":[{"@type":"Article","@id":"https:\/\/www.salon-medecinedouce.com\/lyon\/ecole-du-stress\/#article","isPartOf":{"@id":"https:\/\/www.salon-medecinedouce.com\/lyon\/ecole-du-stress\/"},"author":{"name":"communication","@id":"https:\/\/www.salon-medecinedouce.com\/lyon\/#\/schema\/person\/ae137e79c551ab78ea22fb35759cb9f8"},"headline":"Portrait Exposant 2023 &#8211; \u00c9cole du stress","datePublished":"2023-03-06T15:47:03+00:00","dateModified":"2023-03-16T14:23:06+00:00","mainEntityOfPage":{"@id":"https:\/\/www.salon-medecinedouce.com\/lyon\/ecole-du-stress\/"},"wordCount":261,"publisher":{"@id":"https:\/\/www.salon-medecinedouce.com\/lyon\/#organization"},"image":{"@id":"https:\/\/www.salon-medecinedouce.com\/lyon\/ecole-du-stress\/#primaryimage"},"thumbnailUrl":"https:\/\/www.salon-medecinedouce.com\/lyon\/wp-content\/uploads\/sites\/12\/2023\/03\/Ecole-du-stress.png","articleSection":["Portraits exposants"],"inLanguage":"fr-FR"},{"@type":"WebPage","@id":"https:\/\/www.salon-medecinedouce.com\/lyon\/ecole-du-stress\/","url":"https:\/\/www.salon-medecinedouce.com\/lyon\/ecole-du-stress\/","name":"Portrait Exposant 2023 - \u00c9cole du stress - Bien-\u00eatre Lyon","isPartOf":{"@id":"https:\/\/www.salon-medecinedouce.com\/lyon\/#website"},"primaryImageOfPage":{"@id":"https:\/\/www.salon-medecinedouce.com\/lyon\/ecole-du-stress\/#primaryimage"},"image":{"@id":"https:\/\/www.salon-medecinedouce.com\/lyon\/ecole-du-stress\/#primaryimage"},"thumbnailUrl":"https:\/\/www.salon-medecinedouce.com\/lyon\/wp-content\/uploads\/sites\/12\/2023\/03\/Ecole-du-stress.png","datePublished":"2023-03-06T15:47:03+00:00","dateModified":"2023-03-16T14:23:06+00:00","description":"Venez rencontrer \u00c9cole du stress lors du salon Bien \u00catre M\u00e9decine Douce Lyon du 24 au 26 mars 2023 ! Rendez-vous \u00e0 Eurexpo !","breadcrumb":{"@id":"https:\/\/www.salon-medecinedouce.com\/lyon\/ecole-du-stress\/#breadcrumb"},"inLanguage":"fr-FR","potentialAction":[{"@type":"ReadAction","target":["https:\/\/www.salon-medecinedouce.com\/lyon\/ecole-du-stress\/"]}]},{"@type":"ImageObject","inLanguage":"fr-FR","@id":"https:\/\/www.salon-medecinedouce.com\/lyon\/ecole-du-stress\/#primaryimage","url":"https:\/\/www.salon-medecinedouce.com\/lyon\/wp-content\/uploads\/sites\/12\/2023\/03\/Ecole-du-stress.png","contentUrl":"https:\/\/www.salon-medecinedouce.com\/lyon\/wp-content\/uploads\/sites\/12\/2023\/03\/Ecole-du-stress.png","width":800,"height":800,"caption":"\u00c9cole du stress Avant"},{"@type":"BreadcrumbList","@id":"https:\/\/www.salon-medecinedouce.com\/lyon\/ecole-du-stress\/#breadcrumb","itemListElement":[{"@type":"ListItem","position":1,"name":"Accueil","item":"https:\/\/www.salon-medecinedouce.com\/lyon\/"},{"@type":"ListItem","position":2,"name":"Portrait Exposant 2023 &#8211; \u00c9cole du stress"}]},{"@type":"WebSite","@id":"https:\/\/www.salon-medecinedouce.com\/lyon\/#website","url":"https:\/\/www.salon-medecinedouce.com\/lyon\/","name":"Bien-\u00eatre Lyon","description":"La sant\u00e9 au naturel : M\u00e9decines douces - Compl\u00e9ments alimentaires - Alimentation saine - Cosm\u00e9tiques naturelles - Art de vivre - Tourisme de sant\u00e9","publisher":{"@id":"https:\/\/www.salon-medecinedouce.com\/lyon\/#organization"},"potentialAction":[{"@type":"SearchAction","target":{"@type":"EntryPoint","urlTemplate":"https:\/\/www.salon-medecinedouce.com\/lyon\/?s={search_term_string}"},"query-input":{"@type":"PropertyValueSpecification","valueRequired":true,"valueName":"search_term_string"}}],"inLanguage":"fr-FR"},{"@type":"Organization","@id":"https:\/\/www.salon-medecinedouce.com\/lyon\/#organization","name":"Bien-\u00eatre Lyon","url":"https:\/\/www.salon-medecinedouce.com\/lyon\/","logo":{"@type":"ImageObject","inLanguage":"fr-FR","@id":"https:\/\/www.salon-medecinedouce.com\/lyon\/#\/schema\/logo\/image\/","url":"https:\/\/www.salon-medecinedouce.com\/lyon\/wp-content\/uploads\/sites\/12\/2024\/05\/cropped-logo-orange-bemd.png","contentUrl":"https:\/\/www.salon-medecinedouce.com\/lyon\/wp-content\/uploads\/sites\/12\/2024\/05\/cropped-logo-orange-bemd.png","width":591,"height":591,"caption":"Bien-\u00eatre Lyon"},"image":{"@id":"https:\/\/www.salon-medecinedouce.com\/lyon\/#\/schema\/logo\/image\/"}},{"@type":"Person","@id":"https:\/\/www.salon-medecinedouce.com\/lyon\/#\/schema\/person\/ae137e79c551ab78ea22fb35759cb9f8","name":"communication","image":{"@type":"ImageObject","inLanguage":"fr-FR","@id":"https:\/\/secure.gravatar.com\/avatar\/0f49d5b7ab56355ffa797b3ce25e4f2375cedf6bc9afe416fe669342c3524275?s=96&d=mm&r=g","url":"https:\/\/secure.gravatar.com\/avatar\/0f49d5b7ab56355ffa797b3ce25e4f2375cedf6bc9afe416fe669342c3524275?s=96&d=mm&r=g","contentUrl":"https:\/\/secure.gravatar.com\/avatar\/0f49d5b7ab56355ffa797b3ce25e4f2375cedf6bc9afe416fe669342c3524275?s=96&d=mm&r=g","caption":"communication"},"url":"https:\/\/www.salon-medecinedouce.com\/lyon\/author\/communication\/"}]}},"rttpg_featured_image_url":{"full":["https:\/\/www.salon-medecinedouce.com\/lyon\/wp-content\/uploads\/sites\/12\/2023\/03\/Ecole-du-stress.png",800,800,false],"landscape":["https:\/\/www.salon-medecinedouce.com\/lyon\/wp-content\/uploads\/sites\/12\/2023\/03\/Ecole-du-stress.png",800,800,false],"portraits":["https:\/\/www.salon-medecinedouce.com\/lyon\/wp-content\/uploads\/sites\/12\/2023\/03\/Ecole-du-stress.png",800,800,false],"thumbnail":["https:\/\/www.salon-medecinedouce.com\/lyon\/wp-content\/uploads\/sites\/12\/2023\/03\/Ecole-du-stress-150x150.png",150,150,true],"medium":["https:\/\/www.salon-medecinedouce.com\/lyon\/wp-content\/uploads\/sites\/12\/2023\/03\/Ecole-du-stress-300x300.png",300,300,true],"large":["https:\/\/www.salon-medecinedouce.com\/lyon\/wp-content\/uploads\/sites\/12\/2023\/03\/Ecole-du-stress.png",790,790,false],"1536x1536":["https:\/\/www.salon-medecinedouce.com\/lyon\/wp-content\/uploads\/sites\/12\/2023\/03\/Ecole-du-stress.png",800,800,false],"2048x2048":["https:\/\/www.salon-medecinedouce.com\/lyon\/wp-content\/uploads\/sites\/12\/2023\/03\/Ecole-du-stress.png",800,800,false],"gg_gallery_thumbnail":["https:\/\/www.salon-medecinedouce.com\/lyon\/wp-content\/uploads\/sites\/12\/2023\/03\/Ecole-du-stress-450x250.png",450,250,true],"rpwe-thumbnail":["https:\/\/www.salon-medecinedouce.com\/lyon\/wp-content\/uploads\/sites\/12\/2023\/03\/Ecole-du-stress-45x45.png",45,45,true]},"rttpg_author":{"display_name":"communication","author_link":"https:\/\/www.salon-medecinedouce.com\/lyon\/author\/communication\/"},"rttpg_comment":0,"rttpg_category":"<a href=\"https:\/\/www.salon-medecinedouce.com\/lyon\/category\/portraits-exposants\/\" rel=\"category tag\">Portraits exposants<\/a>","rttpg_excerpt":"Pr\u00e9sentez-vous en quelques mots (votre activit\u00e9, votre histoire, vous ).\u00a0 L&rsquo;\u00c9cole du stress est un organisme de formation qui forme des personnes au m\u00e9tier de relaxologue professionnel, sp\u00e9cialis\u00e9 en gestion du stress. Nous existons depuis 2010 et nous nous situons sur : Paris, Nantes, Lyon. Notre label Qualiopi est une r\u00e9f\u00e9rence en termes de qualit\u00e9&hellip;","_links":{"self":[{"href":"https:\/\/www.salon-medecinedouce.com\/lyon\/wp-json\/wp\/v2\/posts\/10968","targetHints":{"allow":["GET"]}}],"collection":[{"href":"https:\/\/www.salon-medecinedouce.com\/lyon\/wp-json\/wp\/v2\/posts"}],"about":[{"href":"https:\/\/www.salon-medecinedouce.com\/lyon\/wp-json\/wp\/v2\/types\/post"}],"author":[{"embeddable":true,"href":"https:\/\/www.salon-medecinedouce.com\/lyon\/wp-json\/wp\/v2\/users\/6"}],"replies":[{"embeddable":true,"href":"https:\/\/www.salon-medecinedouce.com\/lyon\/wp-json\/wp\/v2\/comments?post=10968"}],"version-history":[{"count":3,"href":"https:\/\/www.salon-medecinedouce.com\/lyon\/wp-json\/wp\/v2\/posts\/10968\/revisions"}],"predecessor-version":[{"id":11328,"href":"https:\/\/www.salon-medecinedouce.com\/lyon\/wp-json\/wp\/v2\/posts\/10968\/revisions\/11328"}],"wp:featuredmedia":[{"embeddable":true,"href":"https:\/\/www.salon-medecinedouce.com\/lyon\/wp-json\/wp\/v2\/media\/10969"}],"wp:attachment":[{"href":"https:\/\/www.salon-medecinedouce.com\/lyon\/wp-json\/wp\/v2\/media?parent=10968"}],"wp:term":[{"taxonomy":"category","embeddable":true,"href":"https:\/\/www.salon-medecinedouce.com\/lyon\/wp-json\/wp\/v2\/categories?post=10968"},{"taxonomy":"post_tag","embeddable":true,"href":"https:\/\/www.salon-medecinedouce.com\/lyon\/wp-json\/wp\/v2\/tags?post=10968"}],"curies":[{"name":"wp","href":"https:\/\/api.w.org\/{rel}","templated":true}]}}